{"id":3477,"date":"2019-05-15T14:36:01","date_gmt":"2019-05-15T12:36:01","guid":{"rendered":"https:\/\/geniwal.be\/?p=3477"},"modified":"2023-04-09T21:36:09","modified_gmt":"2023-04-09T19:36:09","slug":"le-concile-de-trente-sessions-17-a-25-18-01-1562-04-12-1563","status":"publish","type":"post","link":"https:\/\/geniwal.be\/es\/nos-pistes\/pistes-genealogiques-en-belgique\/archive-en-belgique\/le-concile-de-trente-sessions-17-a-25-18-01-1562-04-12-1563\/","title":{"rendered":"El Consejo de los Treinta Sesiones 17 a 25 (18\/01\/1562 - 04\/12\/1563)"},"content":{"rendered":"<p><span style=\"font-family: arial, helvetica, sans-serif;\">El sucesor de Julio III, el Papa Pablo IV, Gian Pietro Caraffa, nacido en Capriglio el 28 de junio de 1476 y fallecido en Roma el 18 de agosto de 1559, se mostr\u00f3 muy intransigente y el Concilio tuvo que esperar a la llegada de P\u00edo IV, Gian Angelo Medici o Medighino, nacido en Mil\u00e1n el 31 de marzo de 1499 y fallecido en Roma el 9 de diciembre de 1565, para poder reanudarse. La negativa de los protestantes y de los franceses a participar en un Concilio que consideraban demasiado vinculado a Roma retras\u00f3 de nuevo el inicio de las sesiones. Se reanudaron el 18 de enero de 1562 y se centraron en los libros prohibidos, la comuni\u00f3n y el sacrificio de la misa. El Emperador pidi\u00f3 la abolici\u00f3n del celibato sacerdotal y que se permitiera a los laicos sostener el c\u00e1liz, pero estas cuestiones se remitieron al Papa, que por supuesto se opuso. Las sesiones siguientes se alargaron, una nueva t\u00e1ctica de la Iglesia para acallar a la oposici\u00f3n. El aburrimiento y el des\u00e1nimo de los participantes permitieron la f\u00e1cil adopci\u00f3n de decretos sobre el celibato de los sacerdotes, sobre el purgatorio, sobre la adoraci\u00f3n de los santos y el culto de las reliquias, sobre la juventud, etc. El final del Concilio se proclam\u00f3 el 4 de diciembre de 1563, y las decisiones fueron confirmadas por el Papa en enero de 1564.<\/span><\/p>\n<p><span style=\"font-family: arial, helvetica, sans-serif;\">Resumen Los resultados del Concilio no fueron los esperados por el Emperador y los pueblos de Europa. No consigui\u00f3 que los protestantes volvieran al redil de la Iglesia y, por el contrario, la oposici\u00f3n entre las dos religiones se hizo m\u00e1s clara. No obstante, el Concilio tuvo el m\u00e9rito de fijar la doctrina cat\u00f3lica y abolir un buen n\u00famero de abusos. Sus decretos fueron aceptados casi sin reservas en toda Europa.<\/span><\/p>\n<p><img decoding=\"async\" class=\"wp-image-3484 aligncenter lazyload\" data-src=\"https:\/\/geniwal.be\/wp-content\/uploads\/2019\/05\/PAUL-IV-208x300.jpg\" alt=\"\" width=\"208\" height=\"299\" data-srcset=\"https:\/\/geniwal.be\/wp-content\/uploads\/2019\/05\/PAUL-IV-208x300.jpg 208w, https:\/\/geniwal.be\/wp-content\/uploads\/2019\/05\/PAUL-IV.jpg 250w\" data-sizes=\"(max-width: 208px) 100vw, 208px\" src=\"data:image\/svg+xml;base64,PHN2ZyB3aWR0aD0iMSIgaGVpZ2h0PSIxIiB4bWxucz0iaHR0cDovL3d3dy53My5vcmcvMjAwMC9zdmciPjwvc3ZnPg==\" style=\"--smush-placeholder-width: 208px; --smush-placeholder-aspect-ratio: 208\/299;\" \/><img decoding=\"async\" class=\"size-medium wp-image-3493 aligncenter lazyload\" data-src=\"https:\/\/geniwal.be\/wp-content\/uploads\/2019\/05\/img-Pope-Pius-IV-1-275x300.jpg\" alt=\"\" width=\"275\" height=\"300\" data-srcset=\"https:\/\/geniwal.be\/wp-content\/uploads\/2019\/05\/img-Pope-Pius-IV-1-275x300.jpg 275w, https:\/\/geniwal.be\/wp-content\/uploads\/2019\/05\/img-Pope-Pius-IV-1-300x327.jpg 300w, https:\/\/geniwal.be\/wp-content\/uploads\/2019\/05\/img-Pope-Pius-IV-1.jpg 400w\" data-sizes=\"(max-width: 275px) 100vw, 275px\" src=\"data:image\/svg+xml;base64,PHN2ZyB3aWR0aD0iMSIgaGVpZ2h0PSIxIiB4bWxucz0iaHR0cDovL3d3dy53My5vcmcvMjAwMC9zdmciPjwvc3ZnPg==\" style=\"--smush-placeholder-width: 275px; --smush-placeholder-aspect-ratio: 275\/300;\" \/><\/p>\n<p><span style=\"font-family: arial, helvetica, sans-serif; font-size: 8pt;\">\u00a0 \u00a0 \u00a0 \u00a0 \u00a0 Gian Pietro Caraffa (Pablo IV) Gian Angelo Medici o Medighino (P\u00edo IV)<\/span><\/p>\n<p><span style=\"font-family: arial,helvetica,sans-serif; font-size: 10pt;\"><br \/>\n<a href=\"https:\/\/geniwal.be\/wp-admin\/post.php?post=3421&amp;action=edit\"><strong>Volver a la p\u00e1gina : Consejo de los Treinta<\/strong><\/a><\/span><\/p>\n<p>Fuentes iconogr\u00e1ficas :\u00a0<a href=\"https:\/\/www.google.com\/search?rlz=1C1CHBF_frBE844BE844&amp;q=Images+Gian+Pietro+Caraffa+(Paul+IV)&amp;tbm=isch&amp;source=univ&amp;sa=X&amp;ved=2ahUKEwiMnuL-5J_iAhVNDewKHRFuAJUQsAR6BAgJEAE&amp;biw=1366&amp;bih=657#imgrc=lXFeGFybRkDQsM:\">Gian Pietro Caraffa (Pablo IV)<\/a> - Gian Angelo Medici o Medighino (P\u00edo IV)<\/p>\n<p><span style=\"font-family: arial,helvetica,sans-serif; font-size: 10pt;\">2019 Heraly Yves - G\u00e9niWal Magazine n\u00b0 21, 2004 todos los derechos reservados<\/span><\/p>","protected":false},"excerpt":{"rendered":"<p>Le successeur de Jules III, le pape Paul IV, Gian Pietro Caraffa n\u00e9 \u00a0Capriglio le 28 juin 1476 et d\u00e9c\u00e9d\u00e9\u00a0 Rome le 18 ao\u00fbt 1559 se montra fort intransigeant et [&hellip;]<\/p>\n","protected":false},"author":2,"featured_media":3493,"comment_status":"open","ping_status":"open","sticky":false,"template":"","format":"standard","meta":{"_et_pb_use_builder":"","_et_pb_old_content":"","_et_gb_content_width":"","footnotes":""},"categories":[74,86],"tags":[],"class_list":["post-3477","post","type-post","status-publish","format-standard","has-post-thumbnail","hentry","category-archive-en-belgique","category-archives-religieuses-1600-1796","et-has-post-format-content","et_post_format-et-post-format-standard"],"aioseo_notices":[],"_links":{"self":[{"href":"https:\/\/geniwal.be\/es\/wp-json\/wp\/v2\/posts\/3477","targetHints":{"allow":["GET"]}}],"collection":[{"href":"https:\/\/geniwal.be\/es\/wp-json\/wp\/v2\/posts"}],"about":[{"href":"https:\/\/geniwal.be\/es\/wp-json\/wp\/v2\/types\/post"}],"author":[{"embeddable":true,"href":"https:\/\/geniwal.be\/es\/wp-json\/wp\/v2\/users\/2"}],"replies":[{"embeddable":true,"href":"https:\/\/geniwal.be\/es\/wp-json\/wp\/v2\/comments?post=3477"}],"version-history":[{"count":0,"href":"https:\/\/geniwal.be\/es\/wp-json\/wp\/v2\/posts\/3477\/revisions"}],"wp:featuredmedia":[{"embeddable":true,"href":"https:\/\/geniwal.be\/es\/wp-json\/wp\/v2\/media\/3493"}],"wp:attachment":[{"href":"https:\/\/geniwal.be\/es\/wp-json\/wp\/v2\/media?parent=3477"}],"wp:term":[{"taxonomy":"category","embeddable":true,"href":"https:\/\/geniwal.be\/es\/wp-json\/wp\/v2\/categories?post=3477"},{"taxonomy":"post_tag","embeddable":true,"href":"https:\/\/geniwal.be\/es\/wp-json\/wp\/v2\/tags?post=3477"}],"curies":[{"name":"wp","href":"https:\/\/api.w.org\/{rel}","templated":true}]}}