{"id":3715,"date":"2019-07-09T18:55:29","date_gmt":"2019-07-09T16:55:29","guid":{"rendered":"https:\/\/geniwal.be\/?p=3715"},"modified":"2023-04-05T17:27:00","modified_gmt":"2023-04-05T15:27:00","slug":"masson-arthur","status":"publish","type":"post","link":"https:\/\/geniwal.be\/es\/nos-pistes\/personnalites-belges\/masson-arthur\/","title":{"rendered":"MASSON Arthur"},"content":{"rendered":"<p><span style=\"font-family: arial, helvetica, sans-serif; font-size: 18pt;\"><strong>Etienne Arthur Joseph Ghislain MASSON<\/strong>\u00a0naci\u00f3 el 22 de febrero de 1896 en Ri\u00e8zes-les Chimay (<b>Ri\u00e8zes<\/b> (en <a title=\"Wallon\" href=\"https:\/\/fr.wikipedia.org\/wiki\/Wallon\">wallon<\/a> <i>Rieze<\/i>) es una secci\u00f3n del <a title=\"Ciudad belga\" href=\"https:\/\/fr.wikipedia.org\/wiki\/Ville_de_Belgique\">Ciudad belga<\/a> de <a title=\"Chimay\" href=\"https:\/\/fr.wikipedia.org\/wiki\/Chimay\">Chimay<\/a>. Era una comuna por derecho propio antes del <a title=\"Fusi\u00f3n de municipios en B\u00e9lgica\" href=\"https:\/\/fr.wikipedia.org\/wiki\/Fusion_de_communes_en_Belgique\">fusi\u00f3n de municipios en 1977<\/a>. Hijo de MASSON Jules y de BAYONNEZ Juliette. El pueblo, situado en el extremo sur del <a title=\"Provincia de Hainaut\" href=\"https:\/\/fr.wikipedia.org\/wiki\/Province_de_Hainaut\">provincia de Henao<\/a>est\u00e1 bordeada por el <a title=\"Frontera entre B\u00e9lgica y Francia\" href=\"https:\/\/fr.wikipedia.org\/wiki\/Fronti%C3%A8re_entre_la_Belgique_et_la_France\">Frontera francesa<\/a>Complet\u00f3 sus estudios secundarios en el Coll\u00e8ge \u00e9piscopal de Chimay y en la Universidad Cat\u00f3lica de Lovaina. Hizo carrera en la ense\u00f1anza (Ath\u00e9n\u00e9e de Nivelles), donde demostr\u00f3 ser un excelente profesor de franc\u00e9s. Se cas\u00f3 con\u00a0 <b>Anna<\/b>\u00a0<b>FRENAY\u00a0<\/b>De esta uni\u00f3n nacieron 3 hijos.\u00a0<strong>Arthur<\/strong>\u00a0<strong>MASSON\u00a0<\/strong>\u00a0descubri\u00f3 su vocaci\u00f3n de novelista. Describ\u00eda con humor la vida de la gente corriente y de los pueblos. Por ello, se le ha comparado con Daudet y Marcel Pagnol. Arthur Masson muri\u00f3 en Namur el 28 de julio de 1970, a la edad de 74 a\u00f1os. Dej\u00f3 una obra que se ha transmitido de generaci\u00f3n en generaci\u00f3n y que sigue public\u00e1ndose.<\/span><\/p>\n<p>&nbsp;<\/p>\n<p>&nbsp;<\/p>\n<p>&nbsp;<\/p>\n<p>&nbsp;<\/p>\n<div id=\"attachment_3724\" style=\"width: 477px\" class=\"wp-caption alignleft\"><img decoding=\"async\" aria-describedby=\"caption-attachment-3724\" class=\"wp-image-3724 size-full lazyload\" data-src=\"https:\/\/geniwal.be\/wp-content\/uploads\/2019\/07\/masson.jpg\" alt=\"\" width=\"467\" height=\"254\" data-srcset=\"https:\/\/geniwal.be\/wp-content\/uploads\/2019\/07\/masson.jpg 467w, https:\/\/geniwal.be\/wp-content\/uploads\/2019\/07\/masson-300x163.jpg 300w\" data-sizes=\"(max-width: 467px) 100vw, 467px\" src=\"data:image\/svg+xml;base64,PHN2ZyB3aWR0aD0iMSIgaGVpZ2h0PSIxIiB4bWxucz0iaHR0cDovL3d3dy53My5vcmcvMjAwMC9zdmciPjwvc3ZnPg==\" style=\"--smush-placeholder-width: 467px; --smush-placeholder-aspect-ratio: 467\/254;\" \/><p id=\"caption-attachment-3724\" class=\"wp-caption-text\">1940-1941: El profesorado del Ath\u00e9n\u00e9e. Arthur Masson est\u00e1 en el centro.<\/p><\/div>\n<p>&nbsp;<\/p>\n<p>&nbsp;<\/p>\n<p>&nbsp;<\/p>\n<p>&nbsp;<\/p>\n<p>&nbsp;<\/p>\n<p>&nbsp;<\/p>\n<p>&nbsp;<\/p>\n<div id=\"attachment_3726\" style=\"width: 810px\" class=\"wp-caption alignleft\"><img decoding=\"async\" aria-describedby=\"caption-attachment-3726\" class=\"wp-image-3726 lazyload\" data-src=\"https:\/\/geniwal.be\/wp-content\/uploads\/2019\/07\/MASSON_001.jpg\" alt=\"\" width=\"800\" height=\"694\" data-srcset=\"https:\/\/geniwal.be\/wp-content\/uploads\/2019\/07\/MASSON_001.jpg 912w, https:\/\/geniwal.be\/wp-content\/uploads\/2019\/07\/MASSON_001-300x260.jpg 300w, https:\/\/geniwal.be\/wp-content\/uploads\/2019\/07\/MASSON_001-600x520.jpg 600w, https:\/\/geniwal.be\/wp-content\/uploads\/2019\/07\/MASSON_001-768x666.jpg 768w\" data-sizes=\"(max-width: 800px) 100vw, 800px\" src=\"data:image\/svg+xml;base64,PHN2ZyB3aWR0aD0iMSIgaGVpZ2h0PSIxIiB4bWxucz0iaHR0cDovL3d3dy53My5vcmcvMjAwMC9zdmciPjwvc3ZnPg==\" style=\"--smush-placeholder-width: 800px; --smush-placeholder-aspect-ratio: 800\/694;\" \/><p id=\"caption-attachment-3726\" class=\"wp-caption-text\">Partida de nacimiento de Etienne Arthur Joseph Ghislain MASSON<\/p><\/div>\n<p>&nbsp;<\/p>\n<p>&nbsp;<\/p>\n<p>&nbsp;<\/p>\n<p>&nbsp;<\/p>\n<p>&nbsp;<\/p>\n<p>&nbsp;<\/p>\n<p>&nbsp;<\/p>\n<p>&nbsp;<\/p>\n<p>&nbsp;<\/p>\n<p>&nbsp;<\/p>\n<p>&nbsp;<\/p>\n<p>&nbsp;<\/p>\n<p>&nbsp;<\/p>\n<p>&nbsp;<\/p>\n<p>&nbsp;<\/p>\n<p>&nbsp;<\/p>\n<p>&nbsp;<\/p>\n<p>&nbsp;<\/p>\n<p><span style=\"font-size: 18pt; font-family: arial, helvetica, sans-serif;\"><strong>Fuente<\/strong> :<\/span><br \/>\n<span style=\"font-size: 14pt; font-family: arial, helvetica, sans-serif;\"><a href=\"https:\/\/fr.wikipedia.org\/wiki\/Arthur_Masson\">https:\/\/fr.wikipedia.org\/wiki\/Arthur_Masson<\/a><\/span><br \/>\n<span style=\"font-size: 14pt; font-family: arial, helvetica, sans-serif;\"><a href=\"https:\/\/www.espacemasson.be\/pr%C3%A9sentation\/arthur-masson\/\">https:\/\/www.espacemasson.be\/pr%C3%A9sentation\/arthur-masson\/<\/a><\/span><br \/>\n<span style=\"font-size: 14pt; font-family: arial, helvetica, sans-serif;\"><a href=\"https:\/\/octavesanspoux.jimdo.com\/arthur-masson\/\">https:\/\/octavesanspoux.jimdo.com\/arthur-masson\/<\/a><\/span><br \/>\n<span style=\"font-family: arial, helvetica, sans-serif; font-size: 14pt;\">Diario Avenir del lunes 8 de julio de 2019: Fabuloso destino de los Brabantes Valones<\/span><\/p>\n<p><span style=\"font-size: 18pt; font-family: arial, helvetica, sans-serif;\"><strong>Biograf\u00eda de fondo :<br \/>\n<\/strong>G\u00e9niwal no pretende trazar la biograf\u00eda completa de este personaje, lo que duplicar\u00eda el trabajo de una multitud de otros sitios mucho m\u00e1s detallados y precisos, y que cualquiera puede consultar f\u00e1cilmente. Nos limitamos aqu\u00ed a dar una breve visi\u00f3n cronol\u00f3gica y geogr\u00e1fica.<\/span><\/p>","protected":false},"excerpt":{"rendered":"<p>Etienne Arthur Joseph Ghislain MASSON\u00a0est n\u00e9 le 22 f\u00e9vrier 1896 \u00e0 Ri\u00e8zes-les Chimay (Ri\u00e8zes (en wallon Rieze) est une section de la ville belge de Chimay. C&rsquo;\u00e9tait une commune \u00e0 [&hellip;]<\/p>\n","protected":false},"author":2,"featured_media":3723,"comment_status":"open","ping_status":"open","sticky":false,"template":"","format":"standard","meta":{"_et_pb_use_builder":"","_et_pb_old_content":"","_et_gb_content_width":"","footnotes":""},"categories":[93,89],"tags":[],"class_list":["post-3715","post","type-post","status-publish","format-standard","has-post-thumbnail","hentry","category-nos-pistes","category-personnalites-belges","et-has-post-format-content","et_post_format-et-post-format-standard"],"aioseo_notices":[],"_links":{"self":[{"href":"https:\/\/geniwal.be\/es\/wp-json\/wp\/v2\/posts\/3715","targetHints":{"allow":["GET"]}}],"collection":[{"href":"https:\/\/geniwal.be\/es\/wp-json\/wp\/v2\/posts"}],"about":[{"href":"https:\/\/geniwal.be\/es\/wp-json\/wp\/v2\/types\/post"}],"author":[{"embeddable":true,"href":"https:\/\/geniwal.be\/es\/wp-json\/wp\/v2\/users\/2"}],"replies":[{"embeddable":true,"href":"https:\/\/geniwal.be\/es\/wp-json\/wp\/v2\/comments?post=3715"}],"version-history":[{"count":0,"href":"https:\/\/geniwal.be\/es\/wp-json\/wp\/v2\/posts\/3715\/revisions"}],"wp:featuredmedia":[{"embeddable":true,"href":"https:\/\/geniwal.be\/es\/wp-json\/wp\/v2\/media\/3723"}],"wp:attachment":[{"href":"https:\/\/geniwal.be\/es\/wp-json\/wp\/v2\/media?parent=3715"}],"wp:term":[{"taxonomy":"category","embeddable":true,"href":"https:\/\/geniwal.be\/es\/wp-json\/wp\/v2\/categories?post=3715"},{"taxonomy":"post_tag","embeddable":true,"href":"https:\/\/geniwal.be\/es\/wp-json\/wp\/v2\/tags?post=3715"}],"curies":[{"name":"wp","href":"https:\/\/api.w.org\/{rel}","templated":true}]}}