{"id":3742,"date":"2019-07-17T22:15:48","date_gmt":"2019-07-17T20:15:48","guid":{"rendered":"https:\/\/geniwal.be\/?p=3742"},"modified":"2020-03-10T13:15:41","modified_gmt":"2020-03-10T12:15:41","slug":"de-brouckere-charles-marie-joseph-ghislain","status":"publish","type":"post","link":"https:\/\/geniwal.be\/es\/nos-pistes\/personnalites-belges\/de-brouckere-charles-marie-joseph-ghislain\/","title":{"rendered":"de BROUCKERE Charles Marie Joseph Ghislain"},"content":{"rendered":"<div class=\"flt_l\">\n<div>\n<div id=\"attachment_3743\" style=\"width: 229px\" class=\"wp-caption aligncenter\"><img decoding=\"async\" aria-describedby=\"caption-attachment-3743\" class=\"wp-image-3743 size-medium lazyload\" data-src=\"https:\/\/geniwal.be\/wp-content\/uploads\/2019\/07\/220px-Charles_de_Brouck\u00e8re-219x300.png\" alt=\"\" width=\"219\" height=\"300\" data-srcset=\"https:\/\/geniwal.be\/wp-content\/uploads\/2019\/07\/220px-Charles_de_Brouck\u00e8re-219x300.png 219w, https:\/\/geniwal.be\/wp-content\/uploads\/2019\/07\/220px-Charles_de_Brouck\u00e8re.png 220w\" data-sizes=\"(max-width: 219px) 100vw, 219px\" src=\"data:image\/svg+xml;base64,PHN2ZyB3aWR0aD0iMSIgaGVpZ2h0PSIxIiB4bWxucz0iaHR0cDovL3d3dy53My5vcmcvMjAwMC9zdmciPjwvc3ZnPg==\" style=\"--smush-placeholder-width: 219px; --smush-placeholder-aspect-ratio: 219\/300;\" \/><p id=\"caption-attachment-3743\" class=\"wp-caption-text\"><span style=\"font-family: arial, helvetica, sans-serif;\">de BROUCKERE Charles Marie Joseph Ghislain<\/span><\/p><\/div>\n<p><img decoding=\"async\" class=\"wp-image-3762 aligncenter lazyload\" data-src=\"https:\/\/geniwal.be\/wp-content\/uploads\/2019\/07\/DE-BROUCKERE_002.jpg\" alt=\"\" width=\"500\" height=\"183\" data-srcset=\"https:\/\/geniwal.be\/wp-content\/uploads\/2019\/07\/DE-BROUCKERE_002.jpg 1200w, https:\/\/geniwal.be\/wp-content\/uploads\/2019\/07\/DE-BROUCKERE_002-300x110.jpg 300w, https:\/\/geniwal.be\/wp-content\/uploads\/2019\/07\/DE-BROUCKERE_002-600x220.jpg 600w, https:\/\/geniwal.be\/wp-content\/uploads\/2019\/07\/DE-BROUCKERE_002-768x282.jpg 768w, https:\/\/geniwal.be\/wp-content\/uploads\/2019\/07\/DE-BROUCKERE_002-1024x375.jpg 1024w\" data-sizes=\"(max-width: 500px) 100vw, 500px\" src=\"data:image\/svg+xml;base64,PHN2ZyB3aWR0aD0iMSIgaGVpZ2h0PSIxIiB4bWxucz0iaHR0cDovL3d3dy53My5vcmcvMjAwMC9zdmciPjwvc3ZnPg==\" style=\"--smush-placeholder-width: 500px; --smush-placeholder-aspect-ratio: 500\/183;\" \/><\/p>\n<\/div>\n<\/div>\n<p><span style=\"font-family: arial, helvetica, sans-serif; font-size: 12pt;\">Hijo de Charles <strong>de BROUCKERE (\u00a0<\/strong>nacido el 06 de octubre de 1757 en Torhout y fallecido el 29 de abril de 1850 en Brujas) y\u00a0<strong>de STOOP<\/strong>\u00a0Charlotte Marie Anne Colette (nacida el 24 de septiembre de 1767 en Brujas y fallecida el 19 de abril de 1846).  Naci\u00f3 el 26 de febrero de 1796 en Brujas y falleci\u00f3 el 20 de abril de 1860 en Bruselas. Enterrada en el cementerio de Bruselas en Evere (c\u00e9sped 8, gran rotonda, cerca del c\u00e9sped 14). Casado con <strong>VISSCHERS<\/strong> Marie Gertrude (nacida el 03 de septiembre de 1798 en Maastricht (Pa\u00edses Bajos), fallecida el 07 de febrero de 1876 en Bruselas).<\/span><\/p>\n<p><span style=\"font-family: arial, helvetica, sans-serif; font-size: 12pt;\">De esta uni\u00f3n nacieron 3 hijos:<\/span><\/p>\n<p><span style=\"font-family: arial, helvetica, sans-serif; font-size: 12pt;\"><strong>de BROUCKERE<\/strong>Alfred naci\u00f3 el 19 de enero de 1817 en Maastricht (Pa\u00edses Bajos)<\/span><br \/>\n<span style=\"font-family: arial, helvetica, sans-serif; font-size: 12pt;\"><strong>de BROUCKERE <\/strong>Elisabeth Marie Charlotte nacida el 27 de julio de 1820 en Maastricht (Pa\u00edses Bajos)<\/span><br \/>\n<span style=\"font-family: arial, helvetica, sans-serif; font-size: 12pt;\"><strong>de BROUCKERE<\/strong>\u00a0Caroline nacida el 30 de julio de 1822 en Maastricht (Pa\u00edses Bajos)<\/span><\/p>\n<p><span style=\"font-family: arial, helvetica, sans-serif; font-size: 12pt;\"><span style=\"text-decoration: underline;\"><strong>de BROUCKERE<\/strong> Charles Marie Joseph Ghislain tuvo 4 hermanos y hermanas, cuyos nombres son los siguientes<\/span> :<\/span><br \/>\n<span style=\"font-family: arial, helvetica, sans-serif; font-size: 12pt;\"><strong><br \/>\nde BROUCKERE\u00a0<\/strong>Pauline Marie Ghislaine<\/span><br \/>\n<span style=\"font-family: arial, helvetica, sans-serif; font-size: 12pt;\"><strong>de BROUCKERE\u00a0<\/strong>Marie Pauline<\/span><br \/>\n<span style=\"font-family: arial, helvetica, sans-serif; font-size: 12pt;\"><strong>de BROUCKERE<\/strong>\u00a0Henri Ghislain Joseph Marie Hyacinthe<\/span><br \/>\n<span style=\"font-family: arial, helvetica, sans-serif; font-size: 12pt;\"><strong>de BROUCKERE<\/strong>\u00a0Edouard Bernard Edmond.<\/span><\/p>\n<p><span style=\"font-family: arial, helvetica, sans-serif; font-size: 12pt;\"><strong>Biograf\u00eda :<\/strong><\/span><\/p>\n<p><span style=\"font-family: arial, helvetica, sans-serif; font-size: 12pt;\">1815 - Oficial de artiller\u00eda.<\/span><br \/>\n<span style=\"font-family: arial, helvetica, sans-serif; font-size: 12pt;\">1824 - Miembro de los Estados Provinciales y de la Diputaci\u00f3n Permanente de Limburgo.<\/span><br \/>\n<span style=\"font-family: arial, helvetica, sans-serif; font-size: 12pt;\">1826 - Miembro de la Segunda C\u00e1mara de los Estados Generales.<\/span><br \/>\n<span style=\"font-family: arial, helvetica, sans-serif; font-size: 12pt;\">1830 - Coronel de artiller\u00eda. - Gobernador militar de la provincia de Lieja. - Miembro de la Comisi\u00f3n de Constituci\u00f3n - miembro del Congreso Nacional.<\/span><br \/>\n<span style=\"font-family: arial, helvetica, sans-serif; font-size: 12pt;\">1831 - Ayudante de campo del Rey<\/span><br \/>\n<span style=\"font-family: arial, helvetica, sans-serif; font-size: 12pt;\">1831 y 1832 - Diputado, Ministro de Hacienda, Ministro del Interior y de la Guerra.<\/span><br \/>\n<span style=\"font-family: arial, helvetica, sans-serif; font-size: 12pt;\">1834 - Profesor en la Universidad de Lieja.<\/span><br \/>\n<span style=\"font-family: arial, helvetica, sans-serif; font-size: 12pt;\">1835 - Director del Banco de B\u00e9lgica.<\/span><br \/>\n<span style=\"font-family: arial, helvetica, sans-serif; font-size: 12pt;\">1847 - Miembro del Consejo Municipal de Bruselas.<\/span><br \/>\n<span style=\"font-family: arial, helvetica, sans-serif; font-size: 12pt;\">Entre 1851 y 1856 - 1857 y 1860 miembro de la C\u00e1mara de Representantes.<\/span><br \/>\n<span style=\"font-family: arial, helvetica, sans-serif; font-size: 12pt;\">1851 y 1855 - Presidente de la comisi\u00f3n belga en las Exposiciones Universales de Londres y Par\u00eds.<\/span><br \/>\n<span style=\"font-family: arial, helvetica, sans-serif; font-size: 12pt;\">Entre 1848 y 1860, alcalde de Bruselas.<\/span><\/p>\n<p><span style=\"font-family: arial, helvetica, sans-serif; font-size: 12pt;\"><strong>Fuentes :<\/strong><\/span><br \/>\n<span style=\"font-family: arial, helvetica, sans-serif; font-size: 12pt;\"><a href=\"https:\/\/www.fine-arts-museum.be\/fr\/la-collection\/guillaume-geefs-charles-de-brouckere-bourgmestre-de-bruxelles-1796-1860\">https:\/\/www.fine-arts-museum.be\/fr\/la-collection\/guillaume-geefs-charles-de-brouckere-bourgmestre-de-bruxelles-1796-1860<\/a><\/span><br \/>\n<span style=\"font-family: arial, helvetica, sans-serif; font-size: 12pt;\"><a href=\"https:\/\/books.googleusercontent.com\/books\/content?req=AKW5QafP68ePjb92BRd8L8EbTp1DiQYt8Gxn7jOboZSUwuH058d7EigUMqko00tH91YMv6CdjmQ2bAamOlPaYWG9HybO6Lax-DxH_aRSXt5WbgfIbGLQEtVlaVGLdmtosqPafnHt3vd-o3I6LMM7Bz_tLdDfwt9WvgGomxXmwAijTYf1SwOeDI8ya8UrQ469DcvB6rQswfQWb1MnY1jiMJ7L5CNMwcz2YX66P1iyQe1-srzkdebBlfJlI_z1ydks0nFTW_o90HtuDpbiEGc7Oi6FJ4c7Jzqsog\">https:\/\/books.googleusercontent.com\/books\/content?req=AKW5QafP68ePjb92BRd8L8EbTp1DiQYt8Gxn7jOboZSUwuH058d7EigUMqko00tH91YMv6CdjmQ2bAamOlPaYWG9HybO6Lax-DxH_aRSXt5WbgfIbGLQEtVlaVGLdmtosqPafnHt3vd-o3I6LMM7Bz_tLdDfwt9WvgGomxXmwAijTYf1SwOeDI8ya8UrQ469DcvB6rQswfQWb1MnY1jiMJ7L5CNMwcz2YX66P1iyQe1-srzkdebBlfJlI_z1ydks0nFTW_o90HtuDpbiEGc7Oi6FJ4c7Jzqsog<\/a><\/span><br \/>\n<span style=\"font-family: arial, helvetica, sans-serif; font-size: 12pt;\"><a href=\"https:\/\/fr.wikipedia.org\/wiki\/Charles_de_Brouck%C3%A8re\">https:\/\/fr.wikipedia.org\/wiki\/Charles_de_Brouck%C3%A8re<\/a><\/span><br \/>\n<span style=\"font-size: 12pt;\"><span style=\"font-family: arial, helvetica, sans-serif;\"><a href=\"https:\/\/books.google.be\/books?id=3ow8AAAAcAAJ&amp;pg=PP7&amp;hl=fr&amp;source=gbs_selected_pages&amp;cad=2#v=onepage&amp;q&amp;f=false\">https:\/\/books.google.be\/books?id=3ow8AAAAcAAJ&amp;pg=PP7&amp;hl=fr&amp;source=gbs_selected_pages&amp;cad=2#v=onepage&amp;q&amp;f=f<\/a><br \/>\nThierry Luthers, <em>\u00daltima direcci\u00f3n conocida, gu\u00eda de las tumbas de belgas ilustres,<\/em> tomo 2: R\u00e9gion bruxelloise et commune \u00e0 facilit\u00e9s, Editions Luc Pire, 2018, p\u00e1gina 31<\/span><\/span><\/p>\n<p><span style=\"font-family: arial, helvetica, sans-serif; font-size: 12pt;\"><strong>Biograf\u00eda contextual<\/strong><\/span><\/p>\n<p><span style=\"font-family: arial, helvetica, sans-serif; font-size: 12pt;\">G\u00e9niwal no pretende recorrer la biograf\u00eda completa de\u00a0<span style=\"text-decoration: underline;\"><strong>de BROUCKERE<\/strong> Charles Marie Joseph Ghislain<\/span>Ser\u00eda duplicar el trabajo de una multitud de otros sitios mucho m\u00e1s detallados y precisos, y que cualquiera puede consultar f\u00e1cilmente. Nos limitaremos aqu\u00ed a dar una breve visi\u00f3n cronol\u00f3gica y geogr\u00e1fica.<\/span><\/p>\n<p>&nbsp;<\/p>\n<p>&nbsp;<\/p>\n<p>&nbsp;<\/p>\n<p>&nbsp;<\/p>\n<div class=\"value\"><\/div>","protected":false},"excerpt":{"rendered":"<p>Fils de\u00a0Charles de BROUCKERE (\u00a0n\u00e9 le 06 octobre 1757 \u00e0 Torhout et d\u00e9c\u00e9d\u00e9 le 29 avril 1850 \u00e0 Bruges) et\u00a0de STOOP\u00a0Charlotte Marie Anne Colette (n\u00e9e le 24 septembre 1767 \u00e0 [&hellip;]<\/p>\n","protected":false},"author":2,"featured_media":3784,"comment_status":"open","ping_status":"open","sticky":false,"template":"","format":"standard","meta":{"_et_pb_use_builder":"","_et_pb_old_content":"","_et_gb_content_width":"","footnotes":""},"categories":[93,89],"tags":[],"class_list":["post-3742","post","type-post","status-publish","format-standard","has-post-thumbnail","hentry","category-nos-pistes","category-personnalites-belges","et-has-post-format-content","et_post_format-et-post-format-standard"],"aioseo_notices":[],"_links":{"self":[{"href":"https:\/\/geniwal.be\/es\/wp-json\/wp\/v2\/posts\/3742","targetHints":{"allow":["GET"]}}],"collection":[{"href":"https:\/\/geniwal.be\/es\/wp-json\/wp\/v2\/posts"}],"about":[{"href":"https:\/\/geniwal.be\/es\/wp-json\/wp\/v2\/types\/post"}],"author":[{"embeddable":true,"href":"https:\/\/geniwal.be\/es\/wp-json\/wp\/v2\/users\/2"}],"replies":[{"embeddable":true,"href":"https:\/\/geniwal.be\/es\/wp-json\/wp\/v2\/comments?post=3742"}],"version-history":[{"count":0,"href":"https:\/\/geniwal.be\/es\/wp-json\/wp\/v2\/posts\/3742\/revisions"}],"wp:featuredmedia":[{"embeddable":true,"href":"https:\/\/geniwal.be\/es\/wp-json\/wp\/v2\/media\/3784"}],"wp:attachment":[{"href":"https:\/\/geniwal.be\/es\/wp-json\/wp\/v2\/media?parent=3742"}],"wp:term":[{"taxonomy":"category","embeddable":true,"href":"https:\/\/geniwal.be\/es\/wp-json\/wp\/v2\/categories?post=3742"},{"taxonomy":"post_tag","embeddable":true,"href":"https:\/\/geniwal.be\/es\/wp-json\/wp\/v2\/tags?post=3742"}],"curies":[{"name":"wp","href":"https:\/\/api.w.org\/{rel}","templated":true}]}}