{"id":3831,"date":"2019-07-31T16:14:51","date_gmt":"2019-07-31T14:14:51","guid":{"rendered":"https:\/\/geniwal.be\/?p=3831"},"modified":"2023-04-04T14:05:34","modified_gmt":"2023-04-04T12:05:34","slug":"claude-jaillard","status":"publish","type":"post","link":"https:\/\/geniwal.be\/es\/nos-pistes\/in-memoriam-a-la-memoire\/claude-jaillard\/","title":{"rendered":"Claude JAILLARD"},"content":{"rendered":"<p><img decoding=\"async\" class=\"size-medium wp-image-3832 alignleft lazyload\" data-src=\"https:\/\/geniwal.be\/wp-content\/uploads\/2019\/07\/67132574_2361037540656312_2206951821014990848_n-275x300.jpg\" alt=\"\" width=\"275\" height=\"300\" data-srcset=\"https:\/\/geniwal.be\/wp-content\/uploads\/2019\/07\/67132574_2361037540656312_2206951821014990848_n-275x300.jpg 275w, https:\/\/geniwal.be\/wp-content\/uploads\/2019\/07\/67132574_2361037540656312_2206951821014990848_n-300x327.jpg 300w, https:\/\/geniwal.be\/wp-content\/uploads\/2019\/07\/67132574_2361037540656312_2206951821014990848_n.jpg 302w\" data-sizes=\"(max-width: 275px) 100vw, 275px\" src=\"data:image\/svg+xml;base64,PHN2ZyB3aWR0aD0iMSIgaGVpZ2h0PSIxIiB4bWxucz0iaHR0cDovL3d3dy53My5vcmcvMjAwMC9zdmciPjwvc3ZnPg==\" style=\"--smush-placeholder-width: 275px; --smush-placeholder-aspect-ratio: 275\/300;\" \/><br \/>\n<span style=\"font-family: arial, helvetica, sans-serif; font-size: 18pt;\">Con gran tristeza nos enteramos del fallecimiento de un gran nombre de la genealog\u00eda.<\/span><br \/>\n<span style=\"font-family: arial, helvetica, sans-serif; font-size: 18pt;\">Claude Jaillard nos ha dejado.\u00a0<\/span><span style=\"font-family: arial, helvetica, sans-serif; font-size: 18pt;\">Presidente de la asociaci\u00f3n G\u00e9n\u00e9alogie en Corr\u00e8ze, dedic\u00f3 todo su tiempo libre a su pasi\u00f3n, la genealog\u00eda.\u00a0<\/span><span style=\"font-family: arial, helvetica, sans-serif; font-size: 18pt;\">Organizador de la gran exposici\u00f3n geneal\u00f3gica \"Genco\" en Brive La Gaillarde, \u00e9l y su esposa Anne-Marie recorrieron toda Francia para representar a la C<span class=\"text_exposed_show\">orr\u00e8ze en las ferias de genealog\u00eda. Muchos de nosotros, visitantes, organizadores o expositores, tuvimos la oportunidad de conocerle en alguna de estas ferias. Personaje simp\u00e1tico y generoso, Claude nunca dejaba indiferente a nadie. Siempre estaba dispuesto a compartir su experiencia, su capacidad de organizaci\u00f3n, su agenda de direcciones y sus amplios conocimientos de genealog\u00eda.<br \/>\nSiempre dispuesto a ayudar al pr\u00f3jimo, aunque gran promotor de la genealog\u00eda asociativa, siempre estaba dispuesto a ayudar, lo mejor que pod\u00eda, a quienes se embarcaban en una aventura geneal\u00f3gica profesional.<\/span><\/span><\/p>\n<p><span style=\"font-family: arial, helvetica, sans-serif; font-size: 18pt;\">Exup\u00e9ry dec\u00eda: \"Un hombre nunca est\u00e1 del todo muerto mientras haya alguien que pronuncie su nombre\".<\/span><br \/>\n<span style=\"font-family: arial, helvetica, sans-serif; font-size: 18pt;\">Claude, si todas las personas que has conocido, apoyado o ayudado te tutean a su vez, no nos dejar\u00e1s pronto...<\/span><\/p>\n<p><span style=\"font-family: arial, helvetica, sans-serif; font-size: 18pt;\">Nuestra asociaci\u00f3n comparte el dolor de su familia y amigos. Descansa en paz Claude, siempre te recordaremos con cari\u00f1o.<\/span><\/p>\n<p><span style=\"font-family: arial, helvetica, sans-serif; font-size: 18pt;\">Fuentes :<\/span><br \/>\n<span class=\"text_exposed_show\" style=\"font-family: arial, helvetica, sans-serif; font-size: 14pt;\">Alain ROUAULT, y todo el equipo de <a href=\"https:\/\/www.facebook.com\/geneagenda\/\">G\u00e9n\u00e9Agenda.<\/a><\/span><\/p>","protected":false},"excerpt":{"rendered":"<p>C&rsquo;est avec une grande tristesse que nous avons appris la disparition d&rsquo;un grand nom de la g\u00e9n\u00e9alogie. Claude Jaillard nous a quitt\u00e9.\u00a0Pr\u00e9sident de l&rsquo;association G\u00e9n\u00e9alogie en Corr\u00e8ze, il consacrait tout [&hellip;]<\/p>\n","protected":false},"author":2,"featured_media":3832,"comment_status":"open","ping_status":"open","sticky":false,"template":"","format":"standard","meta":{"_et_pb_use_builder":"","_et_pb_old_content":"","_et_gb_content_width":"","footnotes":""},"categories":[49,93],"tags":[],"class_list":["post-3831","post","type-post","status-publish","format-standard","has-post-thumbnail","hentry","category-in-memoriam-a-la-memoire","category-nos-pistes","et-has-post-format-content","et_post_format-et-post-format-standard"],"aioseo_notices":[],"_links":{"self":[{"href":"https:\/\/geniwal.be\/es\/wp-json\/wp\/v2\/posts\/3831","targetHints":{"allow":["GET"]}}],"collection":[{"href":"https:\/\/geniwal.be\/es\/wp-json\/wp\/v2\/posts"}],"about":[{"href":"https:\/\/geniwal.be\/es\/wp-json\/wp\/v2\/types\/post"}],"author":[{"embeddable":true,"href":"https:\/\/geniwal.be\/es\/wp-json\/wp\/v2\/users\/2"}],"replies":[{"embeddable":true,"href":"https:\/\/geniwal.be\/es\/wp-json\/wp\/v2\/comments?post=3831"}],"version-history":[{"count":0,"href":"https:\/\/geniwal.be\/es\/wp-json\/wp\/v2\/posts\/3831\/revisions"}],"wp:featuredmedia":[{"embeddable":true,"href":"https:\/\/geniwal.be\/es\/wp-json\/wp\/v2\/media\/3832"}],"wp:attachment":[{"href":"https:\/\/geniwal.be\/es\/wp-json\/wp\/v2\/media?parent=3831"}],"wp:term":[{"taxonomy":"category","embeddable":true,"href":"https:\/\/geniwal.be\/es\/wp-json\/wp\/v2\/categories?post=3831"},{"taxonomy":"post_tag","embeddable":true,"href":"https:\/\/geniwal.be\/es\/wp-json\/wp\/v2\/tags?post=3831"}],"curies":[{"name":"wp","href":"https:\/\/api.w.org\/{rel}","templated":true}]}}