{"id":3836,"date":"2019-07-31T17:09:12","date_gmt":"2019-07-31T15:09:12","guid":{"rendered":"https:\/\/geniwal.be\/?p=3836"},"modified":"2023-04-05T17:20:43","modified_gmt":"2023-04-05T15:20:43","slug":"antoine-joseph-cloquette","status":"publish","type":"post","link":"https:\/\/geniwal.be\/es\/nos-pistes\/personnalites-belges\/antoine-joseph-cloquette\/","title":{"rendered":"CLOQUETTE Antoine Joseph"},"content":{"rendered":"<p>&nbsp;<\/p>\n<p style=\"text-align: center;\"><img decoding=\"async\" class=\"wp-image-3841 aligncenter lazyload\" data-src=\"https:\/\/geniwal.be\/wp-content\/uploads\/2019\/07\/330px-Villers-la-Ville_JPG00pea-300x225.jpg\" alt=\"\" width=\"500\" height=\"374\" data-srcset=\"https:\/\/geniwal.be\/wp-content\/uploads\/2019\/07\/330px-Villers-la-Ville_JPG00pea-300x225.jpg 300w, https:\/\/geniwal.be\/wp-content\/uploads\/2019\/07\/330px-Villers-la-Ville_JPG00pea.jpg 330w\" data-sizes=\"(max-width: 500px) 100vw, 500px\" src=\"data:image\/svg+xml;base64,PHN2ZyB3aWR0aD0iMSIgaGVpZ2h0PSIxIiB4bWxucz0iaHR0cDovL3d3dy53My5vcmcvMjAwMC9zdmciPjwvc3ZnPg==\" style=\"--smush-placeholder-width: 500px; --smush-placeholder-aspect-ratio: 500\/374;\" \/><\/p>\n<p>&nbsp;<\/p>\n<p><span style=\"font-size: 18pt; font-family: arial, helvetica, sans-serif;\">Antoine Joseph<strong> CLOQUETTE<\/strong> hijo de Fran\u00e7ois Joseph <strong>CLOQUETTE<\/strong> y Anne Marie <strong>RAOUX<\/strong>\u00a0naci\u00f3 en Ath el 8 de febrero de 1744. Tras brillantes estudios, se matricul\u00f3 en la Facultad de Douai, y el 10 de octubre de 1762 tom\u00f3 las \u00f3rdenes sagradas en la abad\u00eda de Villers-la-Ville con el nombre de Bruno. Fue nombrado sacerdote el 14 de marzo de 1767.  La muerte de Dom Etienne <strong>POUBAIX<\/strong> el cargo de abad de Villers estaba vacante. Dom Bruno fue elevado a la prelatura el 30 de enero de 1788 y no fue nombrado por el emperador hasta 4 a\u00f1os m\u00e1s tarde. R\u00e1pidamente se distingui\u00f3 por oponerse a las reformas del emperador Jos\u00e9 II. Tras muchos altibajos debidos a la revoluci\u00f3n de Brabante, al papel desempe\u00f1ado por el clero y a la revoluci\u00f3n francesa, y a pesar de los esfuerzos de Dom Bruno, la historia de 700 a\u00f1os de la abad\u00eda de Villers-la-Ville lleg\u00f3 a su fin. Antoine Joseph muri\u00f3 el 12 de octubre de 1828 en casa del hermano Germain, en Ath.<\/span><\/p>\n<div id=\"attachment_3839\" style=\"width: 810px\" class=\"wp-caption aligncenter\"><img decoding=\"async\" aria-describedby=\"caption-attachment-3839\" class=\"wp-image-3839 lazyload\" data-src=\"https:\/\/geniwal.be\/wp-content\/uploads\/2019\/07\/NAISSANCES-CLOQUETTE-1-1024x453.jpg\" alt=\"\" width=\"800\" height=\"354\" data-srcset=\"https:\/\/geniwal.be\/wp-content\/uploads\/2019\/07\/NAISSANCES-CLOQUETTE-1-1024x453.jpg 1024w, https:\/\/geniwal.be\/wp-content\/uploads\/2019\/07\/NAISSANCES-CLOQUETTE-1-300x133.jpg 300w, https:\/\/geniwal.be\/wp-content\/uploads\/2019\/07\/NAISSANCES-CLOQUETTE-1-600x265.jpg 600w, https:\/\/geniwal.be\/wp-content\/uploads\/2019\/07\/NAISSANCES-CLOQUETTE-1-768x340.jpg 768w, https:\/\/geniwal.be\/wp-content\/uploads\/2019\/07\/NAISSANCES-CLOQUETTE-1.jpg 1200w\" data-sizes=\"(max-width: 800px) 100vw, 800px\" src=\"data:image\/svg+xml;base64,PHN2ZyB3aWR0aD0iMSIgaGVpZ2h0PSIxIiB4bWxucz0iaHR0cDovL3d3dy53My5vcmcvMjAwMC9zdmciPjwvc3ZnPg==\" style=\"--smush-placeholder-width: 800px; --smush-placeholder-aspect-ratio: 800\/354;\" \/><p id=\"caption-attachment-3839\" class=\"wp-caption-text\">Partida de nacimiento de Antoine Joseph CLOQUETTE<\/p><\/div>\n<div id=\"attachment_3840\" style=\"width: 710px\" class=\"wp-caption aligncenter\"><img decoding=\"async\" aria-describedby=\"caption-attachment-3840\" class=\"wp-image-3840 lazyload\" data-src=\"https:\/\/geniwal.be\/wp-content\/uploads\/2019\/07\/DECES-CLOQUETTE-1024x753.jpg\" alt=\"\" width=\"700\" height=\"515\" data-srcset=\"https:\/\/geniwal.be\/wp-content\/uploads\/2019\/07\/DECES-CLOQUETTE-1024x753.jpg 1024w, https:\/\/geniwal.be\/wp-content\/uploads\/2019\/07\/DECES-CLOQUETTE-300x221.jpg 300w, https:\/\/geniwal.be\/wp-content\/uploads\/2019\/07\/DECES-CLOQUETTE-600x441.jpg 600w, https:\/\/geniwal.be\/wp-content\/uploads\/2019\/07\/DECES-CLOQUETTE-768x565.jpg 768w, https:\/\/geniwal.be\/wp-content\/uploads\/2019\/07\/DECES-CLOQUETTE.jpg 1067w\" data-sizes=\"(max-width: 700px) 100vw, 700px\" src=\"data:image\/svg+xml;base64,PHN2ZyB3aWR0aD0iMSIgaGVpZ2h0PSIxIiB4bWxucz0iaHR0cDovL3d3dy53My5vcmcvMjAwMC9zdmciPjwvc3ZnPg==\" style=\"--smush-placeholder-width: 700px; --smush-placeholder-aspect-ratio: 700\/515;\" \/><p id=\"caption-attachment-3840\" class=\"wp-caption-text\">Certificado de defunci\u00f3n de Antoine Joseph CLOQUETTE<\/p><\/div>\n<p><span style=\"font-family: arial, helvetica, sans-serif; font-size: 18pt;\">La abad\u00eda de Villers-la-Ville est\u00e1 situada en el valle del Thyle. Fue fundada en 1146 por el caballero Gauthier de Marbais y su madre Judith. Invitaron a monjes (17) de la abad\u00eda de Claraval (Francia) para fundar una nueva abad\u00eda. Ese mismo a\u00f1o, San Bernardo de Claraval les visit\u00f3 y se le dedic\u00f3 una capilla en 1715. La construcci\u00f3n de la abad\u00eda, de estilo g\u00f3tico, comenz\u00f3 en 1197. Tard\u00f3 nada menos que 100 a\u00f1os en completarse. La abad\u00eda de Villers-la-Ville fue miembro de la orden de C\u00eeteaux y una de sus primeras hijas.<\/span><\/p>\n<ul>\n<li><span style=\"font-family: arial, helvetica, sans-serif; font-size: 18pt;\">1146: Llegada de los primeros monjes de Claraval - fundaci\u00f3n de la abad\u00eda (Villers I:\u00a0<em>la Boverie<\/em>).1147: Desplazamiento al valle de Thyle (Villers II).<\/span><\/li>\n<li><span style=\"font-family: arial, helvetica, sans-serif; font-size: 18pt;\">1197-1209: El abad Carlos hace construir una nueva abad\u00eda (Villers III).<\/span><\/li>\n<li><span style=\"font-family: arial, helvetica, sans-serif; font-size: 18pt;\">1231-1237: Fundaci\u00f3n de las primeras abad\u00edas filiales de Grandpr\u00e9 y Saint-Bernard sur Escaut.<\/span><\/li>\n<li><span style=\"font-family: arial, helvetica, sans-serif; font-size: 18pt;\">1248: entierro del duque Enrique I de Brabante en la iglesia abacial.<\/span><\/li>\n<li><span style=\"font-family: arial, helvetica, sans-serif; font-size: 18pt;\">1258: entierro de Santa Juliana de Cornillon.<\/span><\/li>\n<li><span style=\"font-family: arial, helvetica, sans-serif; font-size: 18pt;\">1263: Entierro de\u00a0<a href=\"http:\/\/www.wiki-villers-la-ville.be\/index.php?title=Gobert_d%27Aspremont\">Gobert d'Aspremont<\/a>.<\/span><\/li>\n<li><span style=\"font-family: arial, helvetica, sans-serif; font-size: 18pt;\">1280-1283: Finalizaci\u00f3n de la<a href=\"http:\/\/www.wiki-villers-la-ville.be\/index.php?title=Eglise\">Iglesia<\/a>.<\/span><\/li>\n<li><span style=\"font-family: arial, helvetica, sans-serif; font-size: 18pt;\">1314: La comunidad es exiliada por primera vez.<\/span><\/li>\n<li><span style=\"font-family: arial, helvetica, sans-serif; font-size: 18pt;\">1358-1370: El abad Nicol\u00e1s de Brigode se convierte en diputado de los Estados de Brabante.<\/span><\/li>\n<li><span style=\"font-family: arial, helvetica, sans-serif; font-size: 18pt;\">Siglo XV: reorganizaci\u00f3n de la abad\u00eda (reducci\u00f3n del espacio para las conversas, hospeder\u00eda transformada en \"monasterio\").\u00a0<a href=\"http:\/\/www.wiki-villers-la-ville.be\/index.php?title=Brasserie\">Cervecer\u00eda<\/a>, ...).<\/span><\/li>\n<li><span style=\"font-family: arial, helvetica, sans-serif; font-size: 18pt;\">1508: segundo exilio (7 m\u00e1s hasta 1667).<\/span><\/li>\n<li><span style=\"font-family: arial, helvetica, sans-serif; font-size: 18pt;\">1613-1616: construcci\u00f3n del\u00a0<a href=\"http:\/\/www.wiki-villers-la-ville.be\/index.php?title=Chapelle_Notre-Dame_de_Montaigu\">Capilla de Notre-Dame de Montaigu<\/a>.<\/span><\/li>\n<li><span style=\"font-family: arial, helvetica, sans-serif; font-size: 18pt;\">1715: construcci\u00f3n de la capilla Saint-Bernard.<\/span><\/li>\n<li><span style=\"font-family: arial, helvetica, sans-serif; font-size: 18pt;\">1716-1734: bajo el abaciado de Jacques Hache, construcci\u00f3n del\u00a0<a href=\"http:\/\/www.wiki-villers-la-ville.be\/index.php?title=Palais\">Palacio<\/a><\/span><\/li>\n<li><span style=\"font-family: arial, helvetica, sans-serif; font-size: 18pt;\">1784: Construcci\u00f3n de la farmacia. (sobre el\u00a0<a href=\"http:\/\/www.wiki-villers-la-ville.be\/index.php?title=Porte_de_Bruxelles\">Puerta de Bruselas<\/a>)<\/span><\/li>\n<li><span style=\"font-family: arial, helvetica, sans-serif; font-size: 18pt;\">1789: La abad\u00eda es saqueada por el ej\u00e9rcito austriaco.<\/span><\/li>\n<li><span style=\"font-family: arial, helvetica, sans-serif; font-size: 18pt;\">1794: Saqueo de la abad\u00eda por los franceses y los habitantes locales.<\/span><\/li>\n<li><span style=\"font-family: arial, helvetica, sans-serif; font-size: 18pt;\">1796: Abandono definitivo de la abad\u00eda.<\/span><\/li>\n<li><span style=\"font-family: arial, helvetica, sans-serif; font-size: 18pt;\">1797: Compra de la abad\u00eda por un comerciante de materiales: La Terrade.<\/span><\/li>\n<li><span style=\"font-family: arial, helvetica, sans-serif; font-size: 18pt;\">1814: La Terrade es expulsada de la abad\u00eda. Comprado por Charles-Lambert Huart.<\/span><\/li>\n<li><span style=\"font-family: arial, helvetica, sans-serif; font-size: 18pt;\">1853: Fallece Dom Placide, \u00faltimo monje p\u00e1rroco.<\/span><\/li>\n<li><span style=\"font-family: arial, helvetica, sans-serif; font-size: 18pt;\">1855: Construcci\u00f3n de la l\u00ednea de ferrocarril.<\/span><\/li>\n<li><span style=\"font-family: arial, helvetica, sans-serif; font-size: 18pt;\">1862: Visita de Victor Hugo.<\/span><\/li>\n<li><span style=\"font-family: arial, helvetica, sans-serif; font-size: 18pt;\">1892: El Estado belga se convierte en propietario de las ruinas.<\/span><\/li>\n<li><span style=\"font-family: arial, helvetica, sans-serif; font-size: 18pt;\">1893-1914: Trabajos iniciales de consolidaci\u00f3n.<\/span><\/li>\n<li><span style=\"font-family: arial, helvetica, sans-serif; font-size: 18pt;\">1972: Las ruinas est\u00e1n clasificadas como sitio hist\u00f3rico y monumento.<\/span><\/li>\n<li><span style=\"font-family: arial, helvetica, sans-serif; font-size: 18pt;\">1984: Inicio de un segundo proyecto de restauraci\u00f3n.<\/span><\/li>\n<li><span style=\"font-family: arial, helvetica, sans-serif; font-size: 18pt;\">1992: Clasificado como patrimonio excepcional de Valonia.<\/span><\/li>\n<li><span style=\"font-family: arial, helvetica, sans-serif; font-size: 18pt;\">2010: Inicio de las obras de mejora y reunificaci\u00f3n de los 3 complejos.<\/span><\/li>\n<\/ul>\n<p><span style=\"font-family: arial, helvetica, sans-serif; font-size: 18pt;\">Fuente :<\/span><\/p>\n<p><a href=\"http:\/\/www.wiki-villers-la-ville.be\/index.php?title=Histoire_de_l%27abbaye#Chronologie_g.C3.A9n.C3.A9rale_de_l.27abbaye\">h<span style=\"font-family: arial, helvetica, sans-serif; font-size: 14pt;\">ttp:\/\/www.wiki-villers-la-ville.be\/index.php?title=Histoire_de_l%27abbaye#Chronologie_g.C3.A9n.C3.A9rale_de_l.27abbaye<\/span><\/a><br \/>\n<span style=\"font-family: arial, helvetica, sans-serif; font-size: 14pt;\"><a href=\"https:\/\/www.lavenir.net\/cnt\/dmf20190728_01361864\/dom-bruno-cloquette-dernier-abbe-de-villers\">https:\/\/www.lavenir.net\/cnt\/dmf20190728_01361864\/dom-bruno-cloquette-dernier-abbe-de-villers<\/a><\/span><br \/>\n<span style=\"font-family: arial, helvetica, sans-serif; font-size: 14pt;\"><a href=\"https:\/\/fr.wikipedia.org\/wiki\/Abbaye_de_Villers\">https:\/\/fr.wikipedia.org\/wiki\/Abbaye_de_Villers<\/a><\/span><\/p>","protected":false},"excerpt":{"rendered":"<p>&nbsp; &nbsp; Antoine Joseph CLOQUETTE fils de Fran\u00e7ois Joseph CLOQUETTE et de Anne Marie RAOUX\u00a0est n\u00e9 \u00e0 Ath le 8 f\u00e9vrier 1744. Apr\u00e8s de brillante \u00e9tude, il s\u2019inscrit \u00e0 la [&hellip;]<\/p>\n","protected":false},"author":2,"featured_media":3837,"comment_status":"open","ping_status":"open","sticky":false,"template":"","format":"standard","meta":{"_et_pb_use_builder":"","_et_pb_old_content":"","_et_gb_content_width":"","footnotes":""},"categories":[93,89],"tags":[],"class_list":["post-3836","post","type-post","status-publish","format-standard","has-post-thumbnail","hentry","category-nos-pistes","category-personnalites-belges","et-has-post-format-content","et_post_format-et-post-format-standard"],"aioseo_notices":[],"_links":{"self":[{"href":"https:\/\/geniwal.be\/es\/wp-json\/wp\/v2\/posts\/3836","targetHints":{"allow":["GET"]}}],"collection":[{"href":"https:\/\/geniwal.be\/es\/wp-json\/wp\/v2\/posts"}],"about":[{"href":"https:\/\/geniwal.be\/es\/wp-json\/wp\/v2\/types\/post"}],"author":[{"embeddable":true,"href":"https:\/\/geniwal.be\/es\/wp-json\/wp\/v2\/users\/2"}],"replies":[{"embeddable":true,"href":"https:\/\/geniwal.be\/es\/wp-json\/wp\/v2\/comments?post=3836"}],"version-history":[{"count":0,"href":"https:\/\/geniwal.be\/es\/wp-json\/wp\/v2\/posts\/3836\/revisions"}],"wp:featuredmedia":[{"embeddable":true,"href":"https:\/\/geniwal.be\/es\/wp-json\/wp\/v2\/media\/3837"}],"wp:attachment":[{"href":"https:\/\/geniwal.be\/es\/wp-json\/wp\/v2\/media?parent=3836"}],"wp:term":[{"taxonomy":"category","embeddable":true,"href":"https:\/\/geniwal.be\/es\/wp-json\/wp\/v2\/categories?post=3836"},{"taxonomy":"post_tag","embeddable":true,"href":"https:\/\/geniwal.be\/es\/wp-json\/wp\/v2\/tags?post=3836"}],"curies":[{"name":"wp","href":"https:\/\/api.w.org\/{rel}","templated":true}]}}