{"id":3870,"date":"2019-08-03T15:47:26","date_gmt":"2019-08-03T13:47:26","guid":{"rendered":"https:\/\/geniwal.be\/?p=3870"},"modified":"2023-04-09T21:03:50","modified_gmt":"2023-04-09T19:03:50","slug":"les-belges-dans-la-guerre-civil-en-amerique-2","status":"publish","type":"post","link":"https:\/\/geniwal.be\/es\/nos-pistes\/pistes-genealogiques-en-belgique\/emigration\/les-belges-dans-la-guerre-civil-en-amerique-2\/","title":{"rendered":"Belgas en la Guerra Civil estadounidense (Confederaci\u00f3n)"},"content":{"rendered":"<p><span style=\"font-size: 12pt;\"><strong><span style=\"font-family: arial, helvetica, sans-serif;\">LOS SOLDADOS DE LA GUERRA CIVIL<br \/>\n<\/span><\/strong><a href=\"http:\/\/freepages.rootsweb.com\/~belgintheamcivwar\/history\/general_cw.htm\"><span style=\"font-family: arial, helvetica, sans-serif;\">Voluntarios por pa\u00eds<\/span><\/a><\/span><br \/>\n<span style=\"font-size: 12pt;\"><a href=\"http:\/\/freepages.rootsweb.com\/~belgintheamcivwar\/history\/CS%20Army\/CSA.htm\"><span style=\"font-family: arial, helvetica, sans-serif;\">Soldado belga del ej\u00e9rcito confederado<\/span><\/a><\/span><\/p>\n<p><span style=\"font-family: arial, helvetica, sans-serif; font-size: 12pt;\">Para saber m\u00e1s sobre sus antepasados belgas que participaron en la Guerra de las Sesiones, aqu\u00ed tiene un enlace<\/span><br \/>\n<span style=\"font-family: arial, helvetica, sans-serif; font-size: 12pt;\">para saber m\u00e1s sobre esta guerra:\u00a0<a href=\"http:\/\/freepages.rootsweb.com\/~belgintheamcivwar\/history\/index.htm\">http:\/\/freepages.rootsweb.com\/~belgintheamcivwar\/history\/index.htm<\/a><\/span><\/p>\n<p><strong><span style=\"font-family: arial, helvetica, sans-serif; font-size: 12pt;\">Imagen :\u00a0<\/span><\/strong><a href=\"https:\/\/fr.dhgate.com\/product\/dhl-free-size-90x150cm-two-printed-flag-confederate\/444294327.html\"><span style=\"font-family: arial, helvetica, sans-serif; font-size: 12pt;\">https:\/\/fr.dhgate.com\/product\/dhl-free-size-90x150cm-two-printed-flag-confederate\/444294327.html<\/span><\/a><\/p>","protected":false},"excerpt":{"rendered":"<p>LES SOLDATS DE LA GUERRE CIVILE Volontaires par \u00e9tats Soldat belge dans l&rsquo;arm\u00e9e conf\u00e9d\u00e9r\u00e9e En savoir plus sur vos anc\u00eatres belges ayant particip\u00e9 \u00e0 la guerre de session voici un [&hellip;]<\/p>\n","protected":false},"author":2,"featured_media":3867,"comment_status":"open","ping_status":"open","sticky":false,"template":"","format":"standard","meta":{"_et_pb_use_builder":"","_et_pb_old_content":"","_et_gb_content_width":"","footnotes":""},"categories":[77,93],"tags":[],"class_list":["post-3870","post","type-post","status-publish","format-standard","has-post-thumbnail","hentry","category-emigration","category-nos-pistes","et-has-post-format-content","et_post_format-et-post-format-standard"],"aioseo_notices":[],"_links":{"self":[{"href":"https:\/\/geniwal.be\/es\/wp-json\/wp\/v2\/posts\/3870","targetHints":{"allow":["GET"]}}],"collection":[{"href":"https:\/\/geniwal.be\/es\/wp-json\/wp\/v2\/posts"}],"about":[{"href":"https:\/\/geniwal.be\/es\/wp-json\/wp\/v2\/types\/post"}],"author":[{"embeddable":true,"href":"https:\/\/geniwal.be\/es\/wp-json\/wp\/v2\/users\/2"}],"replies":[{"embeddable":true,"href":"https:\/\/geniwal.be\/es\/wp-json\/wp\/v2\/comments?post=3870"}],"version-history":[{"count":0,"href":"https:\/\/geniwal.be\/es\/wp-json\/wp\/v2\/posts\/3870\/revisions"}],"wp:featuredmedia":[{"embeddable":true,"href":"https:\/\/geniwal.be\/es\/wp-json\/wp\/v2\/media\/3867"}],"wp:attachment":[{"href":"https:\/\/geniwal.be\/es\/wp-json\/wp\/v2\/media?parent=3870"}],"wp:term":[{"taxonomy":"category","embeddable":true,"href":"https:\/\/geniwal.be\/es\/wp-json\/wp\/v2\/categories?post=3870"},{"taxonomy":"post_tag","embeddable":true,"href":"https:\/\/geniwal.be\/es\/wp-json\/wp\/v2\/tags?post=3870"}],"curies":[{"name":"wp","href":"https:\/\/api.w.org\/{rel}","templated":true}]}}