{"id":3896,"date":"2019-08-03T22:04:59","date_gmt":"2019-08-03T20:04:59","guid":{"rendered":"https:\/\/geniwal.be\/?p=3896"},"modified":"2023-04-09T20:47:31","modified_gmt":"2023-04-09T18:47:31","slug":"3896-2","status":"publish","type":"post","link":"https:\/\/geniwal.be\/es\/nos-pistes\/pistes-genealogiques-en-belgique\/emigration\/3896-2\/","title":{"rendered":""},"content":{"rendered":"<p>&nbsp;<\/p>\n<table width=\"100%\">\n<tbody>\n<tr>\n<td><span style=\"font-size: 18pt; font-family: arial, helvetica, sans-serif;\">1840-1880<\/span><br \/>\n<span style=\"font-size: 18pt; font-family: arial, helvetica, sans-serif;\"><strong>Indiana<\/strong><\/span><\/td>\n<td><span style=\"font-size: 18pt; font-family: arial, helvetica, sans-serif;\"><strong>colectivo<\/strong>: \"\u00a0<em>Historia de los condados de Warrick, Spencer y Perry, Indiana<\/em>\"\u00a0<\/span><br \/>\n<span style=\"font-size: 18pt; font-family: arial, helvetica, sans-serif;\">Goodspeed Bros &amp; Co publicado originalmente en 1882<strong><br \/>\nEdici\u00f3n en Internet del sitio web de Deb Murray(<em>ver enlaces web<\/em>):\u00a0<\/strong>Biograf\u00edas del Condado de Perry<\/span><\/td>\n<td><\/td>\n<\/tr>\n<tr>\n<td><span style=\"font-size: 18pt; font-family: arial, helvetica, sans-serif;\">1860-1865<\/span><br \/>\n<span style=\"font-size: 18pt; font-family: arial, helvetica, sans-serif;\"><strong>Guerra Civil<\/strong>\u00a0<\/span><\/td>\n<td><span style=\"font-size: 18pt; font-family: arial, helvetica, sans-serif;\"><strong>Francisco BALACE<\/strong>:\u00a0<em>B\u00e9lgica y la Guerra Civil estadounidense, 1861-1865, estudio diplom\u00e1tico<\/em><\/span><br \/>\n<span style=\"font-size: 18pt; font-family: arial, helvetica, sans-serif;\">Universidad de Lieja, Lieja, 1979<\/span><\/td>\n<td><\/td>\n<\/tr>\n<tr>\n<td><span style=\"font-size: 18pt; font-family: arial, helvetica, sans-serif;\">1860-1865<\/span><br \/>\n<span style=\"font-size: 18pt; font-family: arial, helvetica, sans-serif;\"><strong>Guerra Civil<br \/>\ny Luisiana<\/strong>\u00a0<\/span><\/td>\n<td><span style=\"font-size: 18pt; font-family: arial, helvetica, sans-serif;\"><strong>Francisco BALACE<\/strong>:\u00a0<em>La Guerra Civil estadounidense y B\u00e9lgica: documentos de archivo estadounidenses 1861-1865<\/em><\/span><br \/>\n<span style=\"font-size: 18pt; font-family: arial, helvetica, sans-serif;\">Ed. Nauwelaerts, Lovaina, 1969<\/span><\/td>\n<td><\/td>\n<\/tr>\n<tr>\n<td><span style=\"font-size: 18pt; font-family: arial, helvetica, sans-serif;\">1860-1865<\/span><br \/>\n<span style=\"font-size: 18pt; font-family: arial, helvetica, sans-serif;\"><strong>Guerra Civil<\/strong>\u00a0<\/span><\/td>\n<td><span style=\"font-size: 18pt; font-family: arial, helvetica, sans-serif;\"><strong>Francisco BALACE<\/strong>\u00a0:\u00a0<em>Las unidades belgas de la Milicia de Luisiana<br \/>\n<\/em>Revue Belge d'Histoire Militaire XVI\/6, Bruselas, 1966\u00a0<\/span><\/td>\n<td><\/td>\n<\/tr>\n<tr>\n<td><span style=\"font-size: 18pt; font-family: arial, helvetica, sans-serif;\">1860-1865<\/span><br \/>\n<span style=\"font-size: 18pt; font-family: arial, helvetica, sans-serif;\"><strong>Guerra Civil<\/strong>\u00a0<\/span><\/td>\n<td><span style=\"font-size: 18pt; font-family: arial, helvetica, sans-serif;\"><strong>Francisco BALACE<\/strong>\u00a0:\u00a0<em>Marineros belgas en la Guerra Civil estadounidense 1861-1865<br \/>\n<\/em>(Revue Belge d'Histoire Militaire n\u00b0 XXI) Museo Real del Ej\u00e9rcito, Bruselas, 1976<\/span><\/td>\n<td><\/td>\n<\/tr>\n<tr>\n<td><span style=\"font-size: 18pt; font-family: arial, helvetica, sans-serif;\">1860-1865<\/span><br \/>\n<span style=\"font-size: 18pt; font-family: arial, helvetica, sans-serif;\"><strong>Guerra Civil<\/strong>\u00a0<\/span><\/td>\n<td><span style=\"font-size: 18pt; font-family: arial, helvetica, sans-serif;\"><strong>Francisco BALACE<\/strong>\u00a0:\u00a0<em>Oficiales belgas en el ej\u00e9rcito federal estadounidense 1861-1865<br \/>\n<\/em>pp 336-347<\/span><\/td>\n<td><\/td>\n<\/tr>\n<tr>\n<td><span style=\"font-size: 18pt; font-family: arial, helvetica, sans-serif;\">1860-1865<\/span><br \/>\n<span style=\"font-size: 18pt; font-family: arial, helvetica, sans-serif;\"><strong>Guerra Civil<br \/>\n&amp; Nueva York<\/strong>\u00a0<\/span><\/td>\n<td><span style=\"font-size: 18pt; font-family: arial, helvetica, sans-serif;\"><strong>Francisco BALACE<\/strong>\u00a0:\u00a0<em>Oficiales belgas de un cuerpo libre neoyorquino \"Les Enfants Perdus\" 1861-1865<br \/>\n<\/em>Centre D'histoire miliaire, Mus\u00e9e royal de l'arm\u00e9e et d'histoire militaire, Bruselas, 1969;<\/span><\/td>\n<td><\/td>\n<\/tr>\n<tr>\n<td><span style=\"font-size: 18pt; font-family: arial, helvetica, sans-serif;\">1860-1865<\/span><br \/>\n<span style=\"font-size: 18pt; font-family: arial, helvetica, sans-serif;\"><strong>Guerra Civil<\/strong>\u00a0<\/span><\/td>\n<td><span style=\"font-size: 18pt; font-family: arial, helvetica, sans-serif;\"><strong>Francisco BALACE<\/strong>:\u00a0<em>Reclutamiento en B\u00e9lgica de tropas federales<br \/>\n<\/em>Centro de Estudios Americanos, Bruselas, 1970<\/span><\/td>\n<td><\/td>\n<\/tr>\n<tr>\n<td><span style=\"font-size: 18pt; font-family: arial, helvetica, sans-serif;\"><strong>\u00a0Emigraci\u00f3n<\/strong><\/span><\/td>\n<td><span style=\"font-size: 18pt; font-family: arial, helvetica, sans-serif;\"><strong>Joseph DELMELLE<\/strong>:\u00a0<em>Expansi\u00f3n valona fuera de Europa<\/em><\/span><br \/>\n<span style=\"font-size: 18pt; font-family: arial, helvetica, sans-serif;\">Instituto Jules Destr\u00e9e, Gilly, 1967<\/span><\/td>\n<td><\/td>\n<\/tr>\n<tr>\n<td><span style=\"font-size: 18pt; font-family: arial, helvetica, sans-serif;\"><strong>\u00a0Wisconsin<\/strong><\/span><\/td>\n<td><span style=\"font-size: 18pt; font-family: arial, helvetica, sans-serif;\"><strong>Mary A. DEFNET; Jean DUCAT; Thierry EGGERICKX; Michel POULAIN<\/strong>:\u00a0<em>De Grez-Doiceau a Wisconsin<\/em><\/span><br \/>\n<span style=\"font-size: 18pt; font-family: arial, helvetica, sans-serif;\">De Boeck-Wesmael, 1986 en\u00a0<strong>Colecci\u00f3n del Estado de Wisconsin<\/strong><\/span><\/td>\n<td><\/td>\n<\/tr>\n<tr>\n<td><span style=\"font-size: 18pt; font-family: arial, helvetica, sans-serif;\"><strong>\u00a0<\/strong><\/span><\/td>\n<td><span style=\"font-size: 18pt; font-family: arial, helvetica, sans-serif;\"><strong>Edouard de MOREAU\u00a0<\/strong>S. J.:\u00a0<em>Misioneros belgas desde 1804 hasta nuestros d\u00edas<\/em><\/span><br \/>\n<span style=\"font-size: 18pt; font-family: arial, helvetica, sans-serif;\">Editions Universitaires, Les presses de Belgique<\/span><\/td>\n<td><\/td>\n<\/tr>\n<tr>\n<td><span style=\"font-size: 18pt; font-family: arial, helvetica, sans-serif;\"><strong>Leopold,<br \/>\nIndiana<\/strong><\/span><\/td>\n<td><span style=\"font-size: 18pt; font-family: arial, helvetica, sans-serif;\"><strong>De La Hunt, Thomas James.<\/strong>\u00a0 :\u00a0<em>Historia del condado de Perry<\/em><\/span><br \/>\n<span style=\"font-size: 18pt; font-family: arial, helvetica, sans-serif;\">\u00a0Indian\u00e1polis: W.K. Stewart Co. 1916, 371 p\u00e1gs.<\/span><\/td>\n<td><\/td>\n<\/tr>\n<tr>\n<td><span style=\"font-size: 18pt; font-family: arial, helvetica, sans-serif;\"><strong>\u00a0Wisconsin<\/strong><\/span><\/td>\n<td><span style=\"font-size: 18pt; font-family: arial, helvetica, sans-serif;\"><strong>Antoine DE SMET<\/strong>:\u00a0\u00a0<em>Fran\u00e7ois C. P\u00e9tiniot y la emigraci\u00f3n valona al noreste de Wisconsin de 1853 a 1856<\/em><\/span><br \/>\n<span style=\"font-size: 18pt; font-family: arial, helvetica, sans-serif;\">Wavriensa, Tomo II n\u00b02, 1953<\/span><\/td>\n<td><\/td>\n<\/tr>\n<tr>\n<td><span style=\"font-size: 18pt; font-family: arial, helvetica, sans-serif;\"><strong>\u00a0Emigraci\u00f3n<\/strong><\/span><\/td>\n<td><span style=\"font-size: 18pt; font-family: arial, helvetica, sans-serif;\"><strong>Antoine DE SMET<\/strong>:<strong>...<\/strong><em>\u00c1lbum Antoine DE SMET<\/em><\/span><br \/>\n<span style=\"font-size: 18pt; font-family: arial, helvetica, sans-serif;\">Publicado por el Centre national d'histoire des sciences, Bruselas, 1974<\/span><\/td>\n<td><\/td>\n<\/tr>\n<tr>\n<td><span style=\"font-size: 18pt; font-family: arial, helvetica, sans-serif;\"><strong>\u00a0Wisconsin<\/strong><\/span><\/td>\n<td><span style=\"font-size: 18pt; font-family: arial, helvetica, sans-serif;\"><strong>Antoine DE SMET<\/strong>:\u00a0\u00a0<em>Antecedentes y aspectos poco conocidos de la emigraci\u00f3n belga al noreste de Wisconsin de 1853 a 1856<\/em><\/span><br \/>\n<span style=\"font-size: 18pt; font-family: arial, helvetica, sans-serif;\">Wavriensa, Tome 1 n\u00b05, 1952<\/span><\/td>\n<td><\/td>\n<\/tr>\n<tr>\n<td><span style=\"font-size: 18pt; font-family: arial, helvetica, sans-serif;\"><strong>\u00a0Wisconsin<\/strong><\/span><\/td>\n<td><span style=\"font-size: 18pt; font-family: arial, helvetica, sans-serif;\"><strong>Antoine DE SMET<\/strong>:\u00a0<em>La comunidad belga del noreste de Wisconsin. Sus or\u00edgenes - su desarrollo hasta 1900<\/em><\/span><br \/>\n<span style=\"font-size: 18pt; font-family: arial, helvetica, sans-serif;\">Wavriensa, Tomo VI n\u00b05-6-7-8, 1957<\/span><\/td>\n<td><\/td>\n<\/tr>\n<tr>\n<td><span style=\"font-size: 18pt; font-family: arial, helvetica, sans-serif;\"><strong>Guerra Civil<br \/>\n&amp; Indiana<\/strong><\/span><\/td>\n<td><span style=\"font-size: 18pt; font-family: arial, helvetica, sans-serif;\"><strong>Henry DEVILLEZ<\/strong>\u00a0:\u00a0<em>Andersonville<\/em><\/span><br \/>\n<span style=\"font-size: 18pt; font-family: arial, helvetica, sans-serif;\">Revista de Historia de Indiana vol. II(1915) pp 144-147<\/span><\/td>\n<td><\/td>\n<\/tr>\n<tr>\n<td><span style=\"font-size: 18pt; font-family: arial, helvetica, sans-serif;\"><strong>\u00a0Wisconsin<\/strong><\/span><\/td>\n<td><span style=\"font-size: 18pt; font-family: arial, helvetica, sans-serif;\"><strong>Jean DUCAT<\/strong>:\u00a0<em>Arlonais fundadores de B\u00e9lgica-Wisconsin<\/em><\/span><br \/>\n<span style=\"font-size: 18pt; font-family: arial, helvetica, sans-serif;\">Luxemburgo B\u00e9lgica Am\u00e9rica, 1993<\/span><\/td>\n<td><\/td>\n<\/tr>\n<tr>\n<td><span style=\"font-size: 18pt; font-family: arial, helvetica, sans-serif;\"><strong>\u00a0Indiana<\/strong><\/span><\/td>\n<td><span style=\"font-size: 18pt; font-family: arial, helvetica, sans-serif;\"><strong>Jean DUCAT<\/strong>:\u00a0<em>De Semois a Indiana: una contribuci\u00f3n al estudio de la emigraci\u00f3n del sur de B\u00e9lgica a Am\u00e9rica en el siglo XIX<\/em><\/span><br \/>\n<span style=\"font-size: 18pt; font-family: arial, helvetica, sans-serif;\">Biesme-Mettet, B\u00e9lgica, 1992<\/span><\/td>\n<td><\/td>\n<\/tr>\n<tr>\n<td><span style=\"font-family: arial, helvetica, sans-serif; font-size: 18pt;\"><strong>\u00a0<\/strong><\/span><\/td>\n<td><span style=\"font-family: arial, helvetica, sans-serif; font-size: 18pt;\"><strong>Jean DUCAT<\/strong>:\u00a0<em>Lorena belga en Am\u00e9rica<\/em><\/span><br \/>\n<span style=\"font-family: arial, helvetica, sans-serif; font-size: 18pt;\">Biesme-Mettet, B\u00e9lgica, 1992<\/span><\/td>\n<td><\/td>\n<\/tr>\n<tr>\n<td><span style=\"font-family: arial, helvetica, sans-serif; font-size: 18pt;\"><strong>\u00a0<\/strong><\/span><\/td>\n<td><span style=\"font-family: arial, helvetica, sans-serif; font-size: 18pt;\"><strong>Jean DUCAT<\/strong>:\u00a0<em>Namur en el Nuevo Mundo<\/em><\/span><br \/>\n<span style=\"font-family: arial, helvetica, sans-serif; font-size: 18pt;\">Biesme-Mettet, B\u00e9lgica, 1995<\/span><\/td>\n<td><\/td>\n<\/tr>\n<tr>\n<td><\/td>\n<td><span style=\"font-family: arial, helvetica, sans-serif; font-size: 18pt;\"><strong>Jean DUCAT<\/strong>:\u00a0<em>Los braban\u00e7ons en el Nuevo Mundo: una contribuci\u00f3n al estudio de la emigraci\u00f3n del sur de B\u00e9lgica a Am\u00e9rica en el siglo XIX\u00a0<\/em><\/span><br \/>\n<span style=\"font-family: arial, helvetica, sans-serif; font-size: 18pt;\">Biesme-Mettet, B\u00e9lgica: Belgian American Heritage, 2000 en\u00a0<strong>Colecci\u00f3n del Estado de Wisconsin<\/strong><\/span><\/td>\n<td><\/td>\n<\/tr>\n<tr>\n<td><span style=\"font-family: arial, helvetica, sans-serif; font-size: 18pt;\"><strong>\u00a0<\/strong><\/span><\/td>\n<td><span style=\"font-family: arial, helvetica, sans-serif; font-size: 18pt;\"><strong>Jean DUCAT<\/strong>:\u00a0<em>Un pa\u00eds Charleroi en Am\u00e9rica<\/em><\/span><br \/>\n<span style=\"font-family: arial, helvetica, sans-serif; font-size: 18pt;\">Jean Ducat, Charleroi, 1992<\/span><\/td>\n<td><\/td>\n<\/tr>\n<tr>\n<td><span style=\"font-family: arial, helvetica, sans-serif; font-size: 18pt;\"><strong>\u00a0<\/strong><\/span><\/td>\n<td><span style=\"font-family: arial, helvetica, sans-serif; font-size: 18pt;\"><strong>Robert GOFFIN<\/strong>:\u00a0<em>Los valones, fundadores de Nueva York<\/em><\/span><br \/>\n<span style=\"font-family: arial, helvetica, sans-serif; font-size: 18pt;\">Instituto Jules Destr\u00e9e, Charleroi, 1970<\/span><\/td>\n<td><\/td>\n<\/tr>\n<tr>\n<td><span style=\"font-family: arial, helvetica, sans-serif; font-size: 18pt;\"><strong>\u00a0<\/strong><\/span><\/td>\n<td><span style=\"font-family: arial, helvetica, sans-serif; font-size: 18pt;\"><strong>Andr\u00e9 HAUSSY<\/strong>:\u00a0<em>De Henao al Mississippi<\/em><\/span><br \/>\n<span style=\"font-family: arial, helvetica, sans-serif; font-size: 18pt;\">Imprimerie Y. Robert, 1996<\/span><\/td>\n<td><\/td>\n<\/tr>\n<tr>\n<td><span style=\"font-family: arial, helvetica, sans-serif; font-size: 18pt;\"><strong>Wisconsin<\/strong><\/span><\/td>\n<td><span style=\"font-family: arial, helvetica, sans-serif; font-size: 18pt;\"><strong>Hjalmar R. HOLAND :<\/strong>\u00a0<em>Comunidad belga de Wisconsin<\/em>\u00a0<\/span><\/td>\n<td><\/td>\n<\/tr>\n<tr>\n<td><span style=\"font-family: arial, helvetica, sans-serif; font-size: 18pt;\"><strong>Wisconsin<\/strong><\/span><\/td>\n<td><span style=\"font-family: arial, helvetica, sans-serif; font-size: 18pt;\"><strong>Hjalmar R. HOLAND :<\/strong>\u00a0<em>Viejos d\u00edas de la pen\u00ednsula: relatos y semblanzas de la pen\u00ednsula del condado de Door<\/em><\/span><br \/>\n<span style=\"font-family: arial, helvetica, sans-serif; font-size: 18pt;\">Wm Caxton Ltd, 1990 (a partir de la edici\u00f3n de 1925)<\/span><\/td>\n<td><\/td>\n<\/tr>\n<tr>\n<td><span style=\"font-family: arial, helvetica, sans-serif; font-size: 18pt;\"><strong>\u00a0Indiana<\/strong><\/span><\/td>\n<td><span style=\"font-family: arial, helvetica, sans-serif; font-size: 18pt;\"><strong>Judy HOWE<\/strong>\u00a0:\u00a0<em>Leopold: una historia<\/em><\/span><br \/>\n<span style=\"font-family: arial, helvetica, sans-serif; font-size: 18pt;\">Judy (Holman) Howe, Editora, Condado de Perry<\/span><\/td>\n<td><\/td>\n<\/tr>\n<tr>\n<td><span style=\"font-family: arial, helvetica, sans-serif; font-size: 18pt;\"><strong>\u00a0Emigraci\u00f3n<\/strong><\/span><\/td>\n<td><span style=\"font-family: arial, helvetica, sans-serif; font-size: 18pt;\"><strong>G. KURGAN - E. SPELKENS<\/strong>:\u00a0<em>Dos estudios sobre la emigraci\u00f3n al Nuevo Mundo a trav\u00e9s de Amberes<\/em><\/span><br \/>\n<span style=\"font-family: arial, helvetica, sans-serif; font-size: 18pt;\">Centro de Estudios Americanos, Bruselas, 1976<\/span><\/td>\n<td><\/td>\n<\/tr>\n<tr>\n<td><span style=\"font-family: arial, helvetica, sans-serif; font-size: 18pt;\"><strong>\u00a0Biograf\u00eda<\/strong><\/span><\/td>\n<td><span style=\"font-family: arial, helvetica, sans-serif; font-size: 18pt;\"><strong>Andr\u00e9 LEDERER<\/strong>\u00a0:\u00a0<em>Jean-Baptiste VIFQUAIN, gran patriota e ingeniero poco conocido<\/em><\/span><br \/>\n<span style=\"font-family: arial, helvetica, sans-serif; font-size: 18pt;\">F\u00e9d\u00e9ration du Tourisme de la Province de Hainaut, Mons, 1986<\/span><\/td>\n<td><\/td>\n<\/tr>\n<tr>\n<td><span style=\"font-family: arial, helvetica, sans-serif; font-size: 18pt;\"><strong>Wisconsin\u00a0<\/strong><\/span><\/td>\n<td><span style=\"font-family: arial, helvetica, sans-serif; font-size: 18pt;\"><strong>Xavier MARTIN<\/strong>:\u00a0<em>Los belgas del noreste de Wisconsin<\/em><\/span><br \/>\n<span style=\"font-family: arial, helvetica, sans-serif; font-size: 18pt;\">Sociedad Hist\u00f3rica Estatal de Wisconsin, Vol. XIII, pp. 375-396<\/span><\/td>\n<td><\/td>\n<\/tr>\n<tr>\n<td><span style=\"font-family: arial, helvetica, sans-serif; font-size: 18pt;\"><strong>\u00a0Texas<\/strong><\/span><\/td>\n<td><span style=\"font-family: arial, helvetica, sans-serif; font-size: 18pt;\"><strong>Samuel P. NESMITH<\/strong>:\u00a0<em>Los tejanos belgas<\/em><\/span><br \/>\n<span style=\"font-family: arial, helvetica, sans-serif; font-size: 18pt;\">Universidad de Texas, San Antonio, 1982<\/span><\/td>\n<td><\/td>\n<\/tr>\n<tr>\n<td><span style=\"font-family: arial, helvetica, sans-serif; font-size: 18pt;\"><strong>\u00a0California<br \/>\n&amp; Oreg\u00f3n<\/strong><\/span><\/td>\n<td><span style=\"font-family: arial, helvetica, sans-serif; font-size: 18pt;\"><strong>Jean Nicolas PERLOT<\/strong>:\u00a0<em>Chercheur d'or, Vida y aventuras de un ni\u00f1o de las Ardenas<\/em><\/span><br \/>\n<span style=\"font-family: arial, helvetica, sans-serif; font-size: 18pt;\">adaptaci\u00f3n y presentaci\u00f3n por Andr\u00e9 Dejardin, duculot, Gemboux, 1974<\/span><\/td>\n<td><\/td>\n<\/tr>\n<tr>\n<td><span style=\"font-family: arial, helvetica, sans-serif; font-size: 18pt;\"><strong>\u00a0California<br \/>\n&amp; Oreg\u00f3n<\/strong><\/span><\/td>\n<td><span style=\"font-family: arial, helvetica, sans-serif; font-size: 18pt;\"><strong>Jean Nicolas PERLOT<\/strong>:\u00a0<em>Gold Seeker, Aventuras de un argonauta belga durante los a\u00f1os de la fiebre del oro<\/em><\/span><br \/>\n<span style=\"font-family: arial, helvetica, sans-serif; font-size: 18pt;\">traducido por Helen Harding Bretnor, Yale University Press, 1985<\/span><\/td>\n<td><\/td>\n<\/tr>\n<tr>\n<td><span style=\"font-family: arial, helvetica, sans-serif; font-size: 18pt;\"><strong>Emigraci\u00f3n<\/strong><\/span><\/td>\n<td><span style=\"font-family: arial, helvetica, sans-serif; font-size: 18pt;\"><strong>Edmond PICART<\/strong>\u00a0:\u00a0<em>Diario de un adolescente<\/em><\/span><br \/>\n<span style=\"font-family: arial, helvetica, sans-serif; font-size: 18pt;\">Bruselas, Vve Ferdinand Larcier, 1910<\/span><\/td>\n<td><\/td>\n<\/tr>\n<tr>\n<td><span style=\"font-family: arial, helvetica, sans-serif; font-size: 18pt;\"><strong>\u00a0Nueva York<\/strong><\/span><\/td>\n<td><span style=\"font-family: arial, helvetica, sans-serif; font-size: 18pt;\"><strong>Charles-Robert PINT<\/strong>:\u00a0<em>Hainaut y la Fundaci\u00f3n de Nueva York<\/em><\/span><br \/>\n<span style=\"font-family: arial, helvetica, sans-serif; font-size: 18pt;\">F\u00e9d\u00e9ration du Tourisme de la Province de Hainaut, Mons, 1986<\/span><\/td>\n<td><\/td>\n<\/tr>\n<tr>\n<td><span style=\"font-family: arial, helvetica, sans-serif; font-size: 18pt;\"><strong>\u00a0Nueva York<\/strong><\/span><\/td>\n<td><span style=\"font-family: arial, helvetica, sans-serif; font-size: 18pt;\"><strong>Pierre-Jean SCHAEFFER<\/strong>:\u00a0<em>En 1624, pioneros de Henao fundaron... Nueva York<\/em><\/span><br \/>\n<span style=\"font-family: arial, helvetica, sans-serif; font-size: 18pt;\">Universidad del Trabajo Paul Pastur, Charleroi, 1999<\/span><\/td>\n<td><\/td>\n<\/tr>\n<tr>\n<td><span style=\"font-family: arial, helvetica, sans-serif; font-size: 18pt;\"><strong>\u00a0Texas<\/strong><\/span><\/td>\n<td><span style=\"font-family: arial, helvetica, sans-serif; font-size: 18pt;\"><strong>Barry SCOBEE<\/strong><em>Antiguo Fuerte Davis<\/em><\/span><br \/>\n<span style=\"font-family: arial, helvetica, sans-serif; font-size: 18pt;\">The Naylor Company, San Antonio, Texas, 1947<\/span><\/td>\n<td><\/td>\n<\/tr>\n<tr>\n<td><span style=\"font-family: arial, helvetica, sans-serif; font-size: 18pt;\"><strong>\u00a0Guerra Civil<br \/>\ny Nebraska<\/strong><\/span><\/td>\n<td><span style=\"font-family: arial, helvetica, sans-serif; font-size: 18pt;\"><strong>Jeffrey H. SMITH<\/strong><em>Un franc\u00e9s lucha por la Uni\u00f3n, Victor Vifquain y el 97\u00ba de Illinois<\/em><\/span><br \/>\n<span style=\"font-family: arial, helvetica, sans-serif; font-size: 18pt;\">Patrick Publishing, Varna, Illinois, 1992<\/span><\/td>\n<td><\/td>\n<\/tr>\n<tr>\n<td><span style=\"font-family: arial, helvetica, sans-serif; font-size: 18pt;\"><strong>\u00a0<\/strong>Leopold<strong><br \/>\nIndiana<\/strong><\/span><\/td>\n<td><span style=\"font-family: arial, helvetica, sans-serif; font-size: 18pt;\"><strong>Ernest STRAHL<\/strong>:\u00a0<em>Mis tres amores : Mar\u00eda, la Madre de Dios; El sacerdocio; Iglesia de San Agust\u00edn, Leopold, Ind.<\/em><\/span><br \/>\n<span style=\"font-family: arial, helvetica, sans-serif; font-size: 18pt;\">The criterion Press, Inc, Indian\u00e1polis, Indiana, 1994<\/span><\/td>\n<td><\/td>\n<\/tr>\n<tr>\n<td><span style=\"font-family: arial, helvetica, sans-serif; font-size: 18pt;\"><strong>\u00a0Indiana<\/strong><\/span><\/td>\n<td><span style=\"font-family: arial, helvetica, sans-serif; font-size: 18pt;\"><strong>Henry A. VERSLYPE<\/strong>\u00a0:\u00a0<em>Los belgas de Indiana<\/em><\/span><br \/>\n<span style=\"font-family: arial, helvetica, sans-serif; font-size: 18pt;\">Evangel Press; Nappanee, Indiana; 1987<strong>;<\/strong>\u00a0<\/span><\/td>\n<td><\/td>\n<\/tr>\n<tr>\n<td><span style=\"font-family: arial, helvetica, sans-serif; font-size: 18pt;\"><strong>\u00a0<\/strong><\/span><\/td>\n<td><span style=\"font-family: arial, helvetica, sans-serif; font-size: 18pt;\"><strong>Arthur VERTHE<\/strong>:\u00a0<em>150 a\u00f1os de flamencos en Detroit<\/em><\/span><br \/>\n<span style=\"font-family: arial, helvetica, sans-serif; font-size: 18pt;\">Lannoo - Tielt, 1983\u00a0<\/span><\/td>\n<td><\/td>\n<\/tr>\n<tr>\n<td><span style=\"font-family: arial, helvetica, sans-serif; font-size: 18pt;\"><strong>\u00a0Biograf\u00eda<\/strong><\/span><\/td>\n<td><span style=\"font-family: arial, helvetica, sans-serif; font-size: 18pt;\"><strong>Liliane WELLENS-DE DONDER<\/strong>:\u00a0<em>Jean-Charles HOUZEAU, 1820-1888<\/em><\/span><br \/>\n<span style=\"font-family: arial, helvetica, sans-serif; font-size: 18pt;\">Biblioth\u00e8que Royale Albert 1er, Bruselas, 1994<\/span><\/td>\n<\/tr>\n<\/tbody>\n<\/table>\n<p>&nbsp;<\/p>\n<p><strong><span style=\"font-family: arial, helvetica, sans-serif; font-size: 18pt;\">Fuentes :<\/span><\/strong><br \/>\n<span style=\"font-size: 18pt; font-family: arial, helvetica, sans-serif;\">http:\/\/freepages.rootsweb.com\/~belgintheamcivwar\/history\/Publications\/BooksArticles.htm<\/span><\/p>\n<p><span style=\"font-size: 18pt; font-family: arial, helvetica, sans-serif;\"><strong>Fuente de im\u00e1genes :<\/strong><br \/>\nhttps:\/\/www.rendeux.be\/loisirs\/culture\/bibliotheques\/livres.jpg\/image_view_fullscreen<br \/>\n<\/span><\/p>\n<p>&nbsp;<\/p>\n<p>&nbsp;<\/p>\n<p>&nbsp;<\/p>\n<p>&nbsp;<\/p>\n<p>&nbsp;<\/p>\n<p>&nbsp;<\/p>\n<p>&nbsp;<\/p>\n<p>&nbsp;<\/p>\n<p>&nbsp;<\/p>\n<p>&nbsp;<\/p>\n<p>&nbsp;<\/p>\n<p>&nbsp;<\/p>\n<p>&nbsp;<\/p>\n<p>&nbsp;<\/p>","protected":false},"excerpt":{"rendered":"<p>&nbsp; 1840-1880 Indiana collectif: \u00ab\u00a0History of Warrick, Spencer and Perry Counties, Indiana\u00ab\u00a0 Goodspeed Bros &amp; Co originaly published in 1882 Internet edition from the web site of Deb Murray(see web [&hellip;]<\/p>\n","protected":false},"author":2,"featured_media":3898,"comment_status":"open","ping_status":"open","sticky":false,"template":"","format":"standard","meta":{"_et_pb_use_builder":"","_et_pb_old_content":"","_et_gb_content_width":"","footnotes":""},"categories":[77,93],"tags":[],"class_list":["post-3896","post","type-post","status-publish","format-standard","has-post-thumbnail","hentry","category-emigration","category-nos-pistes","et-has-post-format-content","et_post_format-et-post-format-standard"],"aioseo_notices":[],"_links":{"self":[{"href":"https:\/\/geniwal.be\/es\/wp-json\/wp\/v2\/posts\/3896","targetHints":{"allow":["GET"]}}],"collection":[{"href":"https:\/\/geniwal.be\/es\/wp-json\/wp\/v2\/posts"}],"about":[{"href":"https:\/\/geniwal.be\/es\/wp-json\/wp\/v2\/types\/post"}],"author":[{"embeddable":true,"href":"https:\/\/geniwal.be\/es\/wp-json\/wp\/v2\/users\/2"}],"replies":[{"embeddable":true,"href":"https:\/\/geniwal.be\/es\/wp-json\/wp\/v2\/comments?post=3896"}],"version-history":[{"count":0,"href":"https:\/\/geniwal.be\/es\/wp-json\/wp\/v2\/posts\/3896\/revisions"}],"wp:featuredmedia":[{"embeddable":true,"href":"https:\/\/geniwal.be\/es\/wp-json\/wp\/v2\/media\/3898"}],"wp:attachment":[{"href":"https:\/\/geniwal.be\/es\/wp-json\/wp\/v2\/media?parent=3896"}],"wp:term":[{"taxonomy":"category","embeddable":true,"href":"https:\/\/geniwal.be\/es\/wp-json\/wp\/v2\/categories?post=3896"},{"taxonomy":"post_tag","embeddable":true,"href":"https:\/\/geniwal.be\/es\/wp-json\/wp\/v2\/tags?post=3896"}],"curies":[{"name":"wp","href":"https:\/\/api.w.org\/{rel}","templated":true}]}}