{"id":3906,"date":"2019-08-05T17:13:21","date_gmt":"2019-08-05T15:13:21","guid":{"rendered":"https:\/\/geniwal.be\/?p=3906"},"modified":"2023-04-05T17:29:07","modified_gmt":"2023-04-05T15:29:07","slug":"rafael-merry-del-val","status":"publish","type":"post","link":"https:\/\/geniwal.be\/es\/nos-pistes\/non-classe\/rafael-merry-del-val\/","title":{"rendered":"Rafael Merry del Val y Zulueta Wilcox"},"content":{"rendered":"<p><span style=\"font-size: 14pt;\"><span style=\"font-family: arial, helvetica, sans-serif;\">Rafael Merry del Val y Zulueta Wilcox nacido el\u00a0<time class=\"nowrap date-lien\" datetime=\"1865-10-10\" data-sort-value=\"1865-10-10\">10 de octubre de 1865<\/time>\u00a0 en Londres hijo de\u00a0<strong>Rafael Carlos Merry del Val\u00a0<\/strong>nacido el 04 de noviembre en San Sebasti\u00e1n y fallecido el 29 de agosto de 1917 y\u00a0<strong>Sof\u00eda Josefa de Zulueta<\/strong> (nacido en 1864 y fallecido en 1925). Regres\u00f3 a B\u00e9lgica en 1878 y fue ordenado sacerdote el 30 de diciembre de 1888. Su carrera curial fue una de las m\u00e1s mete\u00f3ricas de la historia eclesi\u00e1stica: fue c\u00e1mara secreto supernumerario a los 21 a\u00f1os, c\u00e1mara secreto participante a los 26 a\u00f1os, delegado apost\u00f3lico en Canad\u00e1 a los 31 a\u00f1os, presidente de la Academia de Nobles Eclesi\u00e1sticos y arzobispo a los 34 a\u00f1os, secretario de Estado y cardenal a los 38 a\u00f1os, arcipreste de la bas\u00edlica de San Pedro y prefecto de la F\u00e1brica de San Pedro a los 48 a\u00f1os, secretario del Santo Oficio a los 49 a\u00f1os. Fue nombrado Secretario de Estado y principal colaborador de P\u00edo X.  Muri\u00f3 el\u00a0<time class=\"nowrap date-lien\" datetime=\"1930-02-26\" data-sort-value=\"1930-02-26\">26 de febrero de 1930 en Roma\u00a0<\/time>durante una operaci\u00f3n de apendicitis aguda. El funeral tuvo lugar en la Bas\u00edlica de San Pedro y el 3 de marzo de 1930 fue enterrado en la cripta. El 31 de julio de 1931, una nueva tumba, donada por el gobierno espa\u00f1ol, fue consagrada por el cardenal Eugenio Pacelli, futuro Papa P\u00edo XII. Su proceso de beatificaci\u00f3n se abri\u00f3 el 26 de febrero de 1953 y sigue pendiente.<\/span><\/span><\/p>\n<p><span style=\"font-size: 14pt;\"><strong><span style=\"font-family: arial, helvetica, sans-serif;\">Fuentes :<br \/>\n<\/span><\/strong><span style=\"font-family: arial, helvetica, sans-serif;\">https:\/\/journals.openedition.org\/mefrim\/2415<\/span><\/span><br \/>\n<span style=\"font-family: arial, helvetica, sans-serif; font-size: 14pt;\">https:\/\/fr.qwerty.wiki\/wiki\/Rafael_Merry_del_Val<\/span><br \/>\n<span style=\"font-family: arial, helvetica, sans-serif; font-size: 14pt;\">https:\/\/www.lavenir.net\/cnt\/dmf20190804_01364065\/un-waterlootois-a-failli-devenir-pape<br \/>\nhttps:\/\/www.universalis.fr\/encyclopedie\/rafael-merry-del-val\/<br \/>\n<\/span><\/p>\n<p><span style=\"font-size: 14pt;\"><strong><span style=\"font-family: arial, helvetica, sans-serif;\">Fuente de im\u00e1genes :<\/span><\/strong><\/span><br \/>\n<span style=\"font-family: arial, helvetica, sans-serif; font-size: 14pt;\">https:\/\/fr.wikipedia.org\/wiki\/Rafael_Merry_del_Val<\/span><\/p>\n<p><span style=\"font-family: arial, helvetica, sans-serif; font-size: 14pt;\"><strong>Biograf\u00eda de fondo :<br \/>\n<\/strong><\/span><span style=\"font-family: arial, helvetica, sans-serif; font-size: 12pt;\">G\u00e9niwal no pretende trazar en este art\u00edculo la biograf\u00eda completa de la persona, ya que ello duplicar\u00eda el trabajo de multitud de otros sitios mucho m\u00e1s detallados y precisos, y que cualquiera puede consultar f\u00e1cilmente. Nos limitamos aqu\u00ed a dar una breve visi\u00f3n cronol\u00f3gica y geogr\u00e1fica.<\/span><\/p>\n<p><span style=\"font-family: arial, helvetica, sans-serif; font-size: 14pt;\">\u00a0<\/span><\/p>","protected":false},"excerpt":{"rendered":"<p>Rafael Merry del Val y Zulueta Wilcox n\u00e9 le\u00a010\u00a0octobre\u00a01865\u00a0 \u00e0 Londres fils de\u00a0Rafael Carlos Merry del Val\u00a0n\u00e9 le 04 novembre \u00e0 San Sebastian et d\u00e9c\u00e9d\u00e9 le 29 ao\u00fbt 1917 et\u00a0Sofia [&hellip;]<\/p>\n","protected":false},"author":2,"featured_media":3907,"comment_status":"open","ping_status":"open","sticky":false,"template":"","format":"standard","meta":{"_et_pb_use_builder":"","_et_pb_old_content":"","_et_gb_content_width":"","footnotes":""},"categories":[1,93,89],"tags":[],"class_list":["post-3906","post","type-post","status-publish","format-standard","has-post-thumbnail","hentry","category-non-classe","category-nos-pistes","category-personnalites-belges","et-has-post-format-content","et_post_format-et-post-format-standard"],"aioseo_notices":[],"_links":{"self":[{"href":"https:\/\/geniwal.be\/es\/wp-json\/wp\/v2\/posts\/3906","targetHints":{"allow":["GET"]}}],"collection":[{"href":"https:\/\/geniwal.be\/es\/wp-json\/wp\/v2\/posts"}],"about":[{"href":"https:\/\/geniwal.be\/es\/wp-json\/wp\/v2\/types\/post"}],"author":[{"embeddable":true,"href":"https:\/\/geniwal.be\/es\/wp-json\/wp\/v2\/users\/2"}],"replies":[{"embeddable":true,"href":"https:\/\/geniwal.be\/es\/wp-json\/wp\/v2\/comments?post=3906"}],"version-history":[{"count":0,"href":"https:\/\/geniwal.be\/es\/wp-json\/wp\/v2\/posts\/3906\/revisions"}],"wp:featuredmedia":[{"embeddable":true,"href":"https:\/\/geniwal.be\/es\/wp-json\/wp\/v2\/media\/3907"}],"wp:attachment":[{"href":"https:\/\/geniwal.be\/es\/wp-json\/wp\/v2\/media?parent=3906"}],"wp:term":[{"taxonomy":"category","embeddable":true,"href":"https:\/\/geniwal.be\/es\/wp-json\/wp\/v2\/categories?post=3906"},{"taxonomy":"post_tag","embeddable":true,"href":"https:\/\/geniwal.be\/es\/wp-json\/wp\/v2\/tags?post=3906"}],"curies":[{"name":"wp","href":"https:\/\/api.w.org\/{rel}","templated":true}]}}