{"id":4009,"date":"2019-08-31T17:20:35","date_gmt":"2019-08-31T15:20:35","guid":{"rendered":"https:\/\/geniwal.be\/?p=4009"},"modified":"2023-04-09T20:44:50","modified_gmt":"2023-04-09T18:44:50","slug":"abbe-de-labbaye-de-villers-la-ville-de-1200-a-1788","status":"publish","type":"post","link":"https:\/\/geniwal.be\/es\/nos-pistes\/pistes-genealogiques-en-belgique\/archive-en-belgique\/archives-diverses\/abbe-de-labbaye-de-villers-la-ville-de-1200-a-1788\/","title":{"rendered":"Abad de la abad\u00eda de Villers-la Ville de 1200 a 1788"},"content":{"rendered":"<p>&nbsp;<\/p>\n<table width=\"1013\">\n<tbody>\n<tr>\n<td width=\"128\">DE BOMAL<\/td>\n<td width=\"62\">Jacques<\/td>\n<td width=\"71\">1276-1283<\/td>\n<td width=\"259\">Abdicar<\/td>\n<td width=\"413\"><\/td>\n<td width=\"80\"><\/td>\n<\/tr>\n<tr>\n<td>DE BLOCQUERIE<\/td>\n<td>Robert<\/td>\n<td>1283-1302<\/td>\n<td>Abdicar<\/td>\n<td>Fin del abbacial en diciembre de 1283<\/td>\n<td><\/td>\n<\/tr>\n<tr>\n<td>DE GEEST<\/td>\n<td>Nicolas<\/td>\n<td>1303-1307<\/td>\n<td>Abdicar<\/td>\n<td><\/td>\n<td><\/td>\n<\/tr>\n<tr>\n<td>DE MALINES<\/td>\n<td>Radouard<\/td>\n<td>1308-1310<\/td>\n<td>Muere en C\u00eeteaux<\/td>\n<td>14 de septiembre de 1311.<\/td>\n<td><\/td>\n<\/tr>\n<tr>\n<td>DE PLANCENOIT<\/td>\n<td>Jacques<\/td>\n<td>1310-1315<\/td>\n<td>Abdicar<\/td>\n<td>primer abate<\/td>\n<td><\/td>\n<\/tr>\n<tr>\n<td>DE MALRE<\/td>\n<td>Jean<\/td>\n<td>1315-1317<\/td>\n<td>Muere en Roma<\/td>\n<td><\/td>\n<td><\/td>\n<\/tr>\n<tr>\n<td>DE PLANCENOIT<\/td>\n<td>Jacques<\/td>\n<td>1317-1329<\/td>\n<td>Vuelve a abdicar<\/td>\n<td>Segundo abate<\/td>\n<td><\/td>\n<\/tr>\n<tr>\n<td>DE MOUSTY<\/td>\n<td>G\u00e9rard<\/td>\n<td>1329-1330<\/td>\n<td>Abdicar<\/td>\n<td><\/td>\n<td><\/td>\n<\/tr>\n<tr>\n<td>FALSO<\/td>\n<td>Henri<\/td>\n<td>1330<\/td>\n<td>Abdicar<\/td>\n<td><\/td>\n<td><\/td>\n<\/tr>\n<tr>\n<td>DE BRIGODE<\/td>\n<td>D\u00e9sir\u00e9<\/td>\n<td>1330-1333<\/td>\n<td>Muere en Villers<\/td>\n<td>El abbatiato termin\u00f3 el 07\/09\/1333<\/td>\n<td><\/td>\n<\/tr>\n<tr>\n<td>DESDE BRUSELAS<\/td>\n<td>Jean<\/td>\n<td>1333-1336<\/td>\n<td>Muere en Villers<\/td>\n<td>Comienzo del abbacial en junio de 1333<\/td>\n<td><\/td>\n<\/tr>\n<tr>\n<td>DE STEENBERGHE<\/td>\n<td>Jean<\/td>\n<td><\/td>\n<td><\/td>\n<td>Abbatiate desconocido.<\/td>\n<td><\/td>\n<\/tr>\n<tr>\n<td>DE GENAPPE<\/td>\n<td>Alb\u00e9ric<\/td>\n<td>????-1347<\/td>\n<td>Muere en Villers<\/td>\n<td>En junio de 1347<\/td>\n<td><\/td>\n<\/tr>\n<tr>\n<td>DE FRASNES<\/td>\n<td>Jean<\/td>\n<td>1347-1358<\/td>\n<td>Muere en Villers<\/td>\n<td><\/td>\n<td><\/td>\n<\/tr>\n<tr>\n<td>DE BRIGODE<\/td>\n<td>Nicolas<\/td>\n<td>1358-1370<\/td>\n<td>Muere en Villers<\/td>\n<td><\/td>\n<td><\/td>\n<\/tr>\n<tr>\n<td>DE HUY<\/td>\n<td>Martin<\/td>\n<td>1370-1382<\/td>\n<td>Fallecido en Villers,<\/td>\n<td>Fin del abbatiato el 04\/06\/1333<\/td>\n<td><\/td>\n<\/tr>\n<tr>\n<td>DE HOLERS<\/td>\n<td>Jean<\/td>\n<td>1382-1393<\/td>\n<td>Lugar de defunci\u00f3n desconocido<\/td>\n<td><\/td>\n<td><\/td>\n<\/tr>\n<tr>\n<td>DE DORMAEL<\/td>\n<td>Otton<\/td>\n<td>1393-1424<\/td>\n<td>Muere en Villers<\/td>\n<td>Fin del abbatiato el 01\/12\/1424<\/td>\n<td><\/td>\n<\/tr>\n<tr>\n<td>KEYENOEGHE<\/td>\n<td>Gilles<\/td>\n<td>1424-1433<\/td>\n<td>Abdicar<\/td>\n<td><\/td>\n<td><\/td>\n<\/tr>\n<tr>\n<td>DE ROTSELAER<\/td>\n<td>G\u00e9rard<\/td>\n<td>1433-1446<\/td>\n<td>Abdicar<\/td>\n<td><\/td>\n<td><\/td>\n<\/tr>\n<tr>\n<td>VOIRTMAN<\/td>\n<td>Walter<\/td>\n<td>1446-1459<\/td>\n<td>Muere en Parc-les-Dames<\/td>\n<td><\/td>\n<td><\/td>\n<\/tr>\n<tr>\n<td>CALABER<\/td>\n<td>Francon<\/td>\n<td>1459-1485<\/td>\n<td>Muere en Lovaina<\/td>\n<td>Fin del abadato en 11\/1485<\/td>\n<td><\/td>\n<\/tr>\n<tr>\n<td>CAMPERNOELS<\/td>\n<td>Jean<\/td>\n<td>1485-1502<\/td>\n<td>Abdica y muere en Wilderen el 28\/06\/1503<\/td>\n<td><\/td>\n<td><\/td>\n<\/tr>\n<tr>\n<td>REGNAULT<\/td>\n<td>Jean<\/td>\n<td>1503-1524<\/td>\n<td>Muere en Francia en 1526<\/td>\n<td><\/td>\n<td><\/td>\n<\/tr>\n<tr>\n<td>NATURAL<\/td>\n<td>Philibert<\/td>\n<td>1524-1529<\/td>\n<td>Fallecido en Malinas el 22 de julio de 1529<\/td>\n<td>Abad comendatario<\/td>\n<td><\/td>\n<\/tr>\n<tr>\n<td>VAN ZEVERDONCK<\/td>\n<td>Denis<\/td>\n<td>1524-1545<\/td>\n<td>Fallecido en Lovaina hacia el 20 de febrero de 1545<\/td>\n<td><\/td>\n<td><\/td>\n<\/tr>\n<tr>\n<td>A SPINA<\/td>\n<td>Denis<\/td>\n<td>1545-1554<\/td>\n<td>Muere en Villers<\/td>\n<td>Fin del abbatiato el 02\/08\/1554<\/td>\n<td><\/td>\n<\/tr>\n<tr>\n<td>HORTEBEEK<\/td>\n<td>Mathias<\/td>\n<td>1554-1568<\/td>\n<td>Muere en Lovaina<\/td>\n<td>Fin del abbatiato el 04\/11\/1568<\/td>\n<td><\/td>\n<\/tr>\n<tr>\n<td>DE VLEESCHAUWER<\/td>\n<td>Fran\u00e7ois<\/td>\n<td>1568-1587<\/td>\n<td>Muere en Villers<\/td>\n<td>Fin del abbacial el 14\/10\/1587<\/td>\n<td><\/td>\n<\/tr>\n<tr>\n<td>HENRION<\/td>\n<td>Robert<\/td>\n<td>1587-1620<\/td>\n<td>Muere en Bruselas<\/td>\n<td>Fin del abbacial el 29\/01\/1620<\/td>\n<td><\/td>\n<\/tr>\n<tr>\n<td>VAN DER HEYDEN<\/td>\n<td>Henri<\/td>\n<td>1620-1647<\/td>\n<td>Muere en Bruselas<\/td>\n<td>Fin del abbatiato el 10\/06\/1647<\/td>\n<td><\/td>\n<\/tr>\n<tr>\n<td>DE NAMUR<\/td>\n<td>Robert<\/td>\n<td>1647-1652<\/td>\n<td>Muere en Villers<\/td>\n<td>Fin del abbacial el 31\/10\/1652<\/td>\n<td><\/td>\n<\/tr>\n<tr>\n<td>VAN DER HECKEN<\/td>\n<td>Bernard<\/td>\n<td>1653-1667<\/td>\n<td>Muere en Bruselas<\/td>\n<td>Fin del abbacial el 14\/12\/1667<\/td>\n<td><\/td>\n<\/tr>\n<tr>\n<td>MONIOT<\/td>\n<td>Thomas<\/td>\n<td>1672-1676<\/td>\n<td>Por dimisi\u00f3n<\/td>\n<td>Fin del primer abbacial el 10\/12\/1672<\/td>\n<td><\/td>\n<\/tr>\n<tr>\n<td>DIOS<\/td>\n<td>Laurent<\/td>\n<td>1672-1676<\/td>\n<td>Muerte en el Olivar<\/td>\n<td>Inicio del abbacial el 10\/12\/1672 y fin del abbacial el 28\/04\/1676<\/td>\n<td><\/td>\n<\/tr>\n<tr>\n<td>STRAELEN<\/td>\n<td>Lambert<\/td>\n<td>1677-1686<\/td>\n<td>Muere en Villers<\/td>\n<td>Comienzo del abbacial 08\/03\/1677 &amp; fin del abbacial 18\/03\/1686<\/td>\n<td><\/td>\n<\/tr>\n<tr>\n<td>VUYTTENHOVEN<\/td>\n<td>Edmond<\/td>\n<td>1686-1693<\/td>\n<td>Muere en Villers<\/td>\n<td>Inicio del abbacial el 10\/12\/1686 y fin del abbacial el 12\/05\/1693<\/td>\n<td><\/td>\n<\/tr>\n<tr>\n<td>MONIOT<\/td>\n<td>Thomas<\/td>\n<td>1693-1697<\/td>\n<td>Fallecido en Villers.<\/td>\n<td>Inicio del segundo abbatiato 16\/07\/1693 y fin del abbatiato 24\/02\/1697<\/td>\n<td><\/td>\n<\/tr>\n<tr>\n<td>DE PINCHART<\/td>\n<td>Antoine<\/td>\n<td>1697-1705<\/td>\n<td>Muere en Villers<\/td>\n<td>Inicio del abbacial el 20\/06\/1697 y fin del abbacial el 26\/01\/1705<\/td>\n<td><\/td>\n<\/tr>\n<tr>\n<td>DE CUPIS<\/td>\n<td>Martin<\/td>\n<td>1705-1714<\/td>\n<td>Muere en Villers<\/td>\n<td>Inicio del abbacial el 18\/02\/1705 y fin del abbacial el 26\/12\/1714<\/td>\n<td><\/td>\n<\/tr>\n<tr>\n<td>HACHE<\/td>\n<td>Jacques<\/td>\n<td>1716-1734<\/td>\n<td>Muere en Bruselas<\/td>\n<td>Inicio del abbacial el 10\/10\/1716 y fin del abbacial el 10\/10\/1734<\/td>\n<td><\/td>\n<\/tr>\n<tr>\n<td>POTTELSBERGHE<\/td>\n<td>Arnould<\/td>\n<td>1734-1742<\/td>\n<td>Muere en Lovaina<\/td>\n<td>Comienzo del abbacial el 11\/11\/1734 y fin del abbacial el 30\/04\/1742<\/td>\n<td><\/td>\n<\/tr>\n<tr>\n<td>STAIGNIER<\/td>\n<td>Martin<\/td>\n<td>1742-1759<\/td>\n<td>Muere en Lovaina<\/td>\n<td>Inicio del abbacial el 26\/08\/1742 y fin del abbacial el 05\/05\/1759<\/td>\n<td><\/td>\n<\/tr>\n<tr>\n<td>DAIX<\/td>\n<td>Daniel<\/td>\n<td>1759-1764<\/td>\n<td>Muere en Mellemont<\/td>\n<td>Inicio del abbacial el 22\/08\/1759 y fin del abbacial el 06\/09\/1764<\/td>\n<td><\/td>\n<\/tr>\n<tr>\n<td>DE BAVAY<\/td>\n<td>Robert<\/td>\n<td>1764-1782<\/td>\n<td>Muere en Villers<\/td>\n<td>Inicio del abbacial el 10\/12\/1764 y fin del abbacial el 04\/04\/1782<\/td>\n<td><\/td>\n<\/tr>\n<tr>\n<td>PIRMEZ<\/td>\n<td>L\u00e9onard<\/td>\n<td>1783-1784<\/td>\n<td>Muere en Villers<\/td>\n<td>Inicio del abbacial el 22\/07\/1783 y fin del abbacial el 07\/06\/1784<\/td>\n<td><\/td>\n<\/tr>\n<tr>\n<td>CLOCQUETTE<\/td>\n<td>Brunon<\/td>\n<td>08\/01\/1788<\/td>\n<td>Muere en Ath<\/td>\n<td>Inicio del abbacial el 08\/01\/1788 &amp; fin del abbacial el 22\/10\/1828<\/td>\n<td><img decoding=\"async\" class=\"alignright size-full wp-image-4010 lazyload\" data-src=\"https:\/\/geniwal.be\/wp-content\/uploads\/2019\/08\/sans-titre.png\" alt=\"\" width=\"280\" height=\"210\" src=\"data:image\/svg+xml;base64,PHN2ZyB3aWR0aD0iMSIgaGVpZ2h0PSIxIiB4bWxucz0iaHR0cDovL3d3dy53My5vcmcvMjAwMC9zdmciPjwvc3ZnPg==\" style=\"--smush-placeholder-width: 280px; --smush-placeholder-aspect-ratio: 280\/210;\" \/><\/td>\n<\/tr>\n<\/tbody>\n<\/table>","protected":false},"excerpt":{"rendered":"<p>&nbsp; DE BOMAL Jacques 1276-1283 Abdique DE BLOCQUERIE Robert 1283-1302 Abdique Fin de l&rsquo;abbatiat en d\u00e9cembre 1283 DE GEEST Nicolas 1303-1307 Abdique DE MALINES Radouard 1308-1310 Meurt \u00e0 C\u00eeteaux 14 [&hellip;]<\/p>\n","protected":false},"author":2,"featured_media":4010,"comment_status":"open","ping_status":"open","sticky":false,"template":"","format":"standard","meta":{"_et_pb_use_builder":"","_et_pb_old_content":"","_et_gb_content_width":"","footnotes":""},"categories":[84,93],"tags":[],"class_list":["post-4009","post","type-post","status-publish","format-standard","has-post-thumbnail","hentry","category-archives-diverses","category-nos-pistes","et-has-post-format-content","et_post_format-et-post-format-standard"],"aioseo_notices":[],"_links":{"self":[{"href":"https:\/\/geniwal.be\/es\/wp-json\/wp\/v2\/posts\/4009","targetHints":{"allow":["GET"]}}],"collection":[{"href":"https:\/\/geniwal.be\/es\/wp-json\/wp\/v2\/posts"}],"about":[{"href":"https:\/\/geniwal.be\/es\/wp-json\/wp\/v2\/types\/post"}],"author":[{"embeddable":true,"href":"https:\/\/geniwal.be\/es\/wp-json\/wp\/v2\/users\/2"}],"replies":[{"embeddable":true,"href":"https:\/\/geniwal.be\/es\/wp-json\/wp\/v2\/comments?post=4009"}],"version-history":[{"count":0,"href":"https:\/\/geniwal.be\/es\/wp-json\/wp\/v2\/posts\/4009\/revisions"}],"wp:featuredmedia":[{"embeddable":true,"href":"https:\/\/geniwal.be\/es\/wp-json\/wp\/v2\/media\/4010"}],"wp:attachment":[{"href":"https:\/\/geniwal.be\/es\/wp-json\/wp\/v2\/media?parent=4009"}],"wp:term":[{"taxonomy":"category","embeddable":true,"href":"https:\/\/geniwal.be\/es\/wp-json\/wp\/v2\/categories?post=4009"},{"taxonomy":"post_tag","embeddable":true,"href":"https:\/\/geniwal.be\/es\/wp-json\/wp\/v2\/tags?post=4009"}],"curies":[{"name":"wp","href":"https:\/\/api.w.org\/{rel}","templated":true}]}}