{"id":4682,"date":"2019-12-22T17:14:07","date_gmt":"2019-12-22T16:14:07","guid":{"rendered":"https:\/\/geniwal.be\/?p=4682"},"modified":"2023-04-08T14:04:31","modified_gmt":"2023-04-08T12:04:31","slug":"bibliotheque-de-geniwal-wavriensia-1953-1-2-3-4","status":"publish","type":"post","link":"https:\/\/geniwal.be\/es\/nos-pistes\/bibliotheque-de-geniwal\/bibliotheque-de-geniwal-wavriensia-1953-1-2-3-4\/","title":{"rendered":"Biblioteca G\u00e9niWal (Wavriensia 1953 - 1-2-3-4)"},"content":{"rendered":"<p><span style=\"font-family: arial, helvetica, sans-serif; color: #ff0000;\"><b>J. SOILLE,\u00a0<i>Obras de arte de la regi\u00f3n de Wavre incautadas durante la Revoluci\u00f3n Francesa<\/i>Wavriensia 1953 n\u00b0 1, pp : 1-7<\/b><\/span><br \/>\n<span style=\"font-family: arial, helvetica, sans-serif;\"><b><br \/>\n<\/b>Blendeff, Bosschaert - Cornelissen - Deberiot - Soille - Torfs - Verhaegen - Wilrijcx.<b><br \/>\n<\/b><\/span><\/p>\n<p><span style=\"font-family: arial, helvetica, sans-serif; color: #ff0000;\"><b>R. HANON de LOUVET,\u00a0<i>1795-1797 en el priorato benedictino de Basse-Wavre<\/i>Wavriensia 1953 n\u00b0 1, pp : 8-12<\/b><\/span><\/p>\n<p><span style=\"font-family: arial, helvetica, sans-serif;\">Andrieux - Beau, Beda, Belet, Brabant - Le Charlier, Coosemans - De Coster, De Grauw, De Jaer, de l'Escaille, De Louvet - De Wert, Delstanche - Fortune - Gilson, Gits - Huyghe - Impens - Laenen - Martin - Proost - Regaus, Rygaus - Tarlier - Wauters.<\/span><\/p>\n<p><span style=\"font-family: arial, helvetica, sans-serif; color: #ff0000;\"><b>W.B.,\u00a0<i>Tratamientos y remedios para la antin<\/i>Wavriensia 1953 n\u00b0 1, pp : 13-16<\/b><\/span><\/p>\n<p><span style=\"font-family: arial, helvetica, sans-serif;\">Bertrand, Bouchonville - de Beckers - De Tienne - Gillen - Josseaux - Leclercq - Miner, Motard - Renglaire - Scharp\u00e9 - Waltin.<\/span><\/p>\n<p><span style=\"font-family: arial, helvetica, sans-serif; color: #ff0000;\"><b>M.S. MANGE,<i>\u00a0Antecedentes y aspectos poco conocidos de la emigraci\u00f3n belga en el noreste de Wisconsin<\/i>Wavriensia 1953 n\u00b0 2, pp : 17-39<\/b><\/span><\/p>\n<p><span style=\"font-family: arial, helvetica, sans-serif;\">Amann, Anet - Bassine, Beekman, Bodart, Boone, Bossche, Bouuaert - Cacheux, Cerisier, Cervisier, Claeys - De Backer, De Godt, De Maeyer, de Mayer, De Smet, Deaborn Degodt, Delaby, Depas, Detienne, Doyen, Duffeler - Eraly - F\u00e9ron - Gastuche, Girod, Gits, Goedkoop - Hannon, Haquin, Hauck, Honnay, Houart, Hoyois - Irving - Jadin, Jaumotte, Jequier, Jopar - La Luzerne, Labarre, Lemaitre, Lenoir, L\u00e9opold Ier, Leroy, Leurquin, Lourde - Mange, Mangeot, Martin, Michel, Morell - Paeps, Panchaud, P\u00e2ques, Pensis, Petiniot, Poncelet - Radelet, Remy - Scheler, Sommervogel, Spoerlein, Steinmann, Strauss, Sumikrast - Tambuyser, Thill, Tiddy, Timmermans - Vacant, Van der Belen, Van Maasdyck, Van Maesdijck, Van Velden, Vanderborght, Vierne, Vincent, Vleugels.<\/span><\/p>\n<p><span style=\"font-family: arial, helvetica, sans-serif; color: #ff0000;\"><b>J. S.,\u00a0<i>Un \"H\u00f4tel de Wavre\" en la Bruselas del siglo XIII<\/i>Wavriensia 1953 n\u00ba 2, p. 40<\/b><\/span><\/p>\n<p><span style=\"font-family: arial, helvetica, sans-serif;\">Henne - Rutten - T'Serclaes - Wauters,<\/span><\/p>\n<p><span style=\"font-family: arial, helvetica, sans-serif; color: #ff0000;\"><b>J. ROMAIN,\u00a0<i>Nota geneal\u00f3gica sobre la familia CORNET<\/i>Wavriensia 1953 n\u00b0 3, pp : 41-55<\/b><\/span><\/p>\n<p><span style=\"font-family: arial, helvetica, sans-serif;\">Aert, Andr\u00e9 - Baillet, Bary, Borremans, Bouvelet, Buisseret - Chauffoureau, Cl\u00e9ment, Collard, Collart, Collet, Collon, Cordier, Cornet d'Elzius Peissant, Corvilain - d'Autriche, de Ca\u00efmo, de Falcq, De Halleux, de Haultphenne, de Laictre, de Marteau, de Rofroissart, De Vos, Debroux, Del Bourse, del Cheveau, Delhaize, Delsart, Demoulin, Deraet, d'Oppaix, du Mont, du Moulineau, Du Terne - Favelly, Francart, Franquart, Fr\u00e9rart - Gaillard, Ghion, Gignoux, Gillot, Goethals, Gonthier - Henrion, Hombroux, Honor\u00e9, Hulet, Huwelet - Jovineau- Lacroix, Lambermont, Lambert, Laquay, Le Blicq, Le Charlier, Leurquin, Lhost, Limonnier, Louveau - Matthieu, Mercier, Messelberrier, Michaut Minst - No\u00ebl - P\u00e9ron, Pontin - Raspe, Rauscent, Robert, Romain - Salut, Sambr\u00e9e, Samez, Simay, Stevens, Stouffs - Tenuqu\u00e9e, Thienpont - Van den Leene, Van der Linden, Van Ingle, Van Zuene, Vanninque, Vaulx - Wautier, Willemart - Ypersiel.<\/span><\/p>\n<p><span style=\"font-family: arial, helvetica, sans-serif;\"><b><br \/>\n<\/b><span style=\"color: #ff0000;\"><b>R. DURLET,<i>\u00a0Armas de los Sires de Wavre de la preli\u00e8re Maison<\/i>Wavriensia 1953 n\u00b0 4, pp : 57-71<\/b><\/span><\/span><\/p>\n<p><span style=\"font-family: arial, helvetica, sans-serif;\">Benner, Bernard, Beydaels - Castner de Sigmundslust, Collon - Dansaert, de Bourscheit, de Brabant, de Brieg, De Briens, de Chienberger, de Corwarem-Looz, de Limbourg, de Mauverney, De Renesse, de Ryckman de Betz, de Schaff, de Wavre, de Zbzch, Durlet - Flad - Gevaert, Goray - Jaerens - Kaunitz - Larchey, Larchez, Lekna, Lutger - Martinicz, Mere - Plantagenet - Revol - Siger - Tarlier, Tettoden - Van der Meere, Van Maerlant - Wauters,<\/span><\/p>\n<p><span style=\"font-family: arial, helvetica, sans-serif; color: #ff0000;\"><b>R.HANON de LOUVET,<i>\u00a0\u00a0\"Macas\", apodo de los wavrios y tudinios<\/i>Wavriensia 1953 n\u00b0 4, pp : 72-80<\/b><\/span><\/p>\n<p><span style=\"font-family: arial, helvetica, sans-serif;\">Barbiaux, Baugniet, Borgnet, Brion - Carnoy, Colart, Collon, Coppens - De le Thour, De Raadt, De Warsage, Dep\u00e8tre, Dewert, Doat - Etienne, Evrard - Godefroid, Goffa, Goffart, Gorissen, Grandgagnage - Hanon de Louvet, Haust - Jossa, Jossart - Le Beau, Legros - Mackart, Massaux, Moureau -Nop\u00e8re, Peertermannen, Pensis, Pirsoul - Spirlet, Stein, Stielle - Tarlier - Vandereuse, Vitzhumb - Wauters, Willame.<\/span><\/p>\n<p><span style=\"font-family: arial, helvetica, sans-serif; color: #ff0000;\"><b>Jean MARTIN,<i>\u00a0Los vi\u00f1edos de Wavre en la Edad Media<\/i>Wavriensia 1953 n\u00b0 4, pp : 81-89<\/b><\/span><\/p>\n<p><span style=\"font-family: arial, helvetica, sans-serif;\">Arnoult - Bakart, Beda, Bermans - Clamenche, Coen, Comhair, de chenimont, de Clipelle De Corty, de Gilengien, de Hannecoule, de heviller, de le Vaul, de Longville, de Marcelar, De Marneffe, de Pont, de Preit, De Pressoit, De Pressoy, de puch, de Vieuwalef, del Statte, deyeghem - Gerard, Giertte, Gillet, Godde, Godefroy, Goffin, Gossiart - Halkin, Hanekin, Hanekins, Hemane, Henri Ier, Heyman, Hulet - Jakemin - Kaluwart - La vid, Le Brure, Le vigneron, le Vignon, le vingneron, Le vingon - Liemane - Mahaz, Mahnes, Martin, Meuris, Moesnaert, Mottart delle Statte, Mottin - Pensis, Pietrekins, Pirard de Dion, Preilo le maulvais - Regaus, Remaesce, Remannans de Jamot, Renart le cullir, Rigart, Royesart - Ruelle - Saihies, Seilhen, Soilhon, Sollubrech - Tarlier, Terlincqz, Tielmane - Van Boven, Van Lire, Vigneron, Vincken, Vingnon - Waulthy, Wauters, Wihme.<\/span><\/p>\n<p><span style=\"font-family: arial, helvetica, sans-serif; color: #ff0000;\"><b>Willy Brinck,\u00a0<i>Arnelle, bajo Longueville e Ipprebais cruce de antiguas v\u00edas<\/i>Wavriensia 1953 n\u00b0 4, pp : 90-95<\/b><\/span><\/p>\n<p><span style=\"font-family: arial, helvetica, sans-serif;\">Brinck - de Heinsberg, de Stade, Dekeuster, Delanne, Delfosse Henry - Jeandrain - Lambeau, Lef\u00e8vre, Longpretz - Pattin - Rosy - Staquet - Thiry.<\/span><\/p>\n<p><span style=\"font-family: arial, helvetica, sans-serif; color: #ff0000;\"><b>Jean MARTIN,<i>\u00a0El duque de Marlborough visita el priorato de Basse-Wavre<\/i>Wavriensia 1953 n\u00ba 4, p. 96<\/b><\/span><\/p>\n<p><span style=\"font-family: arial, helvetica, sans-serif;\">de Marlborough - Le Compte - Martin - Ouwerkerke - Tarlier - Wauters.<\/span><\/p>\n<p><span style=\"font-family: arial, helvetica, sans-serif; color: #ff0000;\"><b>Jean MEURICE,\u00a0<i>Inventario de los registros parroquiales del cant\u00f3n de Wavre<\/i>Wavriensia 1953 n\u00b0 5, pp : 97-101<\/b><\/span><\/p>\n<p><span style=\"font-family: arial, helvetica, sans-serif;\">Beafaux, Benoit, Beurse, Beuze, Biafaux, Biseau, Brasseur - Charlier, Chilchau, Cuissez - Dannoi, Danvoi, De Limon, De Si\u00e8ge, De Simon, de Trazegnies, Detry, Dictus, Ductus, Dumont, Dumortier, Dutry - Evrard - G\u00e9rard, Gilcha, Godenne - Le Charlier - Machellart, Maghe, Maricq, Meuren, Meurice, Moyse - Renoir - Scohier, Staquet.<\/span><\/p>\n<p><span style=\"font-family: arial, helvetica, sans-serif; color: #ff0000;\"><b>Jean MEURICE, Les armoiries communales du canton de Wavre, Wavriensia 1953 n\u00b0 5, p: 102<\/b><\/span><\/p>\n<p><span style=\"font-family: arial, helvetica, sans-serif;\">Meurice.<\/span><\/p>\n<p><span style=\"font-family: arial, helvetica, sans-serif; color: #ff0000;\"><b>N.N., Nuevos miembros, Wavriensia 1953 n\u00b0 5, pp : 104-106<\/b><\/span><\/p>\n<p><span style=\"font-family: arial, helvetica, sans-serif;\">Anciaux de Faveaux - Bertels, Borremans, Braun de Ter Meeren - Cassart, Charlier, Coulon, Courtois - De Limburg-Stirum, De Walque, Debourges, Delaby, Delbrassinne, Deroy, Detry, Devos, Durlet - Gantois, Gerard, Greuse - Hatert, Heraly, Houet, Huynen - Jadinon, Jasoigne - Lambin, Lauwers, Lecouturier - Maffei, Masset, Moers - Palange, Paquet, Pierre - Robe, Rotthier - Screvens, Stenuit, Stiernet - Thirifays, Tombeur - Vanhaeperen, Vertommen, Vranckx - Warnant, Wilquet, Wolputte.<\/span><\/p>\n<p><span style=\"font-family: arial, helvetica, sans-serif; color: #ff0000;\"><b>Joseph POCHE, Informes de la Comisi\u00f3n y Asamblea estatutaria, Wavriensia 1953 n\u00ba 5, pp. 108-112<\/b><\/span><\/p>\n<p><span style=\"font-family: arial, helvetica, sans-serif;\">Barbier, Bette, Bourdon, Bourguignon, Boxus, Brasseur, Bricart - Capart, Cuypers - De Pester, De Smet, Deckers, Delforge, Devos, Dubuisson, Duwez - Gillet, Gits, Goffin - Hanon de Louvet, H\u00e9raly, Hernalsteen, Jacob - Kumps - Leclercque - Marchal, Maret, Martin, Mayn\u00e9, Mertens, Meurice - Palange, Pensis, Philippot, Pirsoul, Poche, Prinsen - Scops - Tournemenne, Tricot - Van Cutsem, Veckman - Wauthier.<\/span><\/p>","protected":false},"excerpt":{"rendered":"<p>J. SOILLE,\u00a0Les oeuvres d&rsquo;art de la r\u00e9gion de Wavre saisies sous la r\u00e9volution Fran\u00e7aises, Wavriensia 1953 n\u00b0 1, pp : 1-7 Blendeff, Bosschaert &#8211; Cornelissen &#8211; Deberiot &#8211; Soille &#8211; [&hellip;]<\/p>\n","protected":false},"author":2,"featured_media":9022,"comment_status":"closed","ping_status":"open","sticky":false,"template":"","format":"standard","meta":{"_et_pb_use_builder":"","_et_pb_old_content":"","_et_gb_content_width":"","footnotes":""},"categories":[257,19,251,118],"tags":[],"class_list":["post-4682","post","type-post","status-publish","format-standard","has-post-thumbnail","hentry","category-association-belges","category-bibliotheque-de-geniwal","category-numerique","category-wavriensia","et-has-post-format-content","et_post_format-et-post-format-standard"],"aioseo_notices":[],"_links":{"self":[{"href":"https:\/\/geniwal.be\/es\/wp-json\/wp\/v2\/posts\/4682","targetHints":{"allow":["GET"]}}],"collection":[{"href":"https:\/\/geniwal.be\/es\/wp-json\/wp\/v2\/posts"}],"about":[{"href":"https:\/\/geniwal.be\/es\/wp-json\/wp\/v2\/types\/post"}],"author":[{"embeddable":true,"href":"https:\/\/geniwal.be\/es\/wp-json\/wp\/v2\/users\/2"}],"replies":[{"embeddable":true,"href":"https:\/\/geniwal.be\/es\/wp-json\/wp\/v2\/comments?post=4682"}],"version-history":[{"count":0,"href":"https:\/\/geniwal.be\/es\/wp-json\/wp\/v2\/posts\/4682\/revisions"}],"wp:featuredmedia":[{"embeddable":true,"href":"https:\/\/geniwal.be\/es\/wp-json\/wp\/v2\/media\/9022"}],"wp:attachment":[{"href":"https:\/\/geniwal.be\/es\/wp-json\/wp\/v2\/media?parent=4682"}],"wp:term":[{"taxonomy":"category","embeddable":true,"href":"https:\/\/geniwal.be\/es\/wp-json\/wp\/v2\/categories?post=4682"},{"taxonomy":"post_tag","embeddable":true,"href":"https:\/\/geniwal.be\/es\/wp-json\/wp\/v2\/tags?post=4682"}],"curies":[{"name":"wp","href":"https:\/\/api.w.org\/{rel}","templated":true}]}}