{"id":492,"date":"2013-07-14T20:05:44","date_gmt":"2013-07-14T18:05:44","guid":{"rendered":"https:\/\/geniwal.be\/?p=492"},"modified":"2019-04-06T20:05:53","modified_gmt":"2019-04-06T18:05:53","slug":"abbayes-couvents-commanderies","status":"publish","type":"post","link":"https:\/\/geniwal.be\/es\/nos-pistes\/non-classe\/abbayes-couvents-commanderies\/","title":{"rendered":"Abad\u00edas, conventos, encomiendas"},"content":{"rendered":"<p>Repertorio sistem\u00e1tico de los fondos y colecciones disponibles en los Archivos Estatales de Tournai para abad\u00edas, conventos y comandancias<br \/>\n<strong>En la jurisdicci\u00f3n de Ath :<br \/>\nHermanos Menores<\/strong>, <em>1448 (1 art\u00edculo)<\/em>.<br \/>\nComunidad de la Orden de San Francisco fundada en 1446, luego R\u00e9collets en 1627; suprimida en 1796.<br \/>\n<strong>Monjas grises<\/strong>, <em>1784-1786 (1 unidad)<\/em>.<br \/>\nComunidad de monjas de la Tercera Orden de San Francisco, fundada en 1627; suprimida bajo Jos\u00e9 II.<br \/>\n<strong>Jesuitas<\/strong>, <em>1775-1779 (2 art\u00edculos)<\/em>.<br \/>\nComunidad de la Compa\u00f1\u00eda de Jes\u00fas fundada en 1621; suprimida en 1774.<br \/>\n<strong>En la jurisdicci\u00f3n<\/strong> <strong>Chercq<\/strong> :<br \/>\n<strong>Cartuja de Mont-Saint-Andr\u00e9<\/strong>, <em>XIV<sup>e<\/sup> - XVIII<sup>e<\/sup> siglo (3 art\u00edculos)<\/em>.<br \/>\nComunidad de hombres de la orden cartuja, fundada por Jean de Werchin<sup>1<\/sup>senescal de Hainaut, y Chr\u00e9tien de Ghistelles<sup>2<\/sup> en 1376; abolida en 1783.<br \/>\n<strong>En la jurisdicci\u00f3n<\/strong> <strong>Ghislengien :<\/strong><br \/>\n<strong>Abad\u00eda de Notre-Dame<\/strong>, <em>1132-1797 (36 cartas); 1132-XVIII<sup>e<\/sup> (12 art\u00edculos)<\/em>.<br \/>\nAbad\u00eda de nobles monjas benedictinas, fundada por Ide de Chi\u00e8vres<sup>3<\/sup> e Ide d'Ath en 1123; abolida en 1796<br \/>\nR. DOEHAERD, Inventaire sommaire des archives eccl\u00e9siastiques du Hainaut, 1 vol. in-4\u00b0.<br \/>\nL. BAUDELET, <em>Cartulaire de l'abbaye de Ghislenghien, en los Archives de l'\u00c9tat de Mons, en el bolet\u00edn de la Soci\u00e9t\u00e9 Historique et Litt\u00e9raire de Tournai.<\/em>t. XIV, 1870, p.119-202.<br \/>\n<strong>En la jurisdicci\u00f3n de Kain :<\/strong><br \/>\n<strong>Abad\u00eda de Saulchoir<\/strong>, <em>1650 (1<\/em> art\u00edculo)<br \/>\nAbad\u00eda<em> de monjas cistercienses fundado por Jean y Agn\u00e8s A le Take en 1233; suprimido en<\/em> 1797.<br \/>\n<strong>En<\/strong><strong> la jurisdicci\u00f3n de P\u00e9rulwelz :<\/strong><em>\u00a0<\/em><br \/>\n<strong>Brigittines<\/strong>, <em>1659 (1<\/em> art\u00edculo).<br \/>\nComunidad fundada por Louis d'Egmont, Se\u00f1or de P\u00e9rulwez en 1628; abolida en 1784.<br \/>\n<strong>En<\/strong><strong> la jurisdicci\u00f3n de Tournai :<br \/>\nAbad\u00eda de Saint-Martin, <\/strong><em>814-1797 (34 art\u00edculos)<strong>.<br \/>\n<\/strong><\/em>Abad\u00eda benedictina fundada por Od\u00f3n, escol\u00e1stico del cabildo catedralicio, en 1092; abolida en 1796.<br \/>\nA. D'Herbomez, <em>Cartas de la abad\u00eda de Saint-Martin de Tournai<\/em>2 vol. in-4\u00b0, Bruselas, CRH, 1898-1901.<br \/>\nA. D'Haenens, <em>Cuentas y documentos de Saint-Martin de Tournai bajo la administraci\u00f3n de los guardianes reales (1312-1355)<\/em>1 vol. in-8\u00b0, Bruselas, CRH, 1962.<br \/>\n<strong>Augustins<\/strong>, <em>1614 (1 art\u00edculo).<\/em><br \/>\nComunidad de hombres de la orden de los Ermita\u00f1os de San Agust\u00edn, fundada a finales del siglo XIII.<sup>e<\/sup> abolida en 1797.<br \/>\n<strong>Fuera del \u00e1mbito de aplicaci\u00f3n<\/strong> :<br \/>\n<strong>Anchin : Abbaye d'<\/strong>, <em>1659-1697 (1 unidad)<\/em>.<br \/>\nAbad\u00eda benedictina fundada en 1079; abolida en 1792.<br \/>\nLiessies : Abbaye de, <em>1625-1627 (2 art\u00edculos)<\/em>.<br \/>\nAbad\u00eda benedictina fundada hacia 764; abolida durante la Revoluci\u00f3n Francesa.<br \/>\n<strong>Reims: Abad\u00eda de Saint-Thierry<\/strong>, <em>1764-1766 (1 unidad)<\/em>.<br \/>\nVI Fundaci\u00f3n<sup>e<\/sup> se convirti\u00f3 en abad\u00eda benedictina en el siglo X.<sup>e<\/sup> siglo XVIII; destruida en 1786.<br \/>\n<strong><\/strong><br \/>\n<strong><sup>3<\/sup> L\u00e1piz geneal\u00f3gico de Ide d'Ath<\/strong> (Este l\u00e1piz geneal\u00f3gico o genealog\u00eda debe reciclarse. Es necesario aclarar el contenido)<br \/>\n<strong>Ide d'Ath <\/strong>hacia 1080 hija de <strong>Wauthie<\/strong>r, Se\u00f1or de Roeulx d'Ath, Se\u00f1or de Roeulx y Ade Ada <strong>de Roucy (\u00bfde Montdidier?)<\/strong> muri\u00f3 en 1135 casada con <strong>Goswin II<\/strong> <strong>de Mons<\/strong> hijos de <strong>Gossuin I<\/strong> de Mons y Ermengarde <strong>de Chaumont<\/strong> hacia 1065 - ????<br \/>\nHijo de esta uni\u00f3n : <strong>Goswin III de Mons<\/strong>Padre de Ha\u00ffnin 1120-1177<br \/>\ncasada por segunda vez con Guy de Chi\u00e8vres, hijo de Dietrich van (von) Peteghem y Adelendis de Chi\u00e8vres.<br \/>\nHijo de este segundo matrimonio :<br \/>\nIdea de Chi\u00e8vres hacia 1100<br \/>\nEve de Chi\u00e8vres * hacia 1120 hija de Rasse III, se\u00f1or de Gavre y Harelbeke casada en segundas nupcias con Gilles, se\u00f1or de Berlaymont casada en terceras nupcias con Nicolas III de Rumigny, se\u00f1or de Rumigny, Chi\u00e8vres y Florennes<br \/>\n<strong><sup>4<\/sup><\/strong> En 1628, Louis d'Egmont, duque de Guelders y esposo de Marie Marguerite de Berlaymont, cedi\u00f3 a los Padres de la Orden del Santo Salvador, conocidos como Sainte-Brigitte d'Armenti\u00e8res, todas las tierras y rentas pertenecientes al hospital de P\u00e9ruwelz, fundado y dotado en 1308 por Baudouin de P\u00e9ruwelz y su esposa Isabelle du Roeulx, con la condici\u00f3n de que fundaran all\u00ed un convento. En el siglo XVIII, las Brigitinas construyeron una capilla (1757), lo que les oblig\u00f3 a contraer deudas que nunca pudieron pagar. En 1784, se suprime el convento. En 1641, Ambroise de Cro\u00ff, conde de Solre, adquiri\u00f3 las tierras y el castillo, que hizo remodelar al a\u00f1o siguiente.<br \/>\nFuentes :<br \/>\n<a href=\"http:\/\/www.geneall.net\/W\/per_page.php?id=993120\">http:\/\/www.geneall.net\/W\/per_page.php?id=993120<br \/>\nhttp:\/\/peruwelz.blogs.sudinfo.be\/peruwelz-petit-bout-d-histoire.html<\/a><br \/>\nExtracto: AGR, Les archives de l'\u00c9tat dans les provinces, Aper\u00e7u des fonds et collections, II, Les provinces Wallonnes, Bruselas, 1975.<br \/>\n&nbsp;<br \/>\n&nbsp;<br \/>\n&nbsp;<\/p>","protected":false},"excerpt":{"rendered":"<p>R\u00e9pertoire syst\u00e9matique des fonds et collections disponible aux archives de l\u2019\u00c9tat de Tournai pour les abbayes, couvents, commanderies Dans le ressort (juridiction) d\u2019Ath : Fr\u00e8res Mineurs, 1448 (1 article). Communaut\u00e9 [&hellip;]<\/p>\n","protected":false},"author":2,"featured_media":9022,"comment_status":"closed","ping_status":"closed","sticky":false,"template":"","format":"standard","meta":{"_et_pb_use_builder":"","_et_pb_old_content":"","_et_gb_content_width":"","footnotes":""},"categories":[1],"tags":[],"class_list":["post-492","post","type-post","status-publish","format-standard","has-post-thumbnail","hentry","category-non-classe","et-has-post-format-content","et_post_format-et-post-format-standard"],"aioseo_notices":[],"_links":{"self":[{"href":"https:\/\/geniwal.be\/es\/wp-json\/wp\/v2\/posts\/492","targetHints":{"allow":["GET"]}}],"collection":[{"href":"https:\/\/geniwal.be\/es\/wp-json\/wp\/v2\/posts"}],"about":[{"href":"https:\/\/geniwal.be\/es\/wp-json\/wp\/v2\/types\/post"}],"author":[{"embeddable":true,"href":"https:\/\/geniwal.be\/es\/wp-json\/wp\/v2\/users\/2"}],"replies":[{"embeddable":true,"href":"https:\/\/geniwal.be\/es\/wp-json\/wp\/v2\/comments?post=492"}],"version-history":[{"count":0,"href":"https:\/\/geniwal.be\/es\/wp-json\/wp\/v2\/posts\/492\/revisions"}],"wp:featuredmedia":[{"embeddable":true,"href":"https:\/\/geniwal.be\/es\/wp-json\/wp\/v2\/media\/9022"}],"wp:attachment":[{"href":"https:\/\/geniwal.be\/es\/wp-json\/wp\/v2\/media?parent=492"}],"wp:term":[{"taxonomy":"category","embeddable":true,"href":"https:\/\/geniwal.be\/es\/wp-json\/wp\/v2\/categories?post=492"},{"taxonomy":"post_tag","embeddable":true,"href":"https:\/\/geniwal.be\/es\/wp-json\/wp\/v2\/tags?post=492"}],"curies":[{"name":"wp","href":"https:\/\/api.w.org\/{rel}","templated":true}]}}