{"id":643,"date":"2013-07-27T10:08:09","date_gmt":"2013-07-27T09:08:09","guid":{"rendered":"https:\/\/geniwal.be\/?p=643"},"modified":"2019-05-31T14:51:38","modified_gmt":"2019-05-31T12:51:38","slug":"histoire-des-chatelains-de-tournai-de-la-maison-de-mortagne","status":"publish","type":"post","link":"https:\/\/geniwal.be\/es\/nos-pistes\/pistes-genealogiques-en-belgique\/en-savoir-plus\/histoire-des-chatelains-de-tournai-de-la-maison-de-mortagne\/","title":{"rendered":"Historia de los se\u00f1ores de Tournai de la casa de Mortagne"},"content":{"rendered":"<p>Bibliograf\u00eda<br \/>\nLos se\u00f1ores de los que vamos a hablar nunca fueron figuras destacadas. Sin embargo, tuvieron especial importancia debido a la situaci\u00f3n de los territorios de los que eran se\u00f1ores, territorios situados entre Flandes y Hainaut, y que despertaban la envidia no s\u00f3lo de los soberanos de estos dos condados, sino de los propios reyes de Francia. El Sr. d'Herbomez comienza estableciendo los or\u00edgenes de los se\u00f1ores de Tournai a partir de la casa de Mortagne. El primero de estos se\u00f1ores, seg\u00fan el testimonio de Herman, abad de Saint-Martin de Tournai, fue un tal \u00c9vrard, hijo de una hermana del obispo de Noyon y Tournai, Rabod. Tal vez el autor habr\u00eda podido establecer algunas comparaciones \u00fatiles con los se\u00f1ores de Noyon, sobre los que el mismo Herman proporciona algunas informaciones curiosas. Es m\u00e1s importante establecer la relaci\u00f3n entre los se\u00f1ores de Tournai y los del conde de Flandes, a quien parece haber estado vinculada la regi\u00f3n de Tournaisis a principios del siglo XI.<sup>e<\/sup> siglo. M. d'Herbomez observa con raz\u00f3n que los primeros castellanos de Flandes eran como los tenientes de condado. Al principio no eran m\u00e1s que los guardias de un castillo. Pero pronto desempe\u00f1aron ciertas funciones militares, administrativas y judiciales para el conde en el territorio que rodeaba su castillo. Conduc\u00edan a los hombres de su castellan\u00eda al ej\u00e9rcito del conde. En ausencia del conde, presid\u00edan el tribunal de sus vasallos; eran designados para ser los protectores, los avou\u00e9s, de los bienes que los monasterios pudieran poseer en la castellan\u00eda, etc. Este fue sin duda el caso de los antiguos se\u00f1ores de Tournai. \"Naturalmente, al principio, las funciones de los chatelains eran personales, ya que no eran m\u00e1s que funcionarios elegidos y nombrados por el conde. Pero cuando el feudalismo se organiz\u00f3, estos funcionarios se convirtieron en vasallos del conde; recibieron de \u00e9l su castellan\u00eda en feudo; las funciones que desempe\u00f1aban se convirtieron en atributos de este feudo, y los castellanos, al entrar en la jerarqu\u00eda feudal, se hicieron hereditarios.<br \/>\nLa castellan\u00eda de Tournai puede identificarse con el Tournaisis, cuyos l\u00edmites son el Escalda, el Scarpe, el Elnon y el Espierre. Sin embargo, la ciudad de Tournai y sus suburbios no forman parte de esta zona, ni tampoco las partes de los se\u00f1or\u00edos de Saint-Amand y Mortagne que se encuentran entre los r\u00edos Scarpe y Elnon. La primera parte concluye con un esbozo general del destino de la castellan\u00eda y de la pol\u00edtica seguida por los castellanos. Muestra que la castellan\u00eda era independiente del rey de Francia y del conde de Flandes, as\u00ed como del obispo de Tournai. S\u00f3lo el castillo de Tournai era un feudo bajo la autoridad del conde de Flandes. Como ocurri\u00f3 en muchas otras ciudades, la carta de comuni\u00f3n concedida por Felipe-Augusto al pueblo de Tournai supuso un duro golpe para la autoridad de los se\u00f1ores. A finales del siglo XI<sup>e <\/sup>\u00a0En el siglo XVI, el conde de Flandes y el rey de Francia se disputaron el control de la castellan\u00eda. Este \u00faltimo acab\u00f3 imponi\u00e9ndose y, a la muerte de la chatelaine Marie, uni\u00f3 la castellan\u00eda a la corona.<br \/>\nAbel Lefranc<br \/>\n<strong>Fuentes bibliogr\u00e1ficas\u00a0<\/strong>:<br \/>\nHistoire des ch\u00e2telains de Tournai de la maison de Mortagne, por Armand D'HERBOMEZ, antiguo alumno de la \u00c9cole des chartes, archivero y pale\u00f3grafo. Tournai, Casterman. 2 vol. in-8<sup>e<\/sup>347 y 359 p\u00e1ginas.<br \/>\n<strong>Fuentes :<\/strong>\u00a0http:\/\/www.persee.fr\/web\/revues\/home\/prescript\/article\/bec_0373-6237_1899_num_60_1_452542_t1_0518_0000_2<\/p>","protected":false},"excerpt":{"rendered":"<p>Bibliographie Les ch\u00e2telains dont il va \u00eatre question n&rsquo;ont jamais \u00e9t\u00e9 des personnages de premier plan. Toutefois, ils tiraient une importance particuli\u00e8re de la situation des territoires o\u00f9 ils \u00e9taient [&hellip;]<\/p>\n","protected":false},"author":2,"featured_media":9022,"comment_status":"closed","ping_status":"closed","sticky":false,"template":"","format":"standard","meta":{"_et_pb_use_builder":"","_et_pb_old_content":"","_et_gb_content_width":"","footnotes":""},"categories":[73],"tags":[],"class_list":["post-643","post","type-post","status-publish","format-standard","has-post-thumbnail","hentry","category-en-savoir-plus","et-has-post-format-content","et_post_format-et-post-format-standard"],"aioseo_notices":[],"_links":{"self":[{"href":"https:\/\/geniwal.be\/es\/wp-json\/wp\/v2\/posts\/643","targetHints":{"allow":["GET"]}}],"collection":[{"href":"https:\/\/geniwal.be\/es\/wp-json\/wp\/v2\/posts"}],"about":[{"href":"https:\/\/geniwal.be\/es\/wp-json\/wp\/v2\/types\/post"}],"author":[{"embeddable":true,"href":"https:\/\/geniwal.be\/es\/wp-json\/wp\/v2\/users\/2"}],"replies":[{"embeddable":true,"href":"https:\/\/geniwal.be\/es\/wp-json\/wp\/v2\/comments?post=643"}],"version-history":[{"count":0,"href":"https:\/\/geniwal.be\/es\/wp-json\/wp\/v2\/posts\/643\/revisions"}],"wp:featuredmedia":[{"embeddable":true,"href":"https:\/\/geniwal.be\/es\/wp-json\/wp\/v2\/media\/9022"}],"wp:attachment":[{"href":"https:\/\/geniwal.be\/es\/wp-json\/wp\/v2\/media?parent=643"}],"wp:term":[{"taxonomy":"category","embeddable":true,"href":"https:\/\/geniwal.be\/es\/wp-json\/wp\/v2\/categories?post=643"},{"taxonomy":"post_tag","embeddable":true,"href":"https:\/\/geniwal.be\/es\/wp-json\/wp\/v2\/tags?post=643"}],"curies":[{"name":"wp","href":"https:\/\/api.w.org\/{rel}","templated":true}]}}