{"id":6938,"date":"2021-04-23T20:56:13","date_gmt":"2021-04-23T18:56:13","guid":{"rendered":"https:\/\/geniwal.be\/?p=6938"},"modified":"2023-04-04T19:06:58","modified_gmt":"2023-04-04T17:06:58","slug":"buls-charles","status":"publish","type":"post","link":"https:\/\/geniwal.be\/es\/nos-pistes\/personnalites-belges\/buls-charles\/","title":{"rendered":"BULS Charles"},"content":{"rendered":"<div id=\"attachment_6941\" style=\"width: 510px\" class=\"wp-caption aligncenter\"><img decoding=\"async\" aria-describedby=\"caption-attachment-6941\" class=\"wp-image-6941 lazyload\" data-src=\"https:\/\/geniwal.be\/wp-content\/uploads\/2021\/04\/BULS-Charles.jpg\" alt=\"\" width=\"500\" height=\"430\" src=\"data:image\/svg+xml;base64,PHN2ZyB3aWR0aD0iMSIgaGVpZ2h0PSIxIiB4bWxucz0iaHR0cDovL3d3dy53My5vcmcvMjAwMC9zdmciPjwvc3ZnPg==\" style=\"--smush-placeholder-width: 500px; --smush-placeholder-aspect-ratio: 500\/430;\" \/><p id=\"caption-attachment-6941\" class=\"wp-caption-text\">BULS Charles Gommaire Fran\u00e7ois naci\u00f3 en Bruselas el 13 de octubre de 1837 a las 11 de la noche, hijo de BULS Charles Jacques y de HELLEMANS Anne Th\u00e9r\u00e8se Jos\u00e9phine.<\/p><\/div>\n<p>&nbsp;<\/p>\n<div id=\"attachment_6942\" style=\"width: 1034px\" class=\"wp-caption aligncenter\"><img decoding=\"async\" aria-describedby=\"caption-attachment-6942\" class=\"wp-image-6942 size-large lazyload\" data-src=\"https:\/\/geniwal.be\/wp-content\/uploads\/2021\/04\/BULS-Charles-1-1024x300.jpg\" alt=\"\" width=\"1024\" height=\"300\" src=\"data:image\/svg+xml;base64,PHN2ZyB3aWR0aD0iMSIgaGVpZ2h0PSIxIiB4bWxucz0iaHR0cDovL3d3dy53My5vcmcvMjAwMC9zdmciPjwvc3ZnPg==\" style=\"--smush-placeholder-width: 1024px; --smush-placeholder-aspect-ratio: 1024\/300;\" \/><p id=\"caption-attachment-6942\" class=\"wp-caption-text\">Partida de nacimiento de BULS Charles Gommaire Joseph<\/p><\/div>\n<p>&nbsp;<\/p>\n<p style=\"text-align: left;\"><span style=\"font-family: arial, helvetica, sans-serif; font-size: 14pt;\">Su padre, un orfebre muy conocido en Bruselas, le permiti\u00f3 estudiar en una ath\u00e9n\u00e9e. Orfebre como su padre, fue un viajero autodidacta alfabetizado que viaj\u00f3 por toda Europa. En 1864 fund\u00f3 la Ligue de l'Enseignement, de la que fue diputado de 1882 a 1914 y de 1886 a 1884. En 1877 se presenta a las elecciones y es nombrado concejal. Su ascenso a la cumbre comenz\u00f3 en 1877, cuando el 8 de febrero de 1879 fue nombrado concejal de educaci\u00f3n p\u00fablica, cargo que desempe\u00f1\u00f3 lo mejor que pudo, y en 1881 asumi\u00f3 el cargo de burgomaestre de Bruselas, de 1891 a 1899.<br \/>\nTambi\u00e9n est\u00e1 vinculado a la escuela modelo, la bolsa de trabajo, las primeras viviendas obreras, el urbanismo y la restauraci\u00f3n de la Grand-Place. Public\u00f3 reportajes de viajes, as\u00ed como <em>L'Esth\u00e9tique des villes, La Restauration des monuments anciens, L'Isolation des vieilles \u00e9glises, etc. <\/em>Tambi\u00e9n fue cr\u00edtico de arte. Fue miembro de la Real Academia de B\u00e9lgica.<br \/>\nCharles BULS falleci\u00f3 unos d\u00edas antes del inicio de la I Guerra Mundial, el 13 de julio de 1914 (a\u00fan no se dispone de su certificado de defunci\u00f3n). Se encontr\u00f3 un testamento de su pu\u00f1o y letra, fechado el 3 de junio de 1888, en el domicilio del difunto en la rue du Beau-Site: \"Quiero ser enterrado civilmente en la intimidad, sin discursos\".<br \/>\nEn una reuni\u00f3n celebrada el 14 de julio de 1914, el alcalde Adolphe <strong>MAX<\/strong> invit\u00f3 al Consejo a decidir que la ciudad de Bruselas erigiera un monumento. En su testamento, el difunto estipul\u00f3 que ninguna se\u00f1al adornar\u00eda su tumba. El lugar no se eligi\u00f3 hasta 1917, y la administraci\u00f3n municipal decidi\u00f3 plantar flores y mantener un peque\u00f1o jard\u00edn, como en el caso de las tumbas militares.<\/span><\/p>\n<p style=\"text-align: left;\"><span style=\"font-size: 14pt;\"><strong><span style=\"font-family: arial, helvetica, sans-serif;\">Lea tambi\u00e9n :<\/span><\/strong><\/span><br \/>\n<span style=\"font-family: arial, helvetica, sans-serif; font-size: 12pt;\">https:\/\/plus.lesoir.be\/art\/598900\/article\/14-18\/archives-14-18\/2014-07-14\/mort-m-charles-buls#:~:text=%20Mort%20de%20M.%20Charles%20Buls%20%201,Buls%20re%C3%A7u%2C%20avenue%20Louise%2C%20dans%20des&#8230;%20More%20<\/span><\/p>\n<p style=\"text-align: left;\"><span style=\"font-family: arial, helvetica, sans-serif; font-size: 14pt;\"><strong>Fuentes :<\/strong><br \/>\n<span style=\"font-size: 12pt;\"><strong>BULS<\/strong> Charles, Le petit dictionnaire des Belges, Le cri RTBF 1993, p 88<\/span><br \/>\n<span style=\"font-size: 12pt;\">C\u00e9cilia VANDERVELDE, la n\u00e9crople de Bruxelles, Commission d'Histoire de l'Europe, 1991, p36<\/span><\/span><\/p>","protected":false},"excerpt":{"rendered":"<p>&nbsp; &nbsp; Son p\u00e8re, un orf\u00e8vre bien connu de Bruxelles, lui permit faire des \u00e9tudes dans une ath\u00e9n\u00e9e, Orf\u00e8vre comme son p\u00e8re, Il \u00e9tait un autodidacte lettr\u00e9, et voyageur ; [&hellip;]<\/p>\n","protected":false},"author":2,"featured_media":6942,"comment_status":"closed","ping_status":"open","sticky":false,"template":"","format":"standard","meta":{"_et_pb_use_builder":"","_et_pb_old_content":"","_et_gb_content_width":"","footnotes":""},"categories":[93,89],"tags":[],"class_list":["post-6938","post","type-post","status-publish","format-standard","has-post-thumbnail","hentry","category-nos-pistes","category-personnalites-belges","et-has-post-format-content","et_post_format-et-post-format-standard"],"aioseo_notices":[],"_links":{"self":[{"href":"https:\/\/geniwal.be\/es\/wp-json\/wp\/v2\/posts\/6938","targetHints":{"allow":["GET"]}}],"collection":[{"href":"https:\/\/geniwal.be\/es\/wp-json\/wp\/v2\/posts"}],"about":[{"href":"https:\/\/geniwal.be\/es\/wp-json\/wp\/v2\/types\/post"}],"author":[{"embeddable":true,"href":"https:\/\/geniwal.be\/es\/wp-json\/wp\/v2\/users\/2"}],"replies":[{"embeddable":true,"href":"https:\/\/geniwal.be\/es\/wp-json\/wp\/v2\/comments?post=6938"}],"version-history":[{"count":0,"href":"https:\/\/geniwal.be\/es\/wp-json\/wp\/v2\/posts\/6938\/revisions"}],"wp:featuredmedia":[{"embeddable":true,"href":"https:\/\/geniwal.be\/es\/wp-json\/wp\/v2\/media\/6942"}],"wp:attachment":[{"href":"https:\/\/geniwal.be\/es\/wp-json\/wp\/v2\/media?parent=6938"}],"wp:term":[{"taxonomy":"category","embeddable":true,"href":"https:\/\/geniwal.be\/es\/wp-json\/wp\/v2\/categories?post=6938"},{"taxonomy":"post_tag","embeddable":true,"href":"https:\/\/geniwal.be\/es\/wp-json\/wp\/v2\/tags?post=6938"}],"curies":[{"name":"wp","href":"https:\/\/api.w.org\/{rel}","templated":true}]}}