{"id":6950,"date":"2021-04-24T16:39:05","date_gmt":"2021-04-24T14:39:05","guid":{"rendered":"https:\/\/geniwal.be\/?p=6950"},"modified":"2023-04-04T19:08:11","modified_gmt":"2023-04-04T17:08:11","slug":"de-brouckere-charles-marie-ghislain","status":"publish","type":"post","link":"https:\/\/geniwal.be\/es\/nos-pistes\/personnalites-belges\/de-brouckere-charles-marie-ghislain\/","title":{"rendered":"de BROUCKERE Charles Marie Joseph"},"content":{"rendered":"<div id=\"attachment_6954\" style=\"width: 410px\" class=\"wp-caption aligncenter\"><img decoding=\"async\" aria-describedby=\"caption-attachment-6954\" class=\"wp-image-6954 lazyload\" data-src=\"https:\/\/geniwal.be\/wp-content\/uploads\/2021\/04\/Charles_de_Brouckere-219x300.png\" alt=\"\" width=\"400\" height=\"548\" src=\"data:image\/svg+xml;base64,PHN2ZyB3aWR0aD0iMSIgaGVpZ2h0PSIxIiB4bWxucz0iaHR0cDovL3d3dy53My5vcmcvMjAwMC9zdmciPjwvc3ZnPg==\" style=\"--smush-placeholder-width: 400px; --smush-placeholder-aspect-ratio: 400\/548;\" \/><p id=\"caption-attachment-6954\" class=\"wp-caption-text\">de BROUCKERE Charles Marie Joseph<\/p><\/div>\n<p>&nbsp;<\/p>\n<p class=\"definition\" style=\"text-align: left;\"><span style=\"font-family: arial, helvetica, sans-serif; font-size: 14pt;\"><img decoding=\"async\" class=\"aligncenter wp-image-6958 size-large lazyload\" data-src=\"https:\/\/geniwal.be\/wp-content\/uploads\/2021\/04\/MAUBRAY_NAISSANCES_EC_1897_036-1024x388.jpg\" alt=\"\" width=\"1024\" height=\"388\" src=\"data:image\/svg+xml;base64,PHN2ZyB3aWR0aD0iMSIgaGVpZ2h0PSIxIiB4bWxucz0iaHR0cDovL3d3dy53My5vcmcvMjAwMC9zdmciPjwvc3ZnPg==\" style=\"--smush-placeholder-width: 1024px; --smush-placeholder-aspect-ratio: 1024\/388;\" \/><\/span><\/p>\n<p>&nbsp;<\/p>\n<p style=\"text-align: left;\"><span style=\"font-family: arial, helvetica, sans-serif; font-size: 14pt;\">Pol\u00edtico liberal, nacido en Brujas el 18 de enero de 1796 y fallecido en Bruselas el 20 de abril de 1860. Hijo de <strong>Charles de BROUCKERE<\/strong> y <strong>de STOOP<\/strong> Colette, casada en Maastricht el 02\/09\/1819 Pa\u00edses Bajos con <strong>VISSCHERS Marie Gertrude<\/strong> nacida el 02 de septiembre de 1798 en Maastricht, fallecida el 07\/02\/1876 en Bruselas, hija de VISSCHERS Guillaume y de NIJST Marie Elisabeth. De esta uni\u00f3n naci\u00f3 Elisabeth Marie Charlotte. <strong>de BROUCKERE <\/strong>nacido el 24\/07\/1820, Alfred <strong>de BROUCKERE nacido<\/strong> 19\/02\/1827 y Caroline Marie <strong>de BROUCKERE <\/strong>nacido el 22\/08\/1828 todos en Maastricht (Pa\u00edses Bajos) luego adscrito a B\u00e9lgica hasta 1839, abogado, en 1815 oficial de artiller\u00eda, en 1824 miembro de los estados provinciales y de la diputaci\u00f3n permanente de Limburgo, en 1826 miembro de la segunda c\u00e1mara de los estados generales bajo el r\u00e9gimen neerland\u00e9s, en 1830 Coronel de Artiller\u00eda y Gobernador Militar de la Provincia de Lieja, miembro del Comit\u00e9 Constitucional, desempe\u00f1\u00f3 un papel importante en la Revoluci\u00f3n Belga, en 1831 miembro del Congreso Nacional por el distrito de Hasselt, en 1831 ayudante de campo del Rey, represent\u00f3 al distrito de Bruselas en la C\u00e1mara de 1831 a 1832, en 1831 fue nombrado Ministro de Hacienda y del Interior, luego Ministro de Guerra entre 1831 y 1832, en 1834 Profesor en la Universidad libre de Bruselas donde ense\u00f1\u00f3 matem\u00e1ticas especiales, astronom\u00eda, estad\u00edstica y econom\u00eda pol\u00edtica, en 1835 Director del Banco de B\u00e9lgica, en 1847 fue miembro del Consejo Municipal de Bruselas, y de 1848 a 1856 y de 1857 a 1860 miembro de la C\u00e1mara de Representantes, en 1851 y 1855 presidente de la comisi\u00f3n belga en las Exposiciones Universales de Londres y Par\u00eds, y en 1848 alcalde de Bruselas, cargo que ocup\u00f3 hasta su muerte, acaecida a las 10 de la ma\u00f1ana del 20 de abril de 1860. Era hermano de <strong>Henri de BROUCKERE<\/strong><\/span><\/p>\n<p><span style=\"font-size: 14pt; font-family: arial, helvetica, sans-serif;\"><span style=\"text-decoration: underline;\">D\u00f3nde encontrar la tumba de de <strong>BROUCKERE Charles Marie Joseph<\/strong> en el<\/span> <span style=\"color: #0000ff;\"><a style=\"color: #0000ff;\" href=\"https:\/\/environnement.brussels\/fiche\/cimetiere-de-bruxelles\">Necr\u00f3polis de Bruselas<\/a><\/span><\/span><\/p>\n<div id=\"attachment_6968\" style=\"width: 410px\" class=\"wp-caption alignleft\"><img decoding=\"async\" aria-describedby=\"caption-attachment-6968\" class=\"wp-image-6968 lazyload\" data-src=\"https:\/\/geniwal.be\/wp-content\/uploads\/2021\/04\/img775.jpg\" alt=\"\" width=\"400\" height=\"563\" data-srcset=\"https:\/\/geniwal.be\/wp-content\/uploads\/2021\/04\/img775.jpg 628w, https:\/\/geniwal.be\/wp-content\/uploads\/2021\/04\/img775-450x633.jpg 450w, https:\/\/geniwal.be\/wp-content\/uploads\/2021\/04\/img775-600x845.jpg 600w, https:\/\/geniwal.be\/wp-content\/uploads\/2021\/04\/img775-213x300.jpg 213w, https:\/\/geniwal.be\/wp-content\/uploads\/2021\/04\/img775-300x422.jpg 300w\" data-sizes=\"(max-width: 400px) 100vw, 400px\" src=\"data:image\/svg+xml;base64,PHN2ZyB3aWR0aD0iMSIgaGVpZ2h0PSIxIiB4bWxucz0iaHR0cDovL3d3dy53My5vcmcvMjAwMC9zdmciPjwvc3ZnPg==\" style=\"--smush-placeholder-width: 400px; --smush-placeholder-aspect-ratio: 400\/563;\" \/><p id=\"caption-attachment-6968\" class=\"wp-caption-text\">Monumento funerario: de BROUCKERE Charles Marie Joseph en el cementerio de Bruselas<\/p><\/div>\n<p style=\"text-align: left;\"><span style=\"font-family: arial, helvetica, sans-serif; font-size: 14pt;\">Su funeral tuvo lugar el 22 de abril de 1860, un d\u00eda de niebla y fr\u00edo. Un imponente cortejo lo condujo a la antigua colegiata de los Santos Michel y Gudule, donde fue llevado al cementerio principal de la ciudad. <strong>Charles Marie Joseph de BROUCKERE<\/strong> fue transferido en 1871 del <em>Cementerio Quartier L\u00e9opold<\/em> situado en la comuna de Saint-Josse, cerca de la necr\u00f3polis de la ciudad de Bruselas. Su monumento funerario fue dise\u00f1ado en 1861 por el arquitecto <a href=\"https:\/\/geniwal.be\/es\/non-classe\/de-brouckere-charles-marie-joseph\/\"><strong>BEYAERT<\/strong><\/a> y el escultor <strong>FIERS<\/strong>Est\u00e1 situado en el 8\u00ba c\u00e9sped del rondpoint des bourgmestres, concesi\u00f3n n\u00ba 12.  El monumento es de piedra francesa con los siguientes s\u00edmbolos: una cruz \"uno de los s\u00edmbolos atestiguados desde la m\u00e1s remota antig\u00fcedad, en Egipto, China, Cnosos y Creta\", una llama \"En todas las tradiciones, la llama es el s\u00edmbolo de la purificaci\u00f3n, la iluminaci\u00f3n y el amor espiritual. Es la imagen del esp\u00edritu y de la trascendencia, el alma del fuego\", antorchas invertidas \"pueden asociarse a la llama eterna, la antorcha invertida es el genio de la muerte\", hojas que caen y ramas de hiedra.<\/span><\/p>\n<p style=\"text-align: left;\"><span style=\"font-family: arial, helvetica, sans-serif; font-size: 12pt;\"><strong><span style=\"text-decoration: underline;\">Documento adicional sobre<\/span>\u00a0:<\/strong> <strong>de BROUCKERE<\/strong> Charles Marie Joseph y <strong><span style=\"font-family: arial, helvetica, sans-serif;\">VISSCHERS Marie Gertrude<br \/>\n<\/span><\/strong><\/span><\/p>\n<p style=\"text-align: left;\"><span style=\"font-family: arial, helvetica, sans-serif;\">Partida de nacimiento :\u00a0 <span style=\"color: #0000ff;\"><a style=\"color: #0000ff;\" href=\"https:\/\/geniwal.be\/es\/non-classe\/de-brouckere-charles-marie-joseph\/\"><strong>de BROUCKERE Charles Marie Joseph<\/strong><\/a><\/span><\/span><br \/>\n<span style=\"font-family: arial, helvetica, sans-serif;\">Consentimiento de los padres para contraer matrimonio : <span style=\"color: #0000ff;\"><a style=\"color: #0000ff;\" href=\"https:\/\/geniwal.be\/es\/non-classe\/de-brouckere-charles-marie-joseph\/\"><strong>de BROUCKERE Charles Marie Joseph<\/strong><\/a><\/span><\/span><br \/>\n<span style=\"font-family: arial, helvetica, sans-serif;\">Partida de nacimiento : <span style=\"font-size: 12pt;\"><strong><span style=\"color: #0000ff;\"><a style=\"color: #0000ff;\" href=\"https:\/\/geniwal.be\/es\/non-classe\/de-brouckere-charles-marie-joseph\/\">VISSCHERS Marie Gertrude<\/a><\/span><br \/>\n<\/strong>Partida de nacimiento :<strong><span style=\"color: #0000ff;\"><a style=\"color: #0000ff;\" href=\"https:\/\/geniwal.be\/es\/non-classe\/de-brouckere-charles-marie-joseph\/\">de BROUCKERE <\/a><\/span><span style=\"font-family: arial, helvetica, sans-serif; font-size: 14pt;\"><span style=\"font-size: 12pt; color: #0000ff;\">Elisabeth Marie Charlotte<\/span><br \/>\n<\/span><\/strong><span style=\"font-family: arial, helvetica, sans-serif; font-size: 14pt;\"><span style=\"font-size: 12pt;\">Partida de nacimiento :<\/span><\/span><strong><span style=\"font-family: arial, helvetica, sans-serif; font-size: 14pt;\"><span style=\"color: #0000ff;\"><a style=\"color: #0000ff;\" href=\"https:\/\/geniwal.be\/es\/non-classe\/de-brouckere-charles-marie-joseph\/\"><span style=\"font-size: 12pt;\"> de BROUCKERE Caroline Marie<\/span><\/a><\/span><br \/>\n<\/span><\/strong><\/span><\/span><\/p>\n<p>&nbsp;<\/p>\n<p>&nbsp;<\/p>\n<p>&nbsp;<\/p>\n<p style=\"text-align: left;\"><span style=\"font-family: arial, helvetica, sans-serif;\"><strong><br \/>\n<span style=\"font-size: 14pt;\">Cr\u00e9dito de la foto :<br \/>\n<\/span><\/strong><br \/>\n<span style=\"text-decoration: underline;\"><span style=\"color: #0000ff; text-decoration: underline;\">https:\/\/www.google.com\/search?rlz=1C1CHBF_frBE917BE917&amp;sxsrf=ALeKk03P-wgjoX_heF8ZMqaNkUVPpNrD3Q:1619281957347&amp;source=univ&amp;tbm=isch&amp;q=Images+DE+BROUCKERE+Charles&amp;sa=X&amp;ved=2ahUKEwio_u6up5fwAhVjMewKHc1pCCMQjJkEegQIBRAB&amp;biw=1920&amp;bih=880#imgrc=FzyJApANau5l3M<\/span><\/span><br \/>\n<span style=\"text-decoration: underline;\"><span style=\"color: #0000ff; text-decoration: underline;\">https:\/\/fr.wikipedia.org\/wiki\/Charles_de_Brouck%C3%A8re<\/span><\/span><br \/>\n<span style=\"text-decoration: underline;\"><span style=\"color: #0000ff; text-decoration: underline;\">https:\/\/www.familiekunde-brussel.be\/pdf\/burgemeesters\/vs2000_bb_laporte_121-130_de-brouckere.pdf<\/span><\/span><br \/>\n<\/span><\/p>\n<p style=\"text-align: left;\"><span style=\"font-size: 14pt;\"><strong><span style=\"font-family: arial, helvetica, sans-serif;\">Fuentes :<br \/>\n<\/span><\/strong><\/span><br \/>\n<span style=\"font-family: arial, helvetica, sans-serif;\"> Le nouveau dictionnaire des Belges, publicado por Le CRI, 1993, p 167\u00a0<\/span><br \/>\n<span style=\"font-family: arial, helvetica, sans-serif;\">C\u00e9cilia <strong>VANDERVELDE<\/strong>La n\u00e9cropole de Bruxelles, publicado por la Comisi\u00f3n de Historia de Europa, 1991, p. 35.<\/span><\/p>\n<p>Todos los derechos reservados<br \/>\n<strong><span style=\"font-family: arial, helvetica, sans-serif; font-size: 12pt;\">Yves Heraly<\/span><\/strong><\/p>\n<p>&nbsp;<\/p>","protected":false},"excerpt":{"rendered":"<p>&nbsp; &nbsp; Homme politique lib\u00e9ral, n\u00e9 \u00e0 Bruges le 18 janvier 1796 et d\u00e9c\u00e9d\u00e9 \u00e0 Bruxelles le 20 avril 1860. Fils de Charles de BROUCKERE et de STOOP Colette, mari\u00e9 [&hellip;]<\/p>\n","protected":false},"author":2,"featured_media":6968,"comment_status":"closed","ping_status":"open","sticky":false,"template":"","format":"standard","meta":{"_et_pb_use_builder":"","_et_pb_old_content":"","_et_gb_content_width":"","footnotes":""},"categories":[93,89],"tags":[],"class_list":["post-6950","post","type-post","status-publish","format-standard","has-post-thumbnail","hentry","category-nos-pistes","category-personnalites-belges","et-has-post-format-content","et_post_format-et-post-format-standard"],"aioseo_notices":[],"_links":{"self":[{"href":"https:\/\/geniwal.be\/es\/wp-json\/wp\/v2\/posts\/6950","targetHints":{"allow":["GET"]}}],"collection":[{"href":"https:\/\/geniwal.be\/es\/wp-json\/wp\/v2\/posts"}],"about":[{"href":"https:\/\/geniwal.be\/es\/wp-json\/wp\/v2\/types\/post"}],"author":[{"embeddable":true,"href":"https:\/\/geniwal.be\/es\/wp-json\/wp\/v2\/users\/2"}],"replies":[{"embeddable":true,"href":"https:\/\/geniwal.be\/es\/wp-json\/wp\/v2\/comments?post=6950"}],"version-history":[{"count":0,"href":"https:\/\/geniwal.be\/es\/wp-json\/wp\/v2\/posts\/6950\/revisions"}],"wp:featuredmedia":[{"embeddable":true,"href":"https:\/\/geniwal.be\/es\/wp-json\/wp\/v2\/media\/6968"}],"wp:attachment":[{"href":"https:\/\/geniwal.be\/es\/wp-json\/wp\/v2\/media?parent=6950"}],"wp:term":[{"taxonomy":"category","embeddable":true,"href":"https:\/\/geniwal.be\/es\/wp-json\/wp\/v2\/categories?post=6950"},{"taxonomy":"post_tag","embeddable":true,"href":"https:\/\/geniwal.be\/es\/wp-json\/wp\/v2\/tags?post=6950"}],"curies":[{"name":"wp","href":"https:\/\/api.w.org\/{rel}","templated":true}]}}