{"id":7605,"date":"2021-12-01T19:45:26","date_gmt":"2021-12-01T18:45:26","guid":{"rendered":"https:\/\/geniwal.be\/?p=7605"},"modified":"2023-04-04T19:00:57","modified_gmt":"2023-04-04T17:00:57","slug":"henry-desire-ghislain-joseph-deglume-peintre-meconnu-gerpinnois","status":"publish","type":"post","link":"https:\/\/geniwal.be\/es\/nos-pistes\/non-classe\/henry-desire-ghislain-joseph-deglume-peintre-meconnu-gerpinnois\/","title":{"rendered":"DEGLUME Henry D\u00e9sir\u00e9 Ghislain Joseph , pintor poco conocido de Gerpigny."},"content":{"rendered":"<p style=\"text-align: left;\"><img decoding=\"async\" class=\"aligncenter wp-image-7608 lazyload\" data-src=\"https:\/\/geniwal.be\/wp-content\/uploads\/2021\/12\/DEGLUME-Henry_photo1-300x191.jpg\" alt=\"\" width=\"500\" height=\"319\" src=\"data:image\/svg+xml;base64,PHN2ZyB3aWR0aD0iMSIgaGVpZ2h0PSIxIiB4bWxucz0iaHR0cDovL3d3dy53My5vcmcvMjAwMC9zdmciPjwvc3ZnPg==\" style=\"--smush-placeholder-width: 500px; --smush-placeholder-aspect-ratio: 500\/319;\" \/><\/p>\n<p style=\"text-align: left;\"><span style=\"font-size: 14pt;\"><span style=\"font-family: arial, helvetica, sans-serif;\"><strong>DEGLUME<\/strong>\u00a0 <strong>Henry (Henri) D\u00e9sir\u00e9 Ghislain<\/strong> Joseph naci\u00f3 el 28 de diciembre de 1865 en Gerpinnes, hijo de <strong>DEGLUME Emile <\/strong>herrero, herrador y de\u00a0 <strong>EVRARD Anastasio<\/strong>. Creci\u00f3 en la esquina de la Avenue Astrid y la Place du Perron. Es el menor de 4 hermanos.\u00a0<\/span><span style=\"font-family: arial, helvetica, sans-serif;\">Destinado por su padre a estudiar para sacerdote, ingresa en el Petit S\u00e9minaire de Bonne Esp\u00e9rance, donde se niega a estudiar. Quer\u00eda dibujar y pintar. En secreto, robaba telas, lienzos, l\u00e1pices, etc. y pintaba todo lo que ve\u00eda.\u00a0<\/span><span style=\"font-family: arial, helvetica, sans-serif;\">Su padre le contrat\u00f3 como aprendiz en su herrer\u00eda, pero se dio cuenta de que su hijo quer\u00eda pintar. Le env\u00eda a vivir con su hermana a Amberes, donde asiste a clases en la Academia. Despu\u00e9s ingres\u00f3 en la Acad\u00e9mie des Beaux-Arts de Namur y en Th\u00e9odore Baron, su director desde 1868. Th\u00e9odore Baron fue impresionista y precursor de la nueva escuela belga de pintura. Influido por esta \u00faltima, pero independiente, <strong>DEGLUME<\/strong> <strong>Henry<\/strong> olvida r\u00e1pidamente a sus amos y se vuelve hacia la naturaleza.\u00a0<\/span><span style=\"font-family: arial, helvetica, sans-serif;\">Bajo la influencia de <strong>SEURAT<\/strong> (1859-1891), seguidor de la primera etapa del impresionismo, divisionista y puntillista, influido a su vez por <strong>por SISLEY<\/strong> (1839-1899, impresionista), Henry encontr\u00f3 su arte pero, siempre dispuesto a ser independiente, innovador y precursor de nuestra l\u00ednea de paisajistas impresionistas en Valonia, prob\u00f3 primero con el puntillismo.\u00a0<\/span><span style=\"font-family: arial, helvetica, sans-serif;\">En 1894 trabaj\u00f3 para <strong>AJ HEYMANS<\/strong>\u00a0(1839-1921). Este paisajista belga, adepto a la acuarela y a la miniatura, considerado uno de los principales pintores impresionistas belgas, ejercer\u00e1 una gran influencia en la pintura de <strong>DEGLUME<\/strong>.\u00a0<\/span><span style=\"font-family: arial, helvetica, sans-serif;\">Volvi\u00f3 a su Gerpinnes natal, por la que sent\u00eda gran admiraci\u00f3n, y poco a poco abandon\u00f3 el puntillismo (movimiento art\u00edstico en la pintura y t\u00e9cnica pict\u00f3rica que utiliza peque\u00f1as \u00e1reas de color yuxtapuestas en lugar de mezclas de pastas coloreadas) por el impresionismo (caracterizado por una tendencia a notar las impresiones fugaces, la movilidad de los fen\u00f3menos, los movimientos fluidos en lugar de la apariencia estable de las cosas).\u00a0<\/span><span style=\"font-family: arial, helvetica, sans-serif;\">Recorre los caminos, carreteras y campos de Gerpinnes con caballete y esp\u00e1tula. Pinta lo que ve. La presencia humana en su obra es escasa, por no decir nula. En cambio, los \u00e1rboles ocupan un lugar destacado. Para \u00e9l, los \u00e1rboles son un medio de expresar la vida. Sus cuadros hablan de poes\u00eda y alegr\u00eda de vivir.\u00a0<\/span><span style=\"font-family: arial, helvetica, sans-serif;\">Muchas de sus obras se encuentran en Gerpinnes.<\/span><\/span><\/p>\n<p style=\"text-align: left;\"><span style=\"font-family: arial, helvetica, sans-serif;\"><span style=\"font-size: 14pt;\">Reproducciones de gran formato de sus obras est\u00e1n situadas en los distintos lugares que le inspiraron (un \u00e1rbol, un estanque, una corona, etc.), lo que permite comparar el paisaje visto por el artista con el paisaje visto por el espectador. <strong>DEGLUME Enrique <\/strong> y hoy.<\/span><br \/>\n<\/span><\/p>\n<p><img decoding=\"async\" class=\"alignleft wp-image-7614 size-full lazyload\" data-src=\"https:\/\/geniwal.be\/wp-content\/uploads\/2021\/12\/Etang-Try-Marie-Lino-Gerpinnes.jpg\" alt=\"\" width=\"716\" height=\"422\" data-srcset=\"https:\/\/geniwal.be\/wp-content\/uploads\/2021\/12\/Etang-Try-Marie-Lino-Gerpinnes.jpg 716w, https:\/\/geniwal.be\/wp-content\/uploads\/2021\/12\/Etang-Try-Marie-Lino-Gerpinnes-450x265.jpg 450w, https:\/\/geniwal.be\/wp-content\/uploads\/2021\/12\/Etang-Try-Marie-Lino-Gerpinnes-600x354.jpg 600w\" data-sizes=\"(max-width: 716px) 100vw, 716px\" src=\"data:image\/svg+xml;base64,PHN2ZyB3aWR0aD0iMSIgaGVpZ2h0PSIxIiB4bWxucz0iaHR0cDovL3d3dy53My5vcmcvMjAwMC9zdmciPjwvc3ZnPg==\" style=\"--smush-placeholder-width: 716px; --smush-placeholder-aspect-ratio: 716\/422;\" \/><\/p>\n<p><img decoding=\"async\" class=\"aligncenter wp-image-7617 size-full lazyload\" data-src=\"https:\/\/geniwal.be\/wp-content\/uploads\/2021\/12\/La-Chevrerie-du-Moulin-Acoz.jpg\" alt=\"\" width=\"710\" height=\"461\" data-srcset=\"https:\/\/geniwal.be\/wp-content\/uploads\/2021\/12\/La-Chevrerie-du-Moulin-Acoz.jpg 710w, https:\/\/geniwal.be\/wp-content\/uploads\/2021\/12\/La-Chevrerie-du-Moulin-Acoz-450x292.jpg 450w, https:\/\/geniwal.be\/wp-content\/uploads\/2021\/12\/La-Chevrerie-du-Moulin-Acoz-600x390.jpg 600w\" data-sizes=\"(max-width: 710px) 100vw, 710px\" src=\"data:image\/svg+xml;base64,PHN2ZyB3aWR0aD0iMSIgaGVpZ2h0PSIxIiB4bWxucz0iaHR0cDovL3d3dy53My5vcmcvMjAwMC9zdmciPjwvc3ZnPg==\" style=\"--smush-placeholder-width: 710px; --smush-placeholder-aspect-ratio: 710\/461;\" \/><\/p>\n<p style=\"text-align: left;\"><span style=\"font-size: 14pt;\"><span style=\"font-family: arial, helvetica, sans-serif;\">https:\/\/www.gerpinnes.be\/loisirs\/tourisme\/les-sentiers-dhenri-deglume : (Itinerario de paseo para descubrir los lugares pintados por el artista) <strong>DEGLUME<\/strong>Un recorrido que compara su obra con el paisaje actual). <\/span><span style=\"font-family: arial, helvetica, sans-serif;\"><strong>DEGLUME<\/strong> no frecuent\u00f3 los salones mondains, sino que se rode\u00f3 de otros muchos artistas, pintores, poetas, escritores, ...<\/span><\/span><br \/>\n<span style=\"font-family: arial, helvetica, sans-serif; font-size: 14pt;\"> Fue el maestro del conocido pintor local, <strong>PAULUS Pierre<\/strong> (1881-1951, impresionista de la regi\u00f3n de Charleroi). Muri\u00f3 el 22 de mayo de 1940, soltero.<\/span><\/p>\n<p style=\"text-align: left;\"><span style=\"font-family: arial, helvetica, sans-serif; font-size: 14pt;\"><strong>Fuentes :<\/strong><\/span><\/p>\n<p style=\"text-align: left;\"><span style=\"font-family: arial, helvetica, sans-serif;\"><a href=\"https:\/\/www.gerpinnes.be\/ma-commune\/services-communaux\/sports-tourisme-culture\/henri-deglume\">https:\/\/www.gerpinnes.be\/ma-commune\/services-communaux\/sports-tourisme-culture\/henri-deglume<\/a><a href=\"http:\/\/www.fagnet.be\/Gerpinnes_ok\/ger_DEGLUME%20Henry\/DEGLUME%20Henry_index.htm\">http:\/\/www.fagnet.be\/Gerpinnes_ok\/ger_DEGLUME%20Henry\/DEGLUME%20Henry_index.htm<\/a><\/span><br \/>\n<span style=\"font-family: arial, helvetica, sans-serif;\"><a href=\"http:\/\/www.fagnet.be\/Gerpinnes_ok\/ger_DEGLUME%20Henry\/DEGLUME%20Henry%20de%20Bernard%20MICHAUX_3.JPG\">http:\/\/www.fagnet.be\/Gerpinnes_ok\/ger_DEGLUME%20Henry\/DEGLUME%20Henry%20de%20Bernard%20MICHAUX_3.JPG<\/a><\/span><br \/>\n<span style=\"font-family: arial, helvetica, sans-serif;\"><a href=\"http:\/\/www.galeriedupistoletdor.com\/gdpo\/Deglumehenri.html#:~:text=Henri%20Deglume%20(Gerpinnes%2C%201865%20%2D%201940)&amp;text=Formation%20de%20courte%20dur%C3%A9e%20%C3%A0,retir%C3%A9%20dans%20son%20village%20natal\">http:\/\/www.galeriedupistoletdor.com\/gdpo\/Deglumehenri.html#:~:text=Henri%20Deglume%20(Gerpinnes%2C%201865%20%2D%201940)&amp;text=Formation%20de%20courte%20dur%C3%A9e%20%C3%A0,retir%C3%A9%20dans%20son%20village%20natal<\/a>.<\/span><br \/>\n<span style=\"font-family: arial, helvetica, sans-serif;\"><a href=\"https:\/\/www.gerpinnes.be\/loisirs\/tourisme\/les-sentiers-dhenri-deglume\">https:\/\/www.gerpinnes.be\/loisirs\/tourisme\/les-sentiers-dhenri-deglume<\/a><\/span><br \/>\n<span style=\"font-family: arial, helvetica, sans-serif;\"><a href=\"https:\/\/fr.wikipedia.org\/wiki\/Th%C3%A9odore_Baron\">https:\/\/fr.wikipedia.org\/wiki\/Th%C3%A9odore_Baron<\/a><\/span><br \/>\n<span style=\"font-family: arial, helvetica, sans-serif;\"><a href=\"https:\/\/fr.wikipedia.org\/wiki\/Georges_Seurat\">https:\/\/fr.wikipedia.org\/wiki\/Georges_Seurat<\/a><\/span><br \/>\n<span style=\"font-family: arial, helvetica, sans-serif;\"><a href=\"https:\/\/fr.wikipedia.org\/wiki\/Alfred_Sisley\">https:\/\/fr.wikipedia.org\/wiki\/Alfred_Sisley<\/a><\/span><br \/>\n<span style=\"font-family: arial, helvetica, sans-serif;\"><a href=\"https:\/\/fr.wikipedia.org\/wiki\/Pierre_Paulus\">https:\/\/fr.wikipedia.org\/wiki\/Pierre_Paulus<\/a><\/span><span style=\"font-family: arial, helvetica, sans-serif;\">\u00a0 \u00a0 \u00a0 \u00a0 \u00a0 \u00a0 \u00a0 \u00a0 \u00a0 \u00a0 \u00a0 \u00a0 \u00a0 \u00a0 \u00a0 \u00a0 \u00a0 \u00a0 \u00a0 \u00a0 \u00a0 \u00a0 \u00a0 \u00a0 \u00a0 \u00a0 \u00a0 \u00a0 \u00a0 \u00a0 \u00a0 \u00a0 \u00a0 \u00a0 \u00a0 \u00a0 \u00a0 \u00a0 \u00a0 \u00a0 \u00a0 \u00a0 \u00a0 \u00a0 \u00a0 \u00a0 \u00a0 \u00a0 \u00a0<\/span><\/p>\n<p style=\"text-align: left;\"><span style=\"font-family: arial, helvetica, sans-serif; font-size: 14pt;\"><strong>Myriam Brys<\/strong><\/span><\/p>\n<p style=\"text-align: left;\"><span style=\"font-family: arial, helvetica, sans-serif; font-size: 14pt;\">\u00a0<\/span><\/p>\n<div id=\"attachment_7611\" style=\"width: 610px\" class=\"wp-caption alignleft\"><img decoding=\"async\" aria-describedby=\"caption-attachment-7611\" class=\"wp-image-7611 lazyload\" data-src=\"https:\/\/geniwal.be\/wp-content\/uploads\/2021\/12\/AN-DEGLUME-Henry-Desire-Ghislain-Joseph-1865-Gerpinnes-1024x734.jpg\" alt=\"\" width=\"600\" height=\"430\" src=\"data:image\/svg+xml;base64,PHN2ZyB3aWR0aD0iMSIgaGVpZ2h0PSIxIiB4bWxucz0iaHR0cDovL3d3dy53My5vcmcvMjAwMC9zdmciPjwvc3ZnPg==\" style=\"--smush-placeholder-width: 600px; --smush-placeholder-aspect-ratio: 600\/430;\" \/><p id=\"caption-attachment-7611\" class=\"wp-caption-text\">Partidas de nacimiento<\/p><\/div>\n<p><img decoding=\"async\" class=\"wp-image-7610 lazyload\" data-src=\"https:\/\/geniwal.be\/wp-content\/uploads\/2021\/12\/AD-DEGLUME-Henry-Desire-Ghislain-Gerpinnes-1940-300x274.png\" alt=\"\" width=\"470\" height=\"429\" src=\"data:image\/svg+xml;base64,PHN2ZyB3aWR0aD0iMSIgaGVpZ2h0PSIxIiB4bWxucz0iaHR0cDovL3d3dy53My5vcmcvMjAwMC9zdmciPjwvc3ZnPg==\" style=\"--smush-placeholder-width: 470px; --smush-placeholder-aspect-ratio: 470\/429;\" \/><\/p>\n<p>Certificado de defunci\u00f3n<\/p>","protected":false},"excerpt":{"rendered":"<p>DEGLUME\u00a0 Henry (Henri) D\u00e9sir\u00e9 Ghislain Joseph est n\u00e9 le 28 d\u00e9cembre 1865 \u00e0 Gerpinnes, de DEGLUME Emile , forgeron, mar\u00e9chal ferrant et de\u00a0 EVRARD Anastasie. Il a grandi au coin [&hellip;]<\/p>\n","protected":false},"author":2,"featured_media":7617,"comment_status":"closed","ping_status":"open","sticky":false,"template":"","format":"standard","meta":{"_et_pb_use_builder":"","_et_pb_old_content":"","_et_gb_content_width":"","footnotes":""},"categories":[1,89],"tags":[],"class_list":["post-7605","post","type-post","status-publish","format-standard","has-post-thumbnail","hentry","category-non-classe","category-personnalites-belges","et-has-post-format-content","et_post_format-et-post-format-standard"],"aioseo_notices":[],"_links":{"self":[{"href":"https:\/\/geniwal.be\/es\/wp-json\/wp\/v2\/posts\/7605","targetHints":{"allow":["GET"]}}],"collection":[{"href":"https:\/\/geniwal.be\/es\/wp-json\/wp\/v2\/posts"}],"about":[{"href":"https:\/\/geniwal.be\/es\/wp-json\/wp\/v2\/types\/post"}],"author":[{"embeddable":true,"href":"https:\/\/geniwal.be\/es\/wp-json\/wp\/v2\/users\/2"}],"replies":[{"embeddable":true,"href":"https:\/\/geniwal.be\/es\/wp-json\/wp\/v2\/comments?post=7605"}],"version-history":[{"count":0,"href":"https:\/\/geniwal.be\/es\/wp-json\/wp\/v2\/posts\/7605\/revisions"}],"wp:featuredmedia":[{"embeddable":true,"href":"https:\/\/geniwal.be\/es\/wp-json\/wp\/v2\/media\/7617"}],"wp:attachment":[{"href":"https:\/\/geniwal.be\/es\/wp-json\/wp\/v2\/media?parent=7605"}],"wp:term":[{"taxonomy":"category","embeddable":true,"href":"https:\/\/geniwal.be\/es\/wp-json\/wp\/v2\/categories?post=7605"},{"taxonomy":"post_tag","embeddable":true,"href":"https:\/\/geniwal.be\/es\/wp-json\/wp\/v2\/tags?post=7605"}],"curies":[{"name":"wp","href":"https:\/\/api.w.org\/{rel}","templated":true}]}}