{"id":798,"date":"2013-08-06T19:59:27","date_gmt":"2013-08-06T17:59:27","guid":{"rendered":"https:\/\/geniwal.be\/?p=798"},"modified":"2023-04-10T23:20:42","modified_gmt":"2023-04-10T21:20:42","slug":"seminaire","status":"publish","type":"post","link":"https:\/\/geniwal.be\/es\/nos-pistes\/pistes-genealogiques-en-belgique\/archive-en-belgique\/archives-religieuses-1600-1796\/seminaire\/","title":{"rendered":"Seminario"},"content":{"rendered":"<p>&nbsp;<\/p>\n<p><span style=\"font-family: arial, helvetica, sans-serif;\">Seminario, 1603-1797 (40 art\u00edculos).<\/span><br \/>\n<span style=\"font-family: arial, helvetica, sans-serif;\">De acuerdo con las disposiciones del Concilio de Trento, en 1568 se cre\u00f3 un seminario en Namur, en el antiguo beguinaje de Rhisnes, cerca de la plaza Saint-Aubain, pero pronto fue abandonado y trasladado a Nivelles. Se restableci\u00f3 un siglo m\u00e1s tarde (1656), cerca del mismo lugar. Abolido en 1797, el seminario fue adquirido en 1805 por el obispo Pisani de la Gaude. BOVESSE, Inventario, pp. 7-9.<\/span><\/p>\n<p><span style=\"font-family: arial, helvetica, sans-serif;\"><strong>Cr\u00e9dito de la foto :<\/strong>\u00a0https:\/\/www.bing.com\/images\/search?view=detailV2&amp;id=ED23450C63C729E3B65AF8ABBF12115476E15216&amp;thid=OIP.wanla51Xjc5zAaUGAyiTPAHaE7&amp;mediaurl=http%3A%2F%2F1.bp.blogspot.com%2F-QGVXglrPxG4%2FVYK0Vm60f3I%2FAAAAAAAAGWQ%2FVHxpTFQ9pJ4%2Fs1600%2FDSC_0072.JPG&amp;exph=1064&amp;expw=1600&amp;q=images+Conclave+17%c3%a8me+si%c3%a8cle&amp;selectedindex=2&amp;ajaxhist=0&amp;vt=0&amp;eim=1&amp;ccid=wanla51X&amp;simid=608029469385165543&amp;pivotpara<\/span><\/p>\n<p><span style=\"font-family: arial, helvetica, sans-serif; font-size: 10pt;\">2019 Heraly Yves - G\u00e9niWal Magazine n\u00b0 21, 2004 todos los derechos reservados<\/span><\/p>","protected":false},"excerpt":{"rendered":"<p>&nbsp; S\u00e9minaire, 1603-1797 (40 articles). En vertu des prescriptions du Concile de Trente, un S\u00e9minaire fut \u00e9rig\u00e9 en 1568, \u00e0 Namur, dans l&rsquo;ancien b\u00e9guinage de Rhisnes, pr\u00e8s de la place [&hellip;]<\/p>\n","protected":false},"author":1,"featured_media":3517,"comment_status":"closed","ping_status":"closed","sticky":false,"template":"","format":"standard","meta":{"_et_pb_use_builder":"","_et_pb_old_content":"","_et_gb_content_width":"","footnotes":""},"categories":[86],"tags":[],"class_list":["post-798","post","type-post","status-publish","format-standard","has-post-thumbnail","hentry","category-archives-religieuses-1600-1796","et-has-post-format-content","et_post_format-et-post-format-standard"],"aioseo_notices":[],"_links":{"self":[{"href":"https:\/\/geniwal.be\/es\/wp-json\/wp\/v2\/posts\/798","targetHints":{"allow":["GET"]}}],"collection":[{"href":"https:\/\/geniwal.be\/es\/wp-json\/wp\/v2\/posts"}],"about":[{"href":"https:\/\/geniwal.be\/es\/wp-json\/wp\/v2\/types\/post"}],"author":[{"embeddable":true,"href":"https:\/\/geniwal.be\/es\/wp-json\/wp\/v2\/users\/1"}],"replies":[{"embeddable":true,"href":"https:\/\/geniwal.be\/es\/wp-json\/wp\/v2\/comments?post=798"}],"version-history":[{"count":0,"href":"https:\/\/geniwal.be\/es\/wp-json\/wp\/v2\/posts\/798\/revisions"}],"wp:featuredmedia":[{"embeddable":true,"href":"https:\/\/geniwal.be\/es\/wp-json\/wp\/v2\/media\/3517"}],"wp:attachment":[{"href":"https:\/\/geniwal.be\/es\/wp-json\/wp\/v2\/media?parent=798"}],"wp:term":[{"taxonomy":"category","embeddable":true,"href":"https:\/\/geniwal.be\/es\/wp-json\/wp\/v2\/categories?post=798"},{"taxonomy":"post_tag","embeddable":true,"href":"https:\/\/geniwal.be\/es\/wp-json\/wp\/v2\/tags?post=798"}],"curies":[{"name":"wp","href":"https:\/\/api.w.org\/{rel}","templated":true}]}}