{"id":8403,"date":"2022-03-15T10:38:08","date_gmt":"2022-03-15T09:38:08","guid":{"rendered":"https:\/\/geniwal.be\/?p=8403"},"modified":"2022-03-15T11:07:28","modified_gmt":"2022-03-15T10:07:28","slug":"abattucci-pierre-jean","status":"publish","type":"post","link":"https:\/\/geniwal.be\/es\/nos-pistes\/personnalites-belges\/abattucci-pierre-jean\/","title":{"rendered":"ABATTUCCI Pierre Jean"},"content":{"rendered":"<p style=\"text-align: left;\"><span style=\"font-family: arial, helvetica, sans-serif;\"><strong>ABATTUCCI Pierre Jean, <\/strong>Pintor y lit\u00f3grafo belga asociado al movimiento neoimpresionista, nacido el 20 de mayo de 1871 en Molenbeek-Saint-Jean, hijo de <strong>ABATTUCCI<\/strong> Jacques confiseur nacido en Asche de 34 a\u00f1os y de\u00a0 <strong>REMITENTES<\/strong> P\u00e9tronille nacido en Luyks-Gistel (Pa\u00edses Bajos), de 28 a\u00f1os, casado en Bruselas. Se cas\u00f3 en <strong>DE MESMAEKER<\/strong> Catherine Louise naci\u00f3 en 1885 y falleci\u00f3 en 1956. Falleci\u00f3 el 20 de diciembre de 1942 en Ixelles, B\u00e9lgica.<\/span><\/p>\n<p style=\"text-align: left;\"><span style=\"font-family: arial, helvetica, sans-serif;\">Comenz\u00f3 su formaci\u00f3n en la Escuela de Artes Decorativas de la ciudad, trabajando con <strong>STROOBANT<\/strong> Fran\u00e7ois, la Escuela de Artes Decorativas de la ciudad, en colaboraci\u00f3n con Fran\u00e7ois <strong>STROOBANT<\/strong>instituci\u00f3n en la que m\u00e1s tarde tambi\u00e9n imparti\u00f3 clases. De 1892 a 1897 se traslad\u00f3 a Bruselas para asistir a la Real Academia de Bellas Artes, donde estudi\u00f3 con un grupo de eminentes artistas belgas entre los que se encontraban\u00a0\u00a0<strong>STALLAERT Joseph <\/strong>,\u00a0\u00a0<strong>PORTA\u00cbLS Jean Fran\u00e7ois <\/strong> y\u00a0\u00a0<strong>VAN DER STAPPEN Charles <\/strong>.<strong> ABATTUCCI<\/strong>\u00a0fue lit\u00f3grafo adem\u00e1s de pintor, y sus viajes a Italia le sirvieron de inspiraci\u00f3n a lo largo de toda su carrera. Muri\u00f3 el 20 de diciembre de 1942 en Ixelles (B\u00e9lgica).<\/span><\/p>\n<p><span style=\"font-family: arial, helvetica, sans-serif;\"><img decoding=\"async\" class=\"alignleft wp-image-8404 size-full lazyload\" data-src=\"https:\/\/geniwal.be\/wp-content\/uploads\/2022\/03\/COURTRAI_MARIAGES_EC_1860_187.jpg\" alt=\"\" width=\"606\" height=\"467\" data-srcset=\"https:\/\/geniwal.be\/wp-content\/uploads\/2022\/03\/COURTRAI_MARIAGES_EC_1860_187.jpg 606w, https:\/\/geniwal.be\/wp-content\/uploads\/2022\/03\/COURTRAI_MARIAGES_EC_1860_187-450x347.jpg 450w, https:\/\/geniwal.be\/wp-content\/uploads\/2022\/03\/COURTRAI_MARIAGES_EC_1860_187-600x462.jpg 600w\" data-sizes=\"(max-width: 606px) 100vw, 606px\" src=\"data:image\/svg+xml;base64,PHN2ZyB3aWR0aD0iMSIgaGVpZ2h0PSIxIiB4bWxucz0iaHR0cDovL3d3dy53My5vcmcvMjAwMC9zdmciPjwvc3ZnPg==\" style=\"--smush-placeholder-width: 606px; --smush-placeholder-aspect-ratio: 606\/467;\" \/><\/span><\/p>\n<p>&nbsp;<\/p>\n<p>&nbsp;<\/p>\n<p>&nbsp;<\/p>\n<p>&nbsp;<\/p>\n<p>&nbsp;<\/p>\n<p>&nbsp;<\/p>\n<p>&nbsp;<\/p>\n<p>&nbsp;<\/p>\n<p>&nbsp;<\/p>\n<p>&nbsp;<\/p>\n<p>&nbsp;<\/p>\n<p style=\"text-align: left;\"><span style=\"font-family: arial, helvetica, sans-serif;\"><i>Vista de la zona de Sorrento<\/i><\/span><\/p>\n<p>&nbsp;<\/p>\n<p><img decoding=\"async\" class=\"alignleft wp-image-8405 size-full lazyload\" data-src=\"https:\/\/geniwal.be\/wp-content\/uploads\/2022\/03\/COURTRAI_MARIAGES_EC_1860_186.jpg\" alt=\"\" width=\"1186\" height=\"471\" data-srcset=\"https:\/\/geniwal.be\/wp-content\/uploads\/2022\/03\/COURTRAI_MARIAGES_EC_1860_186.jpg 1186w, https:\/\/geniwal.be\/wp-content\/uploads\/2022\/03\/COURTRAI_MARIAGES_EC_1860_186-450x179.jpg 450w, https:\/\/geniwal.be\/wp-content\/uploads\/2022\/03\/COURTRAI_MARIAGES_EC_1860_186-600x238.jpg 600w\" data-sizes=\"(max-width: 1186px) 100vw, 1186px\" src=\"data:image\/svg+xml;base64,PHN2ZyB3aWR0aD0iMSIgaGVpZ2h0PSIxIiB4bWxucz0iaHR0cDovL3d3dy53My5vcmcvMjAwMC9zdmciPjwvc3ZnPg==\" style=\"--smush-placeholder-width: 1186px; --smush-placeholder-aspect-ratio: 1186\/471;\" \/><\/p>\n<p>&nbsp;<\/p>\n<p>&nbsp;<\/p>\n<p>&nbsp;<\/p>\n<p>&nbsp;<\/p>\n<p>&nbsp;<\/p>\n<p>&nbsp;<\/p>\n<p>&nbsp;<\/p>\n<p>&nbsp;<\/p>\n<p>&nbsp;<\/p>\n<p>&nbsp;<\/p>\n<p>&nbsp;<\/p>\n<p>&nbsp;<\/p>\n<p style=\"text-align: left;\"><strong><span style=\"font-family: arial, helvetica, sans-serif;\">Fuentes :<\/span><\/strong><\/p>\n<p style=\"text-align: left;\"><span style=\"font-family: arial, helvetica, sans-serif;\">http:\/\/www.artnet.com\/artists\/pierre-abattucci\/vue-des-environs-de-sorrente-xtYCu-ulWTT8kRRHW2D-Qw2<br \/>\n<\/span><span style=\"font-family: arial, helvetica, sans-serif;\">https:\/\/fr.wikipedia.org\/wiki\/Pierre_Abattucci<\/span><\/p>","protected":false},"excerpt":{"rendered":"<p>ABATTUCCI Pierre Jean, artiste peintre belge associ\u00e9 au mouvement\u00a0n\u00e9o-impressionniste, lithographe\u00a0est n\u00e9 le\u00a020 mai 1871 \u00e0 Molenbeek-Saint-Jean fils de ABATTUCCI Jacques confiseur n\u00e9 \u00e0 Asche \u00e2g\u00e9 de 34 ans et de\u00a0 [&hellip;]<\/p>\n","protected":false},"author":2,"featured_media":8405,"comment_status":"closed","ping_status":"open","sticky":false,"template":"","format":"standard","meta":{"_et_pb_use_builder":"","_et_pb_old_content":"","_et_gb_content_width":"","footnotes":""},"categories":[93,89],"tags":[],"class_list":["post-8403","post","type-post","status-publish","format-standard","has-post-thumbnail","hentry","category-nos-pistes","category-personnalites-belges","et-has-post-format-content","et_post_format-et-post-format-standard"],"aioseo_notices":[],"_links":{"self":[{"href":"https:\/\/geniwal.be\/es\/wp-json\/wp\/v2\/posts\/8403","targetHints":{"allow":["GET"]}}],"collection":[{"href":"https:\/\/geniwal.be\/es\/wp-json\/wp\/v2\/posts"}],"about":[{"href":"https:\/\/geniwal.be\/es\/wp-json\/wp\/v2\/types\/post"}],"author":[{"embeddable":true,"href":"https:\/\/geniwal.be\/es\/wp-json\/wp\/v2\/users\/2"}],"replies":[{"embeddable":true,"href":"https:\/\/geniwal.be\/es\/wp-json\/wp\/v2\/comments?post=8403"}],"version-history":[{"count":0,"href":"https:\/\/geniwal.be\/es\/wp-json\/wp\/v2\/posts\/8403\/revisions"}],"wp:featuredmedia":[{"embeddable":true,"href":"https:\/\/geniwal.be\/es\/wp-json\/wp\/v2\/media\/8405"}],"wp:attachment":[{"href":"https:\/\/geniwal.be\/es\/wp-json\/wp\/v2\/media?parent=8403"}],"wp:term":[{"taxonomy":"category","embeddable":true,"href":"https:\/\/geniwal.be\/es\/wp-json\/wp\/v2\/categories?post=8403"},{"taxonomy":"post_tag","embeddable":true,"href":"https:\/\/geniwal.be\/es\/wp-json\/wp\/v2\/tags?post=8403"}],"curies":[{"name":"wp","href":"https:\/\/api.w.org\/{rel}","templated":true}]}}