{"id":8422,"date":"2022-03-23T20:58:28","date_gmt":"2022-03-23T19:58:28","guid":{"rendered":"https:\/\/geniwal.be\/?p=8422"},"modified":"2022-04-21T11:45:40","modified_gmt":"2022-04-21T09:45:40","slug":"1914-1918-soldats-enterres-au-cimetiere-de-laddolarata-a-marsa","status":"publish","type":"post","link":"https:\/\/geniwal.be\/es\/nos-pistes\/karolus\/1914-1918-soldats-enterres-au-cimetiere-de-laddolarata-a-marsa\/","title":{"rendered":"Soldados franceses muertos por Francia enterrados en el cementerio de la Addolarata en Marsa (Malta 1914-1918)"},"content":{"rendered":"<p><img decoding=\"async\" class=\"aligncenter wp-image-8426 size-full lazyload\" data-src=\"https:\/\/geniwal.be\/wp-content\/uploads\/2022\/03\/COURTRAI_MARIAGES_EC_1860_189.jpg\" alt=\"\" width=\"484\" height=\"434\" data-srcset=\"https:\/\/geniwal.be\/wp-content\/uploads\/2022\/03\/COURTRAI_MARIAGES_EC_1860_189.jpg 484w, https:\/\/geniwal.be\/wp-content\/uploads\/2022\/03\/COURTRAI_MARIAGES_EC_1860_189-450x404.jpg 450w\" data-sizes=\"(max-width: 484px) 100vw, 484px\" src=\"data:image\/svg+xml;base64,PHN2ZyB3aWR0aD0iMSIgaGVpZ2h0PSIxIiB4bWxucz0iaHR0cDovL3d3dy53My5vcmcvMjAwMC9zdmciPjwvc3ZnPg==\" style=\"--smush-placeholder-width: 484px; --smush-placeholder-aspect-ratio: 484\/434;\" \/><\/p>\n<p style=\"text-align: left;\"><strong><u>BADOL Aim\u00e9, Jules, Alphonse (*)<\/u><\/strong>nacido el 29 de mayo de 1894 en la Dr\u00f4me, soldado de 2\u00aa clase del 40\u00ba Regimiento de Infanter\u00eda, v\u00edctima de la explosi\u00f3n del \" <strong>SAINT LAURENT <\/strong>\"que muri\u00f3 en Malta el <strong>5 de febrero de 1917. <\/strong>Muri\u00f3 por Francia.<br \/>\n<strong><u>BIJON Fran\u00e7ois (*)<\/u><\/strong>Marinero, conductor y engrasador en el <strong>SAINT LAURENT<\/strong> \"que muri\u00f3 en Malta el <strong>5 de febrero de 1917. <\/strong>Muri\u00f3 por Francia.<br \/>\n<strong><u>BOYER Marius Joseph<\/u><\/strong>nacido el 13 de junio de 1887 en Bouches du Rh\u00f4ne, soldado en el 2<sup>th<\/sup> clase del 2\u00ba Regimiento de la Marcha Africana, repatriado del Ej\u00e9rcito del Este en el buque hospital \". <strong>LAFAYETTE<\/strong> \"que muri\u00f3 de heridas de guerra el <strong>17 de julio de 1917. <\/strong>Muri\u00f3 por Francia.<br \/>\n<strong><u>CERRITO Jean-Alphonse<\/u><\/strong>nacido el 20 de enero de 1888 en Argelia, soldado de 2\u00aa clase del 4\u00ba Regimiento de Infanter\u00eda Colonial.<br \/>\n<strong><u>CHAUVIN Paul, Marius (*)<\/u><\/strong>nacido el 8 de abril de 1889 en el Var, soldado de 2\u00aa clase del 4\u00ba Regimiento de Infanter\u00eda Colonial, v\u00edctima de la explosi\u00f3n del \" <strong>SAINT LAURENT<\/strong> \"que muri\u00f3 en Malta el <strong>5 de febrero de 1917<\/strong>. Muri\u00f3 por Francia.<br \/>\n<strong><u>CHE KWANG VEN<\/u><\/strong>n\u00e1ufragos de <strong>el AUSTRALIANO<\/strong> \"que muri\u00f3 el <strong>20 de octubre de 1918.<br \/>\n<\/strong><strong><u>COLOMBET Constantin, Emile<\/u><\/strong>nacido el 29 de julio de 1889 en Sa\u00f4ne et Loire, soldado de la 2<sup>th<\/sup> clase 42<sup>th<\/sup> regimiento de infanter\u00eda colonial, v\u00edctima de la explosi\u00f3n del \" <strong>SANTO<br \/>\n<\/strong><strong>LAURENT<\/strong> \"Muerto el 5 de febrero de 1917. Muri\u00f3 por Francia.<br \/>\n<strong><u>COMPA\u00d1\u00cdA Martial, Ren\u00e9 (*)<\/u><\/strong>nacido el 5 de julio de 1885 en Haute Vienne, 2<sup>th<\/sup> Artillero conductor de 30 mm<sup>th<\/sup> Regimiento de Artiller\u00eda, v\u00edctima del \" <strong>SAINT LAURENT<\/strong>\"que muri\u00f3 en Malta el <strong>5 de febrero de 1917. <\/strong>Muri\u00f3 por Francia.<br \/>\n<strong><u>ERNOULT Eug\u00e8ne, Charles, Henri (*)<\/u><\/strong>nacido el 13 de octubre de 1883 en la Sarthe, soldado de 2\u00aa clase en el 1er.<sup>er<\/sup> R\u00e9giment de G\u00e9nie, v\u00edctima de la explosi\u00f3n del \" <strong>SAINT LAURENT <\/strong>\"que muri\u00f3 en Malta el <strong>5 de febrero de 1917<\/strong>. Muri\u00f3 por Francia.<br \/>\n<strong><u>GASCARD Pierre, Marie, Julien (*)<\/u><\/strong>nacido el 7 de julio de 1893 en Morbihan, marinero artillero del acorazado \" . <strong>FRANCIA <\/strong>\"que muri\u00f3 de fiebre tifoidea en el hospital de Mtarfa el <strong>9 de julio de 1915.<br \/>\n<\/strong><strong><u>HOI<\/u><\/strong>Trabajador tonkin\u00e9s, naufraga en \" <strong>el AUSTRALIANO<\/strong> \"que muri\u00f3 el <strong>1<sup>er<\/sup> Agosto de 1918. <\/strong>Muri\u00f3 por Francia.<br \/>\n<strong><u>KOGO Augustin (*)<\/u><\/strong>Marinero senegal\u00e9s y conductor del vapor portugu\u00e9s \". <strong>TRAS OS MONTES<\/strong> \"que falleci\u00f3 en el Hospital Zammit Clapp de St-Julian el <strong>18 de diciembre de 1917.<br \/>\n<\/strong><strong><u>LAFOND Louis, Silas (*)<\/u><\/strong>nacido el 4 de mayo de 1873 en Vienne, artillero de la 3a.<sup>th<\/sup> regimiento de artiller\u00eda colonial, muri\u00f3 de heridas de guerra en el hospital militar de Tign\u00e9 el <strong>3 de octubre de 1915<\/strong>. Muerto por Francia<strong>.<br \/>\n<\/strong><strong><u>LAI VAN TEN<\/u><\/strong>soldado del 12\u00ba Regimiento de Fusileros, muri\u00f3 el <strong>29 de agosto de 1918.<br \/>\n<\/strong><strong><u>LAROCHE Georges (*)<\/u><\/strong>nacido el 21 de febrero de 1890 en Haute Sa\u00f4ne, soldado de 2\u00aa clase del 42\u00ba Regimiento de Infanter\u00eda Colonial, v\u00edctima de la explosi\u00f3n del \" <strong>SAINTLAURENT \"<\/strong>el <strong>5 de febrero de 1917. <\/strong>Muri\u00f3 por Francia.<br \/>\n<strong><u>MAPESSA M'DJASSIRI<\/u><\/strong>trabajador militar malgache, desembarc\u00f3 en La Valeta el 10 de noviembre y falleci\u00f3 en el hospital de Mtarfa de fiebre cerebroespinal el <strong>14 de noviembre de 1917<\/strong>.<br \/>\n<strong><u>MINT o MINH (*)<\/u><\/strong>el soldado n\u00e1ufrago de <strong>el AUSTRALIANO<\/strong> \"que muri\u00f3 el <strong>10 de octubre <\/strong>1918 de un tumor abdominal en el hospital St Andrew, donde se encontraba desde el 22 de julio.<br \/>\n<strong><u>MORIN Henri, Marie, Ange (*)<\/u><\/strong>nacido el 3 de julio de 1890 en Ile et Vilaine, artillero de intendencia en el acorazado \". <strong>PAR\u00cdS<\/strong> \"que muri\u00f3 de enteritis aguda y disenter\u00eda en el hospital de Mtarfa el <strong>29 de junio de 1915. <\/strong>Muri\u00f3 por Francia.<br \/>\n<strong><u>MOUSNY Oscar (*)<\/u><\/strong>nacido el 6 de agosto de 1894 en Oise, soldado de 2\u00aa clase del 42\u00ba Regimiento de Infanter\u00eda Colonial, v\u00edctima de la explosi\u00f3n del \" <strong>SAINT LAURENT<\/strong> \"que muri\u00f3 el <strong>5 de febrero de 1917<\/strong>. Muri\u00f3 por Francia.<br \/>\n<strong><u>NEANG<\/u><\/strong>n\u00e1ufragos de <strong>el AUSTRALIANO<\/strong> \"Soldado 32 de Fusileros Tonquineses, muerto el <strong>7 de septiembre de 1918.<br \/>\n<\/strong><strong><u>N'GO VAN PHUC<\/u><\/strong>escaramuzador del 4\u00ba Regimiento Tonquin\u00e9s, de \" <strong>EUGENE GROSOS<\/strong> \"que muri\u00f3 en el hospital militar de Mtarfa el <strong>9 de noviembre de 1917.<br \/>\n<\/strong><strong><u>PASTRE Honor\u00e9, Marius (*)<\/u><\/strong><u>,<\/u> nacido el 8 de octubre de 1885 en el Var, soldado de 2\u00aa clase en el 40\u00ba Regimiento de Infanter\u00eda, v\u00edctima de la explosi\u00f3n del \" <strong>SAINT LAURENT<\/strong> \"que muri\u00f3 en Malta el <strong>5 de febrero de 1917. <\/strong>Muri\u00f3 por Francia.<br \/>\n<strong><u>PUJOLLE Jean-Marie, Fran\u00e7ois (*)<\/u>, <\/strong>nacido el 21 de noviembre de 1884 en los Altos Pirineos, gendarme a caballo de la Legi\u00f3n de la Gendarmer\u00eda de Par\u00eds que escoltaba a desertores, v\u00edctima de la explosi\u00f3n del \" <strong>SAINT LAURENT<\/strong> \"en <strong>5 de febrero de 1917 a las 16:30. <\/strong>Muri\u00f3 por Francia.<br \/>\n<strong><u>RAGU\u00e9NEZ Edmond (*)<\/u><\/strong>nacido el 26 de octubre de 1896 en Finist\u00e8re, soldado de 2\u00aa clase del 37\u00ba Regimiento de Infanter\u00eda Colonial, v\u00edctima del \" <strong>SAINT LAURENT<\/strong> \"que muri\u00f3 en Malta el <strong>21 de febrero de 1917. <\/strong>Muri\u00f3 por Francia.<br \/>\n<strong><u>SABARLY Alphonse, Pierre<\/u><\/strong>nacido el 25 de agosto de 1890 en Creuse, soldado de 2\u00aa clase en el 54<sup>th<\/sup> Regimiento de Infanter\u00eda Colonial, v\u00edctima de la explosi\u00f3n del \" <strong>SAINT LAURENT <\/strong>\"en <strong>5 de febrero de 1917<\/strong>. Muri\u00f3 por Francia.<br \/>\n<strong><u>TABOUL Pierre, Paul, Simon (*)<\/u><\/strong>nacido el 28 de mayo de 1883 en el departamento de Gard, soldado de 2\u00aa clase en el 40\u00ba Regimiento de Infanter\u00eda, v\u00edctima de la explosi\u00f3n del <strong>\"SAINT LAURENT<\/strong>falleci\u00f3 en Malta el <strong>5 de febrero de 1917<\/strong>. Muri\u00f3 por Francia.<br \/>\n<strong><u>TALON Georges, Octave (*)<\/u><\/strong>nacido el 17 de enero de 1897 en Indre et Loire, soldado de aviaci\u00f3n de 2\u00aa clase, cuerpo de Palestina, de la \" <strong>CALEDONIAN<\/strong> \"que falleci\u00f3 por enfermedad en el hospital de Mtarfa el <strong>21 de agosto de 1918. <\/strong>Muri\u00f3 por Francia.<br \/>\n<strong><u>TIAN VAN LUNG<\/u><\/strong>Trabajador chino, n\u00e1ufrago de \" <strong>el AUSTRALIANO<\/strong>\"que muri\u00f3 el <strong>21 de agosto de 1918.<br \/>\n<\/strong><strong><u>TOUPANCE Joseph, Octave, Cl\u00e9ment (*)<\/u><\/strong>nacido el 7 de septiembre de 1896 en Eure et Loire, soldado de 2\u00aa clase del 40\u00ba Regimiento de Infanter\u00eda, v\u00edctima de la explosi\u00f3n del \" <strong>SAINT LAURENT<\/strong> \"fallecido <strong>5 de febrero de 1917 <\/strong>a las 7.45 a.m. en Malta. Muri\u00f3 por Francia.<br \/>\n<strong><u>VELAY L\u00e9on, Albert (*)<\/u><\/strong>nacido el 30 de julio de 1895 en Loz\u00e8re, soldado de 2\u00aa clase en el 40\u00ba Regimiento de Infanter\u00eda, v\u00edctima del \" <strong>SAINT LAURENT <\/strong>\"fallecido <strong>5 de febrero de 1917<\/strong> Malta. Muri\u00f3 por Francia.<br \/>\n<strong><u>WAN SU TSU<\/u><\/strong>Trabajador chino, n\u00e1ufrago de \" <strong>el AUSTRALIANO<\/strong> \"que muri\u00f3 el <strong>19 de septiembre de 1918. <\/strong><\/p>\n<p>&nbsp;<\/p>\n<p>&nbsp;<\/p>\n<p>&nbsp;<\/p>","protected":false},"excerpt":{"rendered":"<p>BADOL Aim\u00e9, Jules, Alphonse (*), n\u00e9 le 29 mai 1894 dans la Dr\u00f4me, soldat de 2\u00e8me classe du 40\u00e8me R\u00e9giment d\u2019Infanterie, victime lors de l\u2019explosion du \u00ab SAINT LAURENT \u00bb, [&hellip;]<\/p>\n","protected":false},"author":2,"featured_media":8426,"comment_status":"closed","ping_status":"open","sticky":false,"template":"","format":"standard","meta":{"_et_pb_use_builder":"","_et_pb_old_content":"","_et_gb_content_width":"","footnotes":""},"categories":[263,65,93],"tags":[],"class_list":["post-8422","post","type-post","status-publish","format-standard","has-post-thumbnail","hentry","category-france","category-karolus","category-nos-pistes","et-has-post-format-content","et_post_format-et-post-format-standard"],"aioseo_notices":[],"_links":{"self":[{"href":"https:\/\/geniwal.be\/es\/wp-json\/wp\/v2\/posts\/8422","targetHints":{"allow":["GET"]}}],"collection":[{"href":"https:\/\/geniwal.be\/es\/wp-json\/wp\/v2\/posts"}],"about":[{"href":"https:\/\/geniwal.be\/es\/wp-json\/wp\/v2\/types\/post"}],"author":[{"embeddable":true,"href":"https:\/\/geniwal.be\/es\/wp-json\/wp\/v2\/users\/2"}],"replies":[{"embeddable":true,"href":"https:\/\/geniwal.be\/es\/wp-json\/wp\/v2\/comments?post=8422"}],"version-history":[{"count":0,"href":"https:\/\/geniwal.be\/es\/wp-json\/wp\/v2\/posts\/8422\/revisions"}],"wp:featuredmedia":[{"embeddable":true,"href":"https:\/\/geniwal.be\/es\/wp-json\/wp\/v2\/media\/8426"}],"wp:attachment":[{"href":"https:\/\/geniwal.be\/es\/wp-json\/wp\/v2\/media?parent=8422"}],"wp:term":[{"taxonomy":"category","embeddable":true,"href":"https:\/\/geniwal.be\/es\/wp-json\/wp\/v2\/categories?post=8422"},{"taxonomy":"post_tag","embeddable":true,"href":"https:\/\/geniwal.be\/es\/wp-json\/wp\/v2\/tags?post=8422"}],"curies":[{"name":"wp","href":"https:\/\/api.w.org\/{rel}","templated":true}]}}