{"id":8436,"date":"2022-04-09T13:15:43","date_gmt":"2022-04-09T11:15:43","guid":{"rendered":"https:\/\/geniwal.be\/?p=8436"},"modified":"2022-04-13T22:39:54","modified_gmt":"2022-04-13T20:39:54","slug":"belgique","status":"publish","type":"post","link":"https:\/\/geniwal.be\/es\/nos-pistes\/karolus\/belgique\/","title":{"rendered":"B\u00e9lgica"},"content":{"rendered":"<p><img decoding=\"async\" class=\"size-full wp-image-8437 aligncenter lazyload\" data-src=\"https:\/\/geniwal.be\/wp-content\/uploads\/2022\/04\/Flag_of_Belgium_civil.svg.png\" alt=\"\" width=\"225\" height=\"150\" src=\"data:image\/svg+xml;base64,PHN2ZyB3aWR0aD0iMSIgaGVpZ2h0PSIxIiB4bWxucz0iaHR0cDovL3d3dy53My5vcmcvMjAwMC9zdmciPjwvc3ZnPg==\" style=\"--smush-placeholder-width: 225px; --smush-placeholder-aspect-ratio: 225\/150;\" \/><\/p>\n<p>&nbsp;<\/p>\n<p style=\"text-align: left;\"><span style=\"font-size: 14pt; font-family: arial, helvetica, sans-serif;\">A lo largo de los siglos, los archivos de las instituciones centrales del Antiguo R\u00e9gimen se han almacenado en lugares muy diversos. Las leyes francesas del 7 de Messidor A\u00f1o II (25 de junio de 1794) sentaron las bases de los Archives Nationales al reunir todos los t\u00edtulos estatales que se encontraban en nuestro pa\u00eds.<\/span><br \/>\n<span style=\"font-size: 14pt; font-family: arial, helvetica, sans-serif;\">La reunificaci\u00f3n de los antiguos Pa\u00edses Bajos con Francia en 1796 hizo que esta ley se aplicara a nuestro territorio, y 5 Brumaire an V (26 de octubre de 1796) organiz\u00f3 las cosas a nivel departamental:\u00a0<\/span><br \/>\n<span style=\"font-size: 14pt; font-family: arial, helvetica, sans-serif;\">Art. I. Las administraciones centrales de los departamentos reunir\u00e1n en la ciudad condal del departamento, todos los t\u00edtulos y papeles pertenecientes a los repositorios de la rep\u00fablica.<\/span><br \/>\n<span style=\"font-size: 14pt; font-family: arial, helvetica, sans-serif;\">Art. II. El Directoire ex\u00e9cutif podr\u00e1 autorizar su traslado temporal a edificios nacionales, a condici\u00f3n de que informe en el plazo de tres meses al Corps L\u00e9gislatif, que tomar\u00e1 la decisi\u00f3n definitiva. Este traslado se efectuar\u00e1, en la medida de lo posible, en los edificios destinados a las reuniones de las administraciones centrales del departamento.<\/span><\/p>\n<p style=\"text-align: left;\"><span style=\"font-size: 14pt; font-family: arial, helvetica, sans-serif;\"><strong>Los distintos fondos de archivos de B\u00e9lgica<\/strong><\/span><\/p>\n<p style=\"text-align: left;\"><a href=\"https:\/\/geniwal.be\/es\/non-classe\/chambres-des-comptes\/\"><span style=\"font-size: 14pt; font-family: arial, helvetica, sans-serif;\">C\u00e1maras de Cuentas<\/span><\/a><br \/>\n<a href=\"https:\/\/geniwal.be\/es\/non-classe\/chartes-de-brabant\/\"><span style=\"font-size: 14pt; font-family: arial, helvetica, sans-serif;\">Brabante Charters<\/span><\/a><br \/>\n<span style=\"font-size: 14pt; font-family: arial, helvetica, sans-serif;\">Consejo de Estado<\/span><br \/>\n<span style=\"font-size: 14pt; font-family: arial, helvetica, sans-serif;\">Asesoramiento privado<\/span><br \/>\n<span style=\"font-size: 14pt; font-family: arial, helvetica, sans-serif;\">Consejo de Finanzas<\/span><br \/>\n<span style=\"font-size: 14pt; font-family: arial, helvetica, sans-serif;\">Consejo de Gobierno General<\/span><br \/>\n<span style=\"font-size: 14pt; font-family: arial, helvetica, sans-serif;\">Audiencia<\/span><br \/>\n<span style=\"font-size: 14pt; font-family: arial, helvetica, sans-serif;\">Secretar\u00eda de Estado y Guerra<\/span><br \/>\n<span style=\"font-size: 14pt; font-family: arial, helvetica, sans-serif;\">Canciller\u00eda austriaca en los Pa\u00edses Bajos<\/span><br \/>\n<span style=\"font-size: 14pt; font-family: arial, helvetica, sans-serif;\">Archivos eclesi\u00e1sticos<\/span><br \/>\n<span style=\"font-size: 14pt; font-family: arial, helvetica, sans-serif;\">Injertos escabinales<\/span><br \/>\n<span style=\"font-size: 14pt; font-family: arial, helvetica, sans-serif;\">Notario<\/span><br \/>\n<span style=\"font-size: 14pt; font-family: arial, helvetica, sans-serif;\">Consejo de Brabante<\/span><br \/>\n<span style=\"font-size: 14pt; font-family: arial, helvetica, sans-serif;\">Gran Consejo de los Pa\u00edses Bajos<\/span><br \/>\n<span style=\"font-size: 14pt; font-family: arial, helvetica, sans-serif;\">Estados de Brabante<\/span><\/p>\n<p style=\"text-align: left;\"><span style=\"font-family: arial, helvetica, sans-serif; font-size: 14pt;\">Para m\u00e1s informaci\u00f3n, pulse aqu\u00ed:<span style=\"color: #0000ff;\"> <a style=\"color: #0000ff;\" href=\"https:\/\/arch.arch.be\/index.php?l=fr&amp;m=ressources-en-ligne&amp;r=archives-en-ligne&amp;sr=moyen-age\">https:\/\/arch.arch.be\/index.php?l=fr&amp;m=ressources-en-ligne&amp;r=archives-en-ligne&amp;sr=moyen-age<\/a><\/span><\/span><\/p>\n<p style=\"text-align: left;\"><span style=\"font-family: arial, helvetica, sans-serif;\"><strong>Fuentes :\u00a0<\/strong><\/span><span style=\"font-family: arial, helvetica, sans-serif;\">Les archives centrales et le quartier de la cour, AR &amp; AGR, exposici\u00f3n organizada con motivo del bicentenario de los Archivos del Estado, 1996, p\u00e1gina 7<\/span><\/p>","protected":false},"excerpt":{"rendered":"<p>&nbsp; Les archives des institutions centrales de l&rsquo;ancien r\u00e9gime ont connu au cours des si\u00e8cles des lieux de conservation fort divers. Les lois fran\u00e7aises du 7 messidor an II (25 [&hellip;]<\/p>\n","protected":false},"author":2,"featured_media":8437,"comment_status":"closed","ping_status":"open","sticky":false,"template":"","format":"standard","meta":{"_et_pb_use_builder":"","_et_pb_old_content":"","_et_gb_content_width":"","footnotes":""},"categories":[69,65],"tags":[],"class_list":["post-8436","post","type-post","status-publish","format-standard","has-post-thumbnail","hentry","category-europe-occidentale","category-karolus","et-has-post-format-content","et_post_format-et-post-format-standard"],"aioseo_notices":[],"_links":{"self":[{"href":"https:\/\/geniwal.be\/es\/wp-json\/wp\/v2\/posts\/8436","targetHints":{"allow":["GET"]}}],"collection":[{"href":"https:\/\/geniwal.be\/es\/wp-json\/wp\/v2\/posts"}],"about":[{"href":"https:\/\/geniwal.be\/es\/wp-json\/wp\/v2\/types\/post"}],"author":[{"embeddable":true,"href":"https:\/\/geniwal.be\/es\/wp-json\/wp\/v2\/users\/2"}],"replies":[{"embeddable":true,"href":"https:\/\/geniwal.be\/es\/wp-json\/wp\/v2\/comments?post=8436"}],"version-history":[{"count":0,"href":"https:\/\/geniwal.be\/es\/wp-json\/wp\/v2\/posts\/8436\/revisions"}],"wp:featuredmedia":[{"embeddable":true,"href":"https:\/\/geniwal.be\/es\/wp-json\/wp\/v2\/media\/8437"}],"wp:attachment":[{"href":"https:\/\/geniwal.be\/es\/wp-json\/wp\/v2\/media?parent=8436"}],"wp:term":[{"taxonomy":"category","embeddable":true,"href":"https:\/\/geniwal.be\/es\/wp-json\/wp\/v2\/categories?post=8436"},{"taxonomy":"post_tag","embeddable":true,"href":"https:\/\/geniwal.be\/es\/wp-json\/wp\/v2\/tags?post=8436"}],"curies":[{"name":"wp","href":"https:\/\/api.w.org\/{rel}","templated":true}]}}