{"id":8567,"date":"2022-05-13T17:59:38","date_gmt":"2022-05-13T15:59:38","guid":{"rendered":"https:\/\/geniwal.be\/?p=8567"},"modified":"2022-05-13T21:15:24","modified_gmt":"2022-05-13T19:15:24","slug":"les-cures-de-villers-la-ville-de-1511-a-1870","status":"publish","type":"post","link":"https:\/\/geniwal.be\/es\/nos-pistes\/non-classe\/les-cures-de-villers-la-ville-de-1511-a-1870\/","title":{"rendered":"Los p\u00e1rrocos de Villers-la-Ville de 1511 a 1870"},"content":{"rendered":"<p style=\"text-align: left;\"><span style=\"font-family: arial, helvetica, sans-serif; font-size: 14pt;\"><strong>RUFFIN Jean<\/strong>Fue nombrado p\u00e1rroco en 1511 y muri\u00f3 en 1557, tras haber administrado la parroquia durante 46 a\u00f1os.<\/span><\/p>\n<p style=\"text-align: left;\"><span style=\"font-family: arial, helvetica, sans-serif; font-size: 14pt;\"><strong>YERNAU Nicolas<\/strong>nombrado en 1557, muri\u00f3 en 1577 tras 20 a\u00f1os en el cargo.<\/span><\/p>\n<p style=\"text-align: left;\"><span style=\"font-family: arial, helvetica, sans-serif; font-size: 14pt;\"><strong>TOUSSAINT Jean<\/strong> de Villers-la-Ville, nombrado en 1577, falleci\u00f3 el 20\/06\/1619. Renunci\u00f3 a su curato en 1618, despu\u00e9s de haber sido p\u00e1rroco durante 41 a\u00f1os.<\/span><\/p>\n<p style=\"text-align: left;\"><span style=\"font-family: arial, helvetica, sans-serif; font-size: 14pt;\"><strong>DELFORGE Jean<\/strong>nombrado en 1618 y fallecido el 26\/01\/1662 tras haber administrado la parroquia durante 44 a\u00f1os.<\/span><\/p>\n<p style=\"text-align: left;\"><span style=\"font-family: arial, helvetica, sans-serif; font-size: 14pt;\"><strong>DELVAUX Sim\u00f3n<\/strong>Nombrado en 1663, falleci\u00f3 el 16\/02\/1677 tras 14 a\u00f1os de servicio. Hab\u00eda sido p\u00e1rroco de Marbaix durante 9 a\u00f1os.<\/span><\/p>\n<p style=\"text-align: left;\"><span style=\"font-family: arial, helvetica, sans-serif; font-size: 14pt;\"><strong>BAUDE Fran\u00e7ois<\/strong>Nombrado en 1677, falleci\u00f3 en 1716, tras 39 a\u00f1os de servicio.<\/span><\/p>\n<p style=\"text-align: left;\"><span style=\"font-family: arial, helvetica, sans-serif; font-size: 14pt;\"><strong>DESSART Jean Baptiste<\/strong>Nombrado en 1715 y fallecido el 26 de mayo de 1755, tras 39 a\u00f1os de servicio, fue al mismo tiempo decano de la Cantille (<i>el altar de la iglesia Dominus Flevit de Genappe.<\/i><\/span><\/p>\n<p style=\"text-align: left;\"><span style=\"font-family: arial, helvetica, sans-serif; font-size: 14pt;\"><strong>PETIT Charles Philippe<\/strong>Nombrado en 1755, falleci\u00f3 el 30\/07\/1800, tras 47 a\u00f1os de servicio.<\/span><\/p>\n<p style=\"text-align: left;\"><span style=\"font-family: arial, helvetica, sans-serif; font-size: 14pt;\"><strong>VRAY Nicolas<\/strong>Fue nombrado ministro en 1801 y lo dej\u00f3 en 1803 para ser p\u00e1rroco de Limelette.<\/span><\/p>\n<p style=\"text-align: left;\"><span style=\"font-family: arial, helvetica, sans-serif; font-size: 14pt;\"><strong>TAYMANS E<\/strong>El p\u00e1rroco de Sart-Dame-Aveline, nombrado en 1803 y cesado en marzo de 1804, ejerci\u00f3 sus funciones desde ese a\u00f1o hasta 1803.<\/span><\/p>\n<p style=\"text-align: left;\"><span style=\"font-family: arial, helvetica, sans-serif; font-size: 14pt;\"><strong>GAUTOT Jean Fran\u00e7ois<\/strong>nombrado el 17\/04\/1805, que despu\u00e9s de haber servido a la parroquia durante 26 a\u00f1os dimiti\u00f3 el 18\/04\/1831 a causa de su edad, para retirarse a Fleurus, donde muri\u00f3 en 1855 a la edad de 96 a\u00f1os.<\/span><\/p>\n<p style=\"text-align: left;\"><span style=\"font-family: arial, helvetica, sans-serif; font-size: 14pt;\"><strong>ROULIN Pierre<\/strong>nacido en Bruselas el 01\/05\/1802, ingresado en el seminario de Malines el 29\/09\/1820, ordenado sacerdote el 18\/09\/1824, nombrado vicario de Braine-l'Alleud el 18\/09\/1824, nombrado p\u00e1rroco de Villers-la-Ville el 28\/06\/1831, fallecido all\u00ed en fecha desconocida.<\/span><\/p>\n<p style=\"text-align: left;\"><span style=\"font-family: arial, helvetica, sans-serif; font-size: 14pt;\"><strong>PIERSON Victor<\/strong>ordenado sacerdote en 1870, coadjutor en Houtain-le Val en 1871, vicario de Marbais en 1884, nombrado p\u00e1rroco de Villers-la-Ville el 22\/10\/1886, fallecido all\u00ed el 14\/06\/1907<\/span><\/p>\n<p style=\"text-align: left;\"><span style=\"font-family: arial, helvetica, sans-serif; font-size: 14pt;\">N.B.: Esta lista ha sido extra\u00edda de archivos manuscritos creados entre 1940 y 1950 y donados a G\u00e9niWal, cuyo autor se desconoce.<\/span><\/p>\n<p>&nbsp;<\/p>\n<p>&nbsp;<\/p>","protected":false},"excerpt":{"rendered":"<p>RUFFIN Jean, nomm\u00e9 cur\u00e9 en 1511 et d\u00e9c\u00e9d\u00e9 en 1557 apr\u00e8s avoir administr\u00e9 sa paroisse pendant 46 ans. YERNAU Nicolas, nomm\u00e9 en 1557 d\u00e9c\u00e9d\u00e9 en 1577 apr\u00e8s avoir administr\u00e9 pendant [&hellip;]<\/p>\n","protected":false},"author":2,"featured_media":9022,"comment_status":"closed","ping_status":"open","sticky":false,"template":"","format":"standard","meta":{"_et_pb_use_builder":"","_et_pb_old_content":"","_et_gb_content_width":"","footnotes":""},"categories":[1],"tags":[],"class_list":["post-8567","post","type-post","status-publish","format-standard","has-post-thumbnail","hentry","category-non-classe","et-has-post-format-content","et_post_format-et-post-format-standard"],"aioseo_notices":[],"_links":{"self":[{"href":"https:\/\/geniwal.be\/es\/wp-json\/wp\/v2\/posts\/8567","targetHints":{"allow":["GET"]}}],"collection":[{"href":"https:\/\/geniwal.be\/es\/wp-json\/wp\/v2\/posts"}],"about":[{"href":"https:\/\/geniwal.be\/es\/wp-json\/wp\/v2\/types\/post"}],"author":[{"embeddable":true,"href":"https:\/\/geniwal.be\/es\/wp-json\/wp\/v2\/users\/2"}],"replies":[{"embeddable":true,"href":"https:\/\/geniwal.be\/es\/wp-json\/wp\/v2\/comments?post=8567"}],"version-history":[{"count":0,"href":"https:\/\/geniwal.be\/es\/wp-json\/wp\/v2\/posts\/8567\/revisions"}],"wp:featuredmedia":[{"embeddable":true,"href":"https:\/\/geniwal.be\/es\/wp-json\/wp\/v2\/media\/9022"}],"wp:attachment":[{"href":"https:\/\/geniwal.be\/es\/wp-json\/wp\/v2\/media?parent=8567"}],"wp:term":[{"taxonomy":"category","embeddable":true,"href":"https:\/\/geniwal.be\/es\/wp-json\/wp\/v2\/categories?post=8567"},{"taxonomy":"post_tag","embeddable":true,"href":"https:\/\/geniwal.be\/es\/wp-json\/wp\/v2\/tags?post=8567"}],"curies":[{"name":"wp","href":"https:\/\/api.w.org\/{rel}","templated":true}]}}