{"id":227833,"global_id":"geniwal.be\/it?id=227833","global_id_lineage":["geniwal.be\/it?id=227833"],"author":"2","status":"publish","date":"2025-08-22 13:14:13","date_utc":"2025-08-22 11:14:13","modified":"2025-08-22 13:14:38","modified_utc":"2025-08-22 11:14:38","url":"https:\/\/geniwal.be\/it\/event\/antenne-genealogique-du-brabant-9\/","rest_url":"https:\/\/geniwal.be\/it\/wp-json\/tribe\/events\/v1\/events\/227833","title":"Antenne g\u00e9n\u00e9alogique du Brabant","description":"<p>L\u2019antenne du Brabant : vous accueille chaque 2\u00e8me samedi du mois, de septembre 2025 \u00e0 juin 2026, de 14h \u00e0 17h.<\/p>\n<p>Au programme :<br \/>\n\u2013 Entraide entre membres<br \/>\n\u2013 Cours de g\u00e9n\u00e9alogie pour d\u00e9butants et confirm\u00e9s<br \/>\n\u2013 Initiation \u00e0 la pal\u00e9ographie<br \/>\n\u2013 Acc\u00e8s \u00e0 la biblioth\u00e8que sp\u00e9cialis\u00e9e<\/p>","excerpt":"","slug":"antenne-genealogique-du-brabant-9","image":{"url":"https:\/\/geniwal.be\/wp-content\/uploads\/2019\/04\/NECROLOGIE_AVENIR_2025_1243.jpg","id":227547,"extension":"jpg","width":624,"height":229,"filesize":36235,"sizes":{"medium":{"width":300,"height":110,"mime-type":"image\/jpeg","filesize":6865,"url":"https:\/\/geniwal.be\/wp-content\/uploads\/2019\/04\/NECROLOGIE_AVENIR_2025_1243-300x110.jpg"},"thumbnail":{"width":150,"height":150,"mime-type":"image\/jpeg","filesize":4037,"url":"https:\/\/geniwal.be\/wp-content\/uploads\/2019\/04\/NECROLOGIE_AVENIR_2025_1243-150x150.jpg"},"trp-custom-language-flag":{"width":18,"height":7,"mime-type":"image\/jpeg","filesize":360,"url":"https:\/\/geniwal.be\/wp-content\/uploads\/2019\/04\/NECROLOGIE_AVENIR_2025_1243-18x7.jpg"},"et-builder-post-main-image":{"width":400,"height":229,"mime-type":"image\/jpeg","filesize":18624,"url":"https:\/\/geniwal.be\/wp-content\/uploads\/2019\/04\/NECROLOGIE_AVENIR_2025_1243-400x229.jpg"},"et-builder-portfolio-image":{"width":400,"height":229,"mime-type":"image\/jpeg","filesize":18624,"url":"https:\/\/geniwal.be\/wp-content\/uploads\/2019\/04\/NECROLOGIE_AVENIR_2025_1243-400x229.jpg"},"et-builder-gallery-image-portrait":{"width":400,"height":229,"mime-type":"image\/jpeg","filesize":18624,"url":"https:\/\/geniwal.be\/wp-content\/uploads\/2019\/04\/NECROLOGIE_AVENIR_2025_1243-400x229.jpg"},"extra-image-small":{"width":440,"height":229,"mime-type":"image\/jpeg","filesize":18483,"url":"https:\/\/geniwal.be\/wp-content\/uploads\/2019\/04\/NECROLOGIE_AVENIR_2025_1243-440x229.jpg"},"extra-image-square-medium":{"width":440,"height":229,"mime-type":"image\/jpeg","filesize":18483,"url":"https:\/\/geniwal.be\/wp-content\/uploads\/2019\/04\/NECROLOGIE_AVENIR_2025_1243-440x229.jpg"},"extra-image-square-small":{"width":150,"height":150,"mime-type":"image\/jpeg","filesize":4037,"url":"https:\/\/geniwal.be\/wp-content\/uploads\/2019\/04\/NECROLOGIE_AVENIR_2025_1243-150x150.jpg"},"woocommerce_thumbnail":{"width":300,"height":110,"mime-type":"image\/jpeg","filesize":6865,"url":"https:\/\/geniwal.be\/wp-content\/uploads\/2019\/04\/NECROLOGIE_AVENIR_2025_1243-300x110.jpg"},"woocommerce_single":{"width":600,"height":220,"mime-type":"image\/jpeg","filesize":22218,"url":"https:\/\/geniwal.be\/wp-content\/uploads\/2019\/04\/NECROLOGIE_AVENIR_2025_1243-600x220.jpg"},"woocommerce_gallery_thumbnail":{"width":100,"height":100,"mime-type":"image\/jpeg","filesize":2222,"url":"https:\/\/geniwal.be\/wp-content\/uploads\/2019\/04\/NECROLOGIE_AVENIR_2025_1243-100x100.jpg"},"cmplz_banner_image":{"width":350,"height":100,"mime-type":"image\/jpeg","filesize":7850,"url":"https:\/\/geniwal.be\/wp-content\/uploads\/2019\/04\/NECROLOGIE_AVENIR_2025_1243-350x100.jpg"},"ppec_logo_image_size":{"width":163,"height":60,"mime-type":"image\/jpeg","filesize":2761,"url":"https:\/\/geniwal.be\/wp-content\/uploads\/2019\/04\/NECROLOGIE_AVENIR_2025_1243-163x60.jpg"},"ppec_header_image_size":{"width":245,"height":90,"mime-type":"image\/jpeg","filesize":4909,"url":"https:\/\/geniwal.be\/wp-content\/uploads\/2019\/04\/NECROLOGIE_AVENIR_2025_1243-245x90.jpg"}}},"all_day":false,"start_date":"2026-06-13 14:00:00","start_date_details":{"year":"2026","month":"06","day":"13","hour":"14","minutes":"00","seconds":"00"},"end_date":"2026-06-13 17:00:00","end_date_details":{"year":"2026","month":"06","day":"13","hour":"17","minutes":"00","seconds":"00"},"utc_start_date":"2026-06-13 12:00:00","utc_start_date_details":{"year":"2026","month":"06","day":"13","hour":"12","minutes":"00","seconds":"00"},"utc_end_date":"2026-06-13 15:00:00","utc_end_date_details":{"year":"2026","month":"06","day":"13","hour":"15","minutes":"00","seconds":"00"},"timezone":"Europe\/Paris","timezone_abbr":"CEST","cost":"","cost_details":{"currency_symbol":"$","currency_code":"USD","currency_position":"prefix","values":[]},"website":"","show_map":true,"show_map_link":true,"hide_from_listings":false,"sticky":false,"featured":false,"categories":[],"tags":[],"venue":{"id":227713,"author":"2","status":"publish","date":"2025-08-22 10:05:45","date_utc":"2025-08-22 08:05:45","modified":"2025-08-22 10:54:38","modified_utc":"2025-08-22 08:54:38","url":"https:\/\/geniwal.be\/it\/luogo\/antenne-genealogique-de-geniwal-brabant\/","venue":"Antenne g\u00e9n\u00e9alogique de G\u00e9niwal Brabant","slug":"antenne-genealogique-de-geniwal-brabant","image":{"url":"https:\/\/geniwal.be\/wp-content\/uploads\/2023\/03\/cropped-icone-geniwal-3.jpg","id":9022,"extension":"jpg","width":769,"height":769,"filesize":"46902","sizes":{"medium":{"width":300,"height":300,"mime-type":"image\/jpeg","filesize":"5546","url":"https:\/\/geniwal.be\/wp-content\/uploads\/2023\/03\/cropped-icone-geniwal-3-300x300.jpg"},"thumbnail":{"width":150,"height":150,"mime-type":"image\/jpeg","filesize":"2435","url":"https:\/\/geniwal.be\/wp-content\/uploads\/2023\/03\/cropped-icone-geniwal-3-150x150.jpg"},"et-builder-post-main-image":{"width":400,"height":250,"mime-type":"image\/jpeg","filesize":"7076","url":"https:\/\/geniwal.be\/wp-content\/uploads\/2023\/03\/cropped-icone-geniwal-3-400x250.jpg"},"et-builder-post-main-image-fullwidth":{"width":769,"height":675,"mime-type":"image\/jpeg","filesize":"18786","url":"https:\/\/geniwal.be\/wp-content\/uploads\/2023\/03\/cropped-icone-geniwal-3-769x675.jpg"},"et-builder-portfolio-image":{"width":400,"height":284,"mime-type":"image\/jpeg","filesize":"7306","url":"https:\/\/geniwal.be\/wp-content\/uploads\/2023\/03\/cropped-icone-geniwal-3-400x284.jpg"},"et-builder-gallery-image-portrait":{"width":400,"height":516,"mime-type":"image\/jpeg","filesize":"9928","url":"https:\/\/geniwal.be\/wp-content\/uploads\/2023\/03\/cropped-icone-geniwal-3-400x516.jpg"},"extra-image-single-post":{"width":769,"height":640,"mime-type":"image\/jpeg","filesize":"18453","url":"https:\/\/geniwal.be\/wp-content\/uploads\/2023\/03\/cropped-icone-geniwal-3-769x640.jpg"},"extra-image-medium":{"width":627,"height":376,"mime-type":"image\/jpeg","filesize":"11870","url":"https:\/\/geniwal.be\/wp-content\/uploads\/2023\/03\/cropped-icone-geniwal-3-627x376.jpg"},"extra-image-small":{"width":440,"height":264,"mime-type":"image\/jpeg","filesize":"7813","url":"https:\/\/geniwal.be\/wp-content\/uploads\/2023\/03\/cropped-icone-geniwal-3-440x264.jpg"},"extra-image-square-medium":{"width":440,"height":440,"mime-type":"image\/jpeg","filesize":"8985","url":"https:\/\/geniwal.be\/wp-content\/uploads\/2023\/03\/cropped-icone-geniwal-3-440x440.jpg"},"extra-image-square-small":{"width":150,"height":150,"mime-type":"image\/jpeg","filesize":"2435","url":"https:\/\/geniwal.be\/wp-content\/uploads\/2023\/03\/cropped-icone-geniwal-3-150x150.jpg"},"woocommerce_thumbnail":{"width":300,"height":300,"mime-type":"image\/jpeg","filesize":"5546","uncropped":"1","url":"https:\/\/geniwal.be\/wp-content\/uploads\/2023\/03\/cropped-icone-geniwal-3-300x300.jpg"},"woocommerce_single":{"width":600,"height":600,"mime-type":"image\/jpeg","filesize":"13692","url":"https:\/\/geniwal.be\/wp-content\/uploads\/2023\/03\/cropped-icone-geniwal-3-600x600.jpg"},"woocommerce_gallery_thumbnail":{"width":100,"height":100,"mime-type":"image\/jpeg","filesize":"1702","url":"https:\/\/geniwal.be\/wp-content\/uploads\/2023\/03\/cropped-icone-geniwal-3-100x100.jpg"}}},"address":"Avenue Galil\u00e9e, 10","city":"Wavre","country":"Belgium","province":"Brabant","zip":"1300","phone":"0471 28 60 16","website":"https:\/\/geniwal.be\/antennes-de-geniwal\/antenne-du-brabant\/","stateprovince":"Brabant","json_ld":{"@type":"Place","name":"Antenne g\u00e9n\u00e9alogique de G\u00e9niwal Brabant","description":"","image":"https:\/\/geniwal.be\/wp-content\/uploads\/2023\/03\/cropped-icone-geniwal-3.jpg","url":"https:\/\/geniwal.be\/it\/luogo\/antenne-genealogique-de-geniwal-brabant\/","address":{"@type":"PostalAddress","streetAddress":"Avenue Galil\u00e9e, 10","addressLocality":"Wavre","addressRegion":"Brabant","postalCode":"1300","addressCountry":"Belgium"},"telephone":"0471 28 60 16","sameAs":"https:\/\/geniwal.be\/antennes-de-geniwal\/antenne-du-brabant\/"},"show_map":true,"show_map_link":true,"global_id":"geniwal.be\/it?id=227713","global_id_lineage":["geniwal.be\/it?id=227713"]},"organizer":[{"id":13201,"author":"1","status":"publish","date":"2023-08-27 15:47:41","date_utc":"2023-08-27 13:47:41","modified":"2025-08-22 10:53:18","modified_utc":"2025-08-22 08:53:18","url":"https:\/\/geniwal.be\/it\/organizzatore\/antenne-genealogique-de-geniwal-namur\/","organizer":"Antenne g\u00e9n\u00e9alogique de G\u00e9niWal Brabant","slug":"antenne-genealogique-de-geniwal-namur","image":{"url":"https:\/\/geniwal.be\/wp-content\/uploads\/2023\/03\/cropped-icone-geniwal-3.jpg","id":9022,"extension":"jpg","width":769,"height":769,"filesize":"46902","sizes":{"medium":{"width":300,"height":300,"mime-type":"image\/jpeg","filesize":"5546","url":"https:\/\/geniwal.be\/wp-content\/uploads\/2023\/03\/cropped-icone-geniwal-3-300x300.jpg"},"thumbnail":{"width":150,"height":150,"mime-type":"image\/jpeg","filesize":"2435","url":"https:\/\/geniwal.be\/wp-content\/uploads\/2023\/03\/cropped-icone-geniwal-3-150x150.jpg"},"et-builder-post-main-image":{"width":400,"height":250,"mime-type":"image\/jpeg","filesize":"7076","url":"https:\/\/geniwal.be\/wp-content\/uploads\/2023\/03\/cropped-icone-geniwal-3-400x250.jpg"},"et-builder-post-main-image-fullwidth":{"width":769,"height":675,"mime-type":"image\/jpeg","filesize":"18786","url":"https:\/\/geniwal.be\/wp-content\/uploads\/2023\/03\/cropped-icone-geniwal-3-769x675.jpg"},"et-builder-portfolio-image":{"width":400,"height":284,"mime-type":"image\/jpeg","filesize":"7306","url":"https:\/\/geniwal.be\/wp-content\/uploads\/2023\/03\/cropped-icone-geniwal-3-400x284.jpg"},"et-builder-gallery-image-portrait":{"width":400,"height":516,"mime-type":"image\/jpeg","filesize":"9928","url":"https:\/\/geniwal.be\/wp-content\/uploads\/2023\/03\/cropped-icone-geniwal-3-400x516.jpg"},"extra-image-single-post":{"width":769,"height":640,"mime-type":"image\/jpeg","filesize":"18453","url":"https:\/\/geniwal.be\/wp-content\/uploads\/2023\/03\/cropped-icone-geniwal-3-769x640.jpg"},"extra-image-medium":{"width":627,"height":376,"mime-type":"image\/jpeg","filesize":"11870","url":"https:\/\/geniwal.be\/wp-content\/uploads\/2023\/03\/cropped-icone-geniwal-3-627x376.jpg"},"extra-image-small":{"width":440,"height":264,"mime-type":"image\/jpeg","filesize":"7813","url":"https:\/\/geniwal.be\/wp-content\/uploads\/2023\/03\/cropped-icone-geniwal-3-440x264.jpg"},"extra-image-square-medium":{"width":440,"height":440,"mime-type":"image\/jpeg","filesize":"8985","url":"https:\/\/geniwal.be\/wp-content\/uploads\/2023\/03\/cropped-icone-geniwal-3-440x440.jpg"},"extra-image-square-small":{"width":150,"height":150,"mime-type":"image\/jpeg","filesize":"2435","url":"https:\/\/geniwal.be\/wp-content\/uploads\/2023\/03\/cropped-icone-geniwal-3-150x150.jpg"},"woocommerce_thumbnail":{"width":300,"height":300,"mime-type":"image\/jpeg","filesize":"5546","uncropped":"1","url":"https:\/\/geniwal.be\/wp-content\/uploads\/2023\/03\/cropped-icone-geniwal-3-300x300.jpg"},"woocommerce_single":{"width":600,"height":600,"mime-type":"image\/jpeg","filesize":"13692","url":"https:\/\/geniwal.be\/wp-content\/uploads\/2023\/03\/cropped-icone-geniwal-3-600x600.jpg"},"woocommerce_gallery_thumbnail":{"width":100,"height":100,"mime-type":"image\/jpeg","filesize":"1702","url":"https:\/\/geniwal.be\/wp-content\/uploads\/2023\/03\/cropped-icone-geniwal-3-100x100.jpg"}}},"phone":"+ 32 (0) 471.28.60.16","website":"https:\/\/geniwal.be\/antennes-de-geniwal\/antenne-du-brabant\/","email":"yh.geniwal@skynet.be","json_ld":{"@type":"Person","name":"Antenne g\u00e9n\u00e9alogique de G\u00e9niWal Brabant","description":"","image":"https:\/\/geniwal.be\/wp-content\/uploads\/2023\/03\/cropped-icone-geniwal-3.jpg","url":"https:\/\/geniwal.be\/antennes-de-geniwal\/antenne-du-brabant\/","telephone":"+ 32 (0) 471.28.60.16","email":"yh&#46;ge&#110;i&#119;&#97;&#108;&#64;s&#107;ynet.&#98;e","sameAs":"https:\/\/geniwal.be\/antennes-de-geniwal\/antenne-du-brabant\/"},"global_id":"geniwal.be\/it?id=13201","global_id_lineage":["geniwal.be\/it?id=13201"]}],"custom_fields":[],"json_ld":{"@context":"http:\/\/schema.org","@type":"Event","name":"Antenne g\u00e9n\u00e9alogique du Brabant","description":"&lt;p&gt;L\u2019antenne du Brabant : vous accueille chaque 2\u00e8me samedi du mois, de septembre 2025 \u00e0 juin 2026, de 14h \u00e0 17h. Au programme : \u2013 Entraide entre membres \u2013 Cours [&hellip;]&lt;\/p&gt;\\n","image":"https:\/\/geniwal.be\/wp-content\/uploads\/2019\/04\/NECROLOGIE_AVENIR_2025_1243.jpg","url":"https:\/\/geniwal.be\/it\/event\/antenne-genealogique-du-brabant-9\/","eventAttendanceMode":"https:\/\/schema.org\/OfflineEventAttendanceMode","eventStatus":"https:\/\/schema.org\/EventScheduled","startDate":"2026-06-13T14:00:00+02:00","endDate":"2026-06-13T17:00:00+02:00","location":{"@type":"Place","name":"Antenne g\u00e9n\u00e9alogique de G\u00e9niwal Brabant","description":"","image":"https:\/\/geniwal.be\/wp-content\/uploads\/2023\/03\/cropped-icone-geniwal-3.jpg","url":"https:\/\/geniwal.be\/it\/luogo\/antenne-genealogique-de-geniwal-brabant\/","address":{"@type":"PostalAddress","streetAddress":"Avenue Galil\u00e9e, 10","addressLocality":"Wavre","addressRegion":"Brabant","postalCode":"1300","addressCountry":"Belgium"},"telephone":"0471 28 60 16","sameAs":"https:\/\/geniwal.be\/antennes-de-geniwal\/antenne-du-brabant\/"},"organizer":{"@type":"Person","name":"Antenne g\u00e9n\u00e9alogique de G\u00e9niWal Brabant","description":"","image":"https:\/\/geniwal.be\/wp-content\/uploads\/2023\/03\/cropped-icone-geniwal-3.jpg","url":"https:\/\/geniwal.be\/antennes-de-geniwal\/antenne-du-brabant\/","telephone":"+ 32 (0) 471.28.60.16","email":"&#121;&#104;&#46;&#103;en&#105;&#119;al&#64;&#115;k&#121;n&#101;&#116;.&#98;e","sameAs":"https:\/\/geniwal.be\/antennes-de-geniwal\/antenne-du-brabant\/"},"performer":"Organization"}}