{"id":226779,"date":"2023-09-29T22:52:57","date_gmt":"2023-09-29T20:52:57","guid":{"rendered":"https:\/\/geniwal.be\/?p=226779"},"modified":"2023-09-29T22:52:57","modified_gmt":"2023-09-29T20:52:57","slug":"de-burlet-jules-philippe-marie-bourgmestre-de-nivelles-et-premier-ministre","status":"publish","type":"post","link":"https:\/\/geniwal.be\/it\/nos-pistes\/personnalites-belges\/de-burlet-jules-philippe-marie-bourgmestre-de-nivelles-et-premier-ministre\/","title":{"rendered":"DE BURLET Jules Philippe Marie Sindaco di Nivelles e Primo Ministro"},"content":{"rendered":"<p style=\"text-align: left;\"><span style=\"font-family: arial, helvetica, sans-serif; font-size: 14pt;\">Nato a Ixelles il 10 aprile 1844, morto nella sua casa di Place Saint Paul a Nivelles il 1\u00b0 marzo 1897. Figlio di <strong>VILLAGGIO DI BURLET<\/strong> Joseph Dieudonn\u00e9 e <strong>DUGNIOLLE<\/strong> Louis e Jeanne Julie Jos\u00e9phine.<br \/>\nVedovo di <strong>VAN PUT<\/strong> Julia Marie Justine, marito di <strong>VERHAEGEN<\/strong> Eulalie Jos\u00e9phine Marie. Era il padre di Pierre \u00c9mile L\u00e9on Charles. <strong>de BURLET<\/strong>nato il 27 luglio 1876<\/span><\/p>\n<p data-wp-editing=\"1\"><img decoding=\"async\" class=\"wp-image-226781 aligncenter lazyload\" data-src=\"https:\/\/geniwal.be\/wp-content\/uploads\/2023\/09\/DE-BURLET-JULES-NAISSANCES-1024x626-1-300x183.jpg\" alt=\"\" width=\"698\" height=\"426\" data-srcset=\"https:\/\/geniwal.be\/wp-content\/uploads\/2023\/09\/DE-BURLET-JULES-NAISSANCES-1024x626-1-300x183.jpg 300w, https:\/\/geniwal.be\/wp-content\/uploads\/2023\/09\/DE-BURLET-JULES-NAISSANCES-1024x626-1-768x470.jpg 768w, https:\/\/geniwal.be\/wp-content\/uploads\/2023\/09\/DE-BURLET-JULES-NAISSANCES-1024x626-1-18x12.jpg 18w, https:\/\/geniwal.be\/wp-content\/uploads\/2023\/09\/DE-BURLET-JULES-NAISSANCES-1024x626-1-600x367.jpg 600w, https:\/\/geniwal.be\/wp-content\/uploads\/2023\/09\/DE-BURLET-JULES-NAISSANCES-1024x626-1-98x60.jpg 98w, https:\/\/geniwal.be\/wp-content\/uploads\/2023\/09\/DE-BURLET-JULES-NAISSANCES-1024x626-1-147x90.jpg 147w, https:\/\/geniwal.be\/wp-content\/uploads\/2023\/09\/DE-BURLET-JULES-NAISSANCES-1024x626-1.jpg 1024w\" data-sizes=\"(max-width: 698px) 100vw, 698px\" src=\"data:image\/svg+xml;base64,PHN2ZyB3aWR0aD0iMSIgaGVpZ2h0PSIxIiB4bWxucz0iaHR0cDovL3d3dy53My5vcmcvMjAwMC9zdmciPjwvc3ZnPg==\" style=\"--smush-placeholder-width: 698px; --smush-placeholder-aspect-ratio: 698\/426;\" \/><\/p>\n<p>&nbsp;<\/p>\n<p><img decoding=\"async\" class=\"wp-image-226780 aligncenter lazyload\" data-src=\"https:\/\/geniwal.be\/wp-content\/uploads\/2023\/09\/ACTE-DE-DECES-DE-BURLET-JULES-1-300x201.jpg\" alt=\"\" width=\"710\" height=\"476\" data-srcset=\"https:\/\/geniwal.be\/wp-content\/uploads\/2023\/09\/ACTE-DE-DECES-DE-BURLET-JULES-1-300x201.jpg 300w, https:\/\/geniwal.be\/wp-content\/uploads\/2023\/09\/ACTE-DE-DECES-DE-BURLET-JULES-1-768x515.jpg 768w, https:\/\/geniwal.be\/wp-content\/uploads\/2023\/09\/ACTE-DE-DECES-DE-BURLET-JULES-1-18x12.jpg 18w, https:\/\/geniwal.be\/wp-content\/uploads\/2023\/09\/ACTE-DE-DECES-DE-BURLET-JULES-1-600x402.jpg 600w, https:\/\/geniwal.be\/wp-content\/uploads\/2023\/09\/ACTE-DE-DECES-DE-BURLET-JULES-1-89x60.jpg 89w, https:\/\/geniwal.be\/wp-content\/uploads\/2023\/09\/ACTE-DE-DECES-DE-BURLET-JULES-1-134x90.jpg 134w, https:\/\/geniwal.be\/wp-content\/uploads\/2023\/09\/ACTE-DE-DECES-DE-BURLET-JULES-1.jpg 896w\" data-sizes=\"(max-width: 710px) 100vw, 710px\" src=\"data:image\/svg+xml;base64,PHN2ZyB3aWR0aD0iMSIgaGVpZ2h0PSIxIiB4bWxucz0iaHR0cDovL3d3dy53My5vcmcvMjAwMC9zdmciPjwvc3ZnPg==\" style=\"--smush-placeholder-width: 710px; --smush-placeholder-aspect-ratio: 710\/476;\" \/><\/p>\n<p>&nbsp;<\/p>\n<p style=\"text-align: left;\"><span style=\"font-family: arial, helvetica, sans-serif; font-size: 14pt;\">Politico cattolico belga, ha iniziato la sua carriera politica all'et\u00e0 di 21 anni. Ha conseguito un dottorato in legge e un<\/span><span style=\"font-family: arial, helvetica, sans-serif; font-size: 14pt;\">opo aver studiato legge ed essere stato nominato dottore in legge all'Universit\u00e0 Cattolica di Lovanio nel 1866, Jules de BURLET divenne avvocato a Nivelles (1866-1872), poi giudice aggiunto al Tribunale di prima istanza di Nivelles (1872-1892). Eletto in consiglio comunale nel 1871, fu l'unico rappresentante del partito cattolico e fu scelto dal Re \"per presiedere alle sorti della citt\u00e0 di Nivelles (1\u00b0 luglio 1872)\" fino al 1891.<\/span><span style=\"font-family: arial, helvetica, sans-serif; font-size: 14pt;\">Membro del partito cattolico, rappresent\u00f2 Nivelles alla Camera dei rappresentanti belga dal 1884. Fu \"Ministro degli Interni e delle Belle Arti\" nel 1891. Non era favorevole al suffragio universale e il suo atteggiamento port\u00f2 allo sciopero generale dell'aprile 1893 a favore del suffragio universale.<br \/>\n<\/span><span style=\"font-family: arial, helvetica, sans-serif; font-size: 14pt;\">Ministro di Stato nel 1896. Inviato straordinario e ministro plenipotenziario di Sua Maest\u00e0 il Re dei Belgi Leopoldo 2 presso Sua Maest\u00e0 il Re del Portogallo e delle Algarve, avvocato, ex sindaco della citt\u00e0 di Nivelles, ex ministro dell'Interno e dell'Istruzione pubblica, ex ministro degli Affari esteri, ex membro della Camera dei rappresentanti e del Senato, Grande Ufficiale dell'Ordine di Leopoldo, Gran Cordone degli Ordini della Legion d'Onore, di San Michele, della Stella Polare, della Stella di Romania, di Nostra Signora della Concezione di Villa Vicosa al Merito Civile di Bulgaria, Commendatore dell'Ordine di San Gregorio Magno, decorato con la Croce pro Ecclesia et Pontifice, domiciliato a Nivelles. proprietario<\/span><\/p>\n<p style=\"text-align: left;\"><span style=\"font-family: arial, helvetica, sans-serif; font-size: 14pt;\">Nel 1894 fu eletto senatore e successivamente divenne Primo Ministro del Belgio.<\/span><\/p>\n<p style=\"text-align: left;\"><span style=\"font-family: arial, helvetica, sans-serif; font-size: 14pt;\">Dopo aver lasciato l'incarico nel 1896 e aver rassegnato le dimissioni il 21 febbraio 1896 a seguito di un ictus che lo aveva colpito il 19 dicembre 1895, fu nominato Ministro di Stato e ricopr\u00ec la carica di Ambasciatore in Portogallo dal 1896 fino alla sua morte nel 1897.<\/span><\/p>\n<p style=\"text-align: left;\"><span style=\"font-family: arial, helvetica, sans-serif;\"><strong>Fonti :<\/strong><\/span><br \/>\n<span style=\"font-family: arial, helvetica, sans-serif;\">Le nouveau dictionnaire des belges, a cura di Thierry Den\u00f6el, edito da Le Cri, 1993, pagina 169.\u00a0<\/span><br \/>\n<span style=\"font-family: arial, helvetica, sans-serif;\">https:\/\/fr.wikipedia.org\/wiki\/Jules_de_Burlet<\/span><br \/>\n<span style=\"font-family: arial, helvetica, sans-serif;\">L'avenir Brabant Wallon di luned\u00ec 7 agosto 2023, pagina 12<\/span><\/p>\n<p style=\"text-align: left;\"><span style=\"font-family: arial, helvetica, sans-serif;\"><strong>Credito fotografico :<\/strong><\/span><br \/>\n<span style=\"font-family: arial, helvetica, sans-serif;\">https:\/\/fr.wikipedia.org\/wiki\/Jules_de_Burlet#\/media\/Fichier:Jules_de_burlet.jpg<\/span><\/p>","protected":false},"excerpt":{"rendered":"<p>N\u00e9 \u00e0 Ixelles le 10 avril 1844 est d\u00e9c\u00e9d\u00e9 en sa demeure Place Saint Paul le 01 mars 1897 \u00e0 Nivelles. Fils de VILLARD de BURLET Joseph Dieudonn\u00e9 et de [&hellip;]<\/p>\n","protected":false},"author":1,"featured_media":226782,"comment_status":"closed","ping_status":"open","sticky":false,"template":"","format":"standard","meta":{"_et_pb_use_builder":"","_et_pb_old_content":"","_et_gb_content_width":"","footnotes":""},"categories":[93,89],"tags":[],"class_list":["post-226779","post","type-post","status-publish","format-standard","has-post-thumbnail","hentry","category-nos-pistes","category-personnalites-belges","et-has-post-format-content","et_post_format-et-post-format-standard"],"aioseo_notices":[],"_links":{"self":[{"href":"https:\/\/geniwal.be\/it\/wp-json\/wp\/v2\/posts\/226779","targetHints":{"allow":["GET"]}}],"collection":[{"href":"https:\/\/geniwal.be\/it\/wp-json\/wp\/v2\/posts"}],"about":[{"href":"https:\/\/geniwal.be\/it\/wp-json\/wp\/v2\/types\/post"}],"author":[{"embeddable":true,"href":"https:\/\/geniwal.be\/it\/wp-json\/wp\/v2\/users\/1"}],"replies":[{"embeddable":true,"href":"https:\/\/geniwal.be\/it\/wp-json\/wp\/v2\/comments?post=226779"}],"version-history":[{"count":1,"href":"https:\/\/geniwal.be\/it\/wp-json\/wp\/v2\/posts\/226779\/revisions"}],"predecessor-version":[{"id":226783,"href":"https:\/\/geniwal.be\/it\/wp-json\/wp\/v2\/posts\/226779\/revisions\/226783"}],"wp:featuredmedia":[{"embeddable":true,"href":"https:\/\/geniwal.be\/it\/wp-json\/wp\/v2\/media\/226782"}],"wp:attachment":[{"href":"https:\/\/geniwal.be\/it\/wp-json\/wp\/v2\/media?parent=226779"}],"wp:term":[{"taxonomy":"category","embeddable":true,"href":"https:\/\/geniwal.be\/it\/wp-json\/wp\/v2\/categories?post=226779"},{"taxonomy":"post_tag","embeddable":true,"href":"https:\/\/geniwal.be\/it\/wp-json\/wp\/v2\/tags?post=226779"}],"curies":[{"name":"wp","href":"https:\/\/api.w.org\/{rel}","templated":true}]}}