{"id":226785,"date":"2023-09-29T22:57:35","date_gmt":"2023-09-29T20:57:35","guid":{"rendered":"https:\/\/geniwal.be\/?p=226785"},"modified":"2023-09-29T22:58:26","modified_gmt":"2023-09-29T20:58:26","slug":"goblet-dalviella-albert-joseph-comte-general-et-homme-detat-belge","status":"publish","type":"post","link":"https:\/\/geniwal.be\/it\/nos-pistes\/personnalites-belges\/goblet-dalviella-albert-joseph-comte-general-et-homme-detat-belge\/","title":{"rendered":"GOBLET d'ALVIELLA Albert Joseph Conte Belga Generale e Statista"},"content":{"rendered":"<div class=\"mceTemp\"><\/div>\n<p>&nbsp;<\/p>\n<p style=\"text-align: left;\"><span style=\"font-size: 14pt; font-family: arial, helvetica, sans-serif;\">Nato a Tournai il 26\/05\/1790 e morto a Bruxelles il 05\/05\/1873, fu sepolto gioved\u00ec 8 maggio 1873 nel cimitero di Court-Saint-\u00c9tienne. I suoi funerali si svolsero presso la <a href=\"https:\/\/fr.wikipedia.org\/wiki\/Cath%C3%A9drale_Saints-Michel-et-Gudule_de_Bruxelles\">Cattedrale Saints-Michel-et-Gudule, Bruxelles<\/a>\u00a0il 20 maggio 1873 e il<a href=\"https:\/\/fr.wikipedia.org\/wiki\/%C3%89glise_Saint-%C3%89tienne_de_Court-Saint-%C3%89tienne\">Chiesa di Saint-\u00c9tienne a Court-Saint-\u00c9tienne<\/a>\u00a0il 21 maggio 1873. Quattordici anni dopo la sua morte, i resti mortali di Albert Goblet furono trasferiti nella cripta della\u00a0<a href=\"https:\/\/fr.wikipedia.org\/wiki\/Mausol%C3%A9e_Goblet_d%27Alviella\">mausoleo<\/a>\u00a0progettato da Eug\u00e8ne Goblet, suo nipote, e costruito tra il 1885 e il 1887 al\u00a0<a href=\"https:\/\/fr.wikipedia.org\/wiki\/Cimeti%C3%A8re_de_Court-Saint-%C3%89tienne\">Cimitero di Court-Saint-\u00c9tienne<\/a>. Figlio di <strong>GOBLET<\/strong> Fran\u00e7ois Magloire Joseph, magistrato e membro del consiglio comunale, e Michelle <strong>DELMARLE<\/strong> Marie. Il 14 gennaio 1814 spos\u00f2 Marie Anne Ad\u00e9la\u00efde DAMIEN (x - 1863). La coppia ebbe almeno un figlio, Louis Fran\u00e7ois Magloire (1823-1867), e il nonno di<a href=\"https:\/\/fr.wikipedia.org\/wiki\/ULB\">ULB<\/a>\u00a0e politico\u00a0<a href=\"https:\/\/fr.wikipedia.org\/wiki\/Eug%C3%A8ne_Goblet_d%27Alviella\"><strong>GOBLET d'ALVIELLA<\/strong><\/a> Eug\u00e8ne (1846-1925).<\/span><\/p>\n<p style=\"text-align: left;\"><strong><span style=\"font-size: 14pt; font-family: arial, helvetica, sans-serif;\">Biografia :<\/span><\/strong><\/p>\n<p style=\"text-align: left;\"><span style=\"font-size: 14pt; font-family: arial, helvetica, sans-serif;\">Nel 1802 entr\u00f2 nella Prytan\u00e9e militaire de Saint-Cyr, una scuola di insegnamento militare, e nel 1807 vinse il premio imperiale per la matematica nell'esame generale competitivo. Pass\u00f2 poi alla scuola politecnica, laureandosi nel 1811 come ufficiale ingegnere al servizio della Francia. Unico ufficiale ingegnere rimasto, fu scelto per occuparsi dei dettagli dell'assedio e della capitolazione di Parigi, fu nominato capitano e insignito della Croce d'Onore. <\/span><span style=\"font-size: 14pt; font-family: arial, helvetica, sans-serif;\">Tornato al servizio del suo Paese nel febbraio 1815, combatt\u00e9 a Quatre-Bras e a Waterloo e fu insignito dell'Ordine di Guglielmo (4a classe).\u00a0<\/span><span style=\"font-size: 14pt; font-family: arial, helvetica, sans-serif;\">Grazie al suo background, fu incaricato di progettare e costruire la fortezza di Nieuport. Segu\u00ec i lavori per sette anni, fu nominato cavaliere (ufficiale) di terza classe dell'Ordine di Guglielmo e accompagn\u00f2 il Principe d'Orange in Russia. Alessandro lo decor\u00f2 con la Croce di Sant'Anna.\u00a0<\/span><span style=\"font-size: 14pt; font-family: arial, helvetica, sans-serif;\">Al suo ritorno, fu incaricato di ricostruire la fortezza di Menin. Nominato colonnello del Genio e direttore generale di questo corpo il 15 ottobre 1830, fu promosso al grado di generale di brigata nel 1831 e fu ministro della Guerra sotto l'amministrazione del Reggente.\u00a0<\/span><span style=\"font-size: 14pt; font-family: arial, helvetica, sans-serif;\">Nell'agosto 1831, la citt\u00e0 di Tournai lo invi\u00f2 alla Camera dei Rappresentanti e pochi giorni dopo fu nominato Ispettore generale delle fortificazioni e del genio.\u00a0<\/span><span style=\"font-size: 14pt; font-family: arial, helvetica, sans-serif;\">Il 14 dicembre 1831, il generale Goblet firm\u00f2 a Londra un trattato con i ministri di Austria, Inghilterra, Prussia e Russia, concordando la demolizione di Menin, Ath, Mons, Philippeville e Marienbourg.\u00a0<\/span><span style=\"font-size: 14pt; font-family: arial, helvetica, sans-serif;\">Come deputato al Parlamento, vot\u00f2 a favore dell'adozione dei 24 articoli. Fu successivamente plenipotenziario alla Conferenza di Londra, Ministro di Stato, Ministro degli Affari Esteri ad interim, Comandante della Legione d'Onore e Cavaliere dell'Ordine di Leopoldo, Ambasciatore a Berlino, ecc.\u00a0<\/span><span style=\"font-size: 14pt; font-family: arial, helvetica, sans-serif;\">Il suo lavoro sul sistema generale di difesa della frontiera settentrionale, dalla Schelda alla Mosa, gli valse il grado di tenente generale nel 1835.\u00a0<\/span><span style=\"font-size: 14pt; font-family: arial, helvetica, sans-serif;\">Eletto deputato nel 1836 dalla citt\u00e0 di Bruxelles, rinunci\u00f2 alle funzioni legislative per recarsi in Portogallo come ministro plenipotenziario. Fu nominato Conte di ALVIELLA e il Re dei Belgi, nel ratificare questa nomina, rese il titolo ereditario a tutti i suoi discendenti maschi.\u00a0<\/span><span style=\"font-size: 14pt; font-family: arial, helvetica, sans-serif;\">Nel 1850 fece una serie di acquisti per ampliare la tenuta adiacente al castello di Court-Saint-\u00c9tienne, che aveva ottenuto nel 1844 grazie al matrimonio del figlio Louis con la contessa di Court-Saint-\u00c9tienne. <strong>d'AUXY<\/strong> de Neuville, (famiglia <strong>d'AUXY<\/strong>). Il suo busto si trova a Court-Saint-Etienne.<\/span><\/p>\n<p style=\"text-align: left;\"><span style=\"font-family: arial, helvetica, sans-serif; font-size: 14pt;\"><strong>Fonti :<\/strong><br \/>\n<\/span><span style=\"font-size: 14pt; font-family: arial, helvetica, sans-serif;\"><a href=\"https:\/\/fr.wikisource.org\/wiki\/Biographie_des_c%C3%A9l%C3%A9brit%C3%A9s_militaires_des_arm%C3%A9es_de_terre_et_de_mer_de_1789_%C3%A0_1850\/G\">https:\/\/fr.wikisource.org\/wiki\/Biographie_des_c%C3%A9l%C3%A9brit%C3%A9s_militaires_des_arm%C3%A9es_de_terre_et_de_mer_de_1789_%C3%A0_1850\/G<\/a><br \/>\n<\/span><\/p>\n<p style=\"text-align: left;\"><span style=\"font-size: 14pt; font-family: arial, helvetica, sans-serif;\"><strong>Credito fotografico :<\/strong><br \/>\n<a href=\"https:\/\/fr.wikipedia.org\/wiki\/Albert_Goblet_d%27Alviella#\/media\/Fichier:Albert_Goblet.png\">https:\/\/fr.wikipedia.org\/wiki\/Albert_Goblet_d%27Alviella#\/media\/Fichier:Albert_Goblet.png<\/a><\/span><\/p>\n<p>&nbsp;<\/p>","protected":false},"excerpt":{"rendered":"<p>&nbsp; N\u00e9 \u00e0 Tournai le 26\/05\/1790 et d\u00e9c\u00e9d\u00e9 \u00e0 Bruxelles le 05\/05\/1873 il est inhum\u00e9 le jeudi 8 mai 1873 au cimeti\u00e8re de Court-Saint-\u00c9tienne. Ses fun\u00e9railles ont \u00e9t\u00e9 c\u00e9l\u00e9br\u00e9es \u00e0 [&hellip;]<\/p>\n","protected":false},"author":1,"featured_media":226786,"comment_status":"closed","ping_status":"open","sticky":false,"template":"","format":"standard","meta":{"_et_pb_use_builder":"","_et_pb_old_content":"","_et_gb_content_width":"","footnotes":""},"categories":[93,89],"tags":[],"class_list":["post-226785","post","type-post","status-publish","format-standard","has-post-thumbnail","hentry","category-nos-pistes","category-personnalites-belges","et-has-post-format-content","et_post_format-et-post-format-standard"],"aioseo_notices":[],"_links":{"self":[{"href":"https:\/\/geniwal.be\/it\/wp-json\/wp\/v2\/posts\/226785","targetHints":{"allow":["GET"]}}],"collection":[{"href":"https:\/\/geniwal.be\/it\/wp-json\/wp\/v2\/posts"}],"about":[{"href":"https:\/\/geniwal.be\/it\/wp-json\/wp\/v2\/types\/post"}],"author":[{"embeddable":true,"href":"https:\/\/geniwal.be\/it\/wp-json\/wp\/v2\/users\/1"}],"replies":[{"embeddable":true,"href":"https:\/\/geniwal.be\/it\/wp-json\/wp\/v2\/comments?post=226785"}],"version-history":[{"count":1,"href":"https:\/\/geniwal.be\/it\/wp-json\/wp\/v2\/posts\/226785\/revisions"}],"predecessor-version":[{"id":226787,"href":"https:\/\/geniwal.be\/it\/wp-json\/wp\/v2\/posts\/226785\/revisions\/226787"}],"wp:featuredmedia":[{"embeddable":true,"href":"https:\/\/geniwal.be\/it\/wp-json\/wp\/v2\/media\/226786"}],"wp:attachment":[{"href":"https:\/\/geniwal.be\/it\/wp-json\/wp\/v2\/media?parent=226785"}],"wp:term":[{"taxonomy":"category","embeddable":true,"href":"https:\/\/geniwal.be\/it\/wp-json\/wp\/v2\/categories?post=226785"},{"taxonomy":"post_tag","embeddable":true,"href":"https:\/\/geniwal.be\/it\/wp-json\/wp\/v2\/tags?post=226785"}],"curies":[{"name":"wp","href":"https:\/\/api.w.org\/{rel}","templated":true}]}}