{"id":226788,"date":"2023-09-29T23:11:52","date_gmt":"2023-09-29T21:11:52","guid":{"rendered":"https:\/\/geniwal.be\/?p=226788"},"modified":"2023-09-29T23:11:52","modified_gmt":"2023-09-29T21:11:52","slug":"de-lalieux-de-la-rocq-emile-marie-rene-homme-politique-belge-bourgmestre-de-nivelles","status":"publish","type":"post","link":"https:\/\/geniwal.be\/it\/nos-pistes\/personnalites-belges\/de-lalieux-de-la-rocq-emile-marie-rene-homme-politique-belge-bourgmestre-de-nivelles\/","title":{"rendered":"de LALIEUX de la ROCQ Emile Marie Ren\u00e9 Politico belga, sindaco di Nivelles."},"content":{"rendered":"<div class=\"mceTemp\"><\/div>\n<p>&nbsp;<\/p>\n<div id=\"attachment_8758\" style=\"width: 618px\" class=\"wp-caption alignleft\"><img decoding=\"async\" aria-describedby=\"caption-attachment-8758\" class=\"wp-image-8758 lazyload\" data-src=\"https:\/\/geniwal.be\/wp-content\/uploads\/2023\/08\/LE-LALIEUX_NAISSANCES002.jpg\" alt=\"\" width=\"608\" height=\"318\" src=\"data:image\/svg+xml;base64,PHN2ZyB3aWR0aD0iMSIgaGVpZ2h0PSIxIiB4bWxucz0iaHR0cDovL3d3dy53My5vcmcvMjAwMC9zdmciPjwvc3ZnPg==\" style=\"--smush-placeholder-width: 608px; --smush-placeholder-aspect-ratio: 608\/318;\" \/><p id=\"caption-attachment-8758\" class=\"wp-caption-text\">Certificati di nascita di de LALIEUX de la ROCQ<\/p><\/div>\n<div id=\"attachment_8759\" style=\"width: 310px\" class=\"wp-caption alignleft\"><img decoding=\"async\" aria-describedby=\"caption-attachment-8759\" class=\"wp-image-8759 lazyload\" data-src=\"https:\/\/geniwal.be\/wp-content\/uploads\/2023\/08\/DE_LALIEUX_DE_LA_ROCQ_Emile_7642_et_Louis_57061_05.jpg\" alt=\"\" width=\"300\" height=\"471\" src=\"data:image\/svg+xml;base64,PHN2ZyB3aWR0aD0iMSIgaGVpZ2h0PSIxIiB4bWxucz0iaHR0cDovL3d3dy53My5vcmcvMjAwMC9zdmciPjwvc3ZnPg==\" style=\"--smush-placeholder-width: 300px; --smush-placeholder-aspect-ratio: 300\/471;\" \/><p id=\"caption-attachment-8759\" class=\"wp-caption-text\">Immagini pie di de LALIEUX de la ROCQ<\/p><\/div>\n<div id=\"attachment_8760\" style=\"width: 526px\" class=\"wp-caption alignleft\"><img decoding=\"async\" aria-describedby=\"caption-attachment-8760\" class=\"wp-image-8760 lazyload\" data-src=\"https:\/\/geniwal.be\/wp-content\/uploads\/2023\/08\/LE-LALIEUX_NAISSANCES003-300x191.jpg\" alt=\"\" width=\"516\" height=\"329\" src=\"data:image\/svg+xml;base64,PHN2ZyB3aWR0aD0iMSIgaGVpZ2h0PSIxIiB4bWxucz0iaHR0cDovL3d3dy53My5vcmcvMjAwMC9zdmciPjwvc3ZnPg==\" style=\"--smush-placeholder-width: 516px; --smush-placeholder-aspect-ratio: 516\/329;\" \/><p id=\"caption-attachment-8760\" class=\"wp-caption-text\">Camera mortuaria del borgomastro di LALIEUX de la ROCQ nel municipio di Nivelles<\/p><\/div>\n<p>&nbsp;<\/p>\n<p>&nbsp;<\/p>\n<p>&nbsp;<\/p>\n<p>&nbsp;<\/p>\n<p>&nbsp;<\/p>\n<p>&nbsp;<\/p>\n<p>&nbsp;<\/p>\n<p>&nbsp;<\/p>\n<p>&nbsp;<\/p>\n<p>&nbsp;<\/p>\n<p>&nbsp;<\/p>\n<p>&nbsp;<\/p>\n<div id=\"attachment_8765\" style=\"width: 610px\" class=\"wp-caption aligncenter\"><img decoding=\"async\" aria-describedby=\"caption-attachment-8765\" class=\"wp-image-8765 lazyload\" data-src=\"https:\/\/geniwal.be\/wp-content\/uploads\/2023\/08\/vd-3-lausanne-ouchy-mit-genfersee-und-panorama-ca-1915.jpg\" alt=\"\" width=\"600\" height=\"387\" src=\"data:image\/svg+xml;base64,PHN2ZyB3aWR0aD0iMSIgaGVpZ2h0PSIxIiB4bWxucz0iaHR0cDovL3d3dy53My5vcmcvMjAwMC9zdmciPjwvc3ZnPg==\" style=\"--smush-placeholder-width: 600px; --smush-placeholder-aspect-ratio: 600\/387;\" \/><p id=\"caption-attachment-8765\" class=\"wp-caption-text\">Ouchy luogo di morte di LALIEUX de la ROCQ<\/p><\/div>\n<p>&nbsp;<\/p>\n<p style=\"text-align: left;\"><span style=\"font-size: 14pt;\"><span style=\"font-family: arial, helvetica, sans-serif;\">Nato a Nivelles il 25\/11\/1862 e morto a Ouchy-Lausanne, Svizzera, il 07\/09\/1918, all'et\u00e0 di 55 anni. Figlio di Ren\u00e9 Adolphe <\/span><strong style=\"font-family: arial, helvetica, sans-serif;\">de LALIEUX<\/strong><span style=\"font-family: arial, helvetica, sans-serif;\"> nato il 1<\/span><sup style=\"font-family: arial, helvetica, sans-serif;\">er<\/sup><span style=\"font-family: arial, helvetica, sans-serif;\"> Novembre 1822 a Feluy, Seneffe morto il 23\/03\/1905 a Nivelles e <\/span><strong style=\"font-family: arial, helvetica, sans-serif;\">de le HOYE<\/strong><span style=\"font-family: arial, helvetica, sans-serif;\"> Julie Marie Jeanne nata l'11\/10\/1822 a Nivelles e morta il 20\/02\/1865 a Nivelles Da questa unione sono nati quattro figli: <\/span><strong style=\"font-family: arial, helvetica, sans-serif;\">de LALIEUX<\/strong><span style=\"font-family: arial, helvetica, sans-serif;\"> Marie, <\/span><strong style=\"font-family: arial, helvetica, sans-serif;\">de LALIEUX<\/strong><span style=\"font-family: arial, helvetica, sans-serif;\"> L\u00e9ontine, <\/span><strong style=\"font-family: arial, helvetica, sans-serif;\">de LALIEUX<\/strong><span style=\"font-family: arial, helvetica, sans-serif;\"> Marie, <\/span><strong style=\"font-family: arial, helvetica, sans-serif;\">de LALIEUX<\/strong><span style=\"font-family: arial, helvetica, sans-serif;\"> Emile Marie Ren\u00e9.\u00a0<\/span><\/span><span style=\"font-family: arial, helvetica, sans-serif; font-size: 14pt;\">Emile Marie Ren\u00e9 sposato il 03\/06\/1890 a Verviers <strong>SIMONIS<\/strong> Maria Euphrosine Amande Jos\u00e9phine nata il 16\/05\/1866 a Verviers, morta il 14\/04\/1945 a Nivelles.<\/span><\/p>\n<p style=\"text-align: left;\"><span style=\"font-family: arial, helvetica, sans-serif; font-size: 14pt;\">Da questa unione sono nati 3 figli.<br \/>\n<\/span><br \/>\n<span style=\"font-family: arial, helvetica, sans-serif; font-size: 14pt;\">Berthe Euphrosine Ren\u00e9e <strong>LALIEUX de la ROCQ<\/strong>nato a Nivelles il 08\/06\/1891 e morto a Bruxelles (capitale) il 01\/04\/1980. Sepolto a Nivelles il 16\/04\/1980.<br \/>\n<\/span><br \/>\n<span style=\"font-family: arial, helvetica, sans-serif; font-size: 14pt;\">Louis de <strong>LALIEUX de la ROCQ, <\/strong>Nato a Verviers il 16\/01\/1894, fu ferito a morte il 14\/09\/1917 a Calais (Francia) a soli 23 anni.<\/span><\/p>\n<p style=\"text-align: left;\"><span style=\"font-family: arial, helvetica, sans-serif; font-size: 14pt;\">Ren\u00e9 de <strong>LALIEUX de la ROCQ, <\/strong>nato a Nivelles il 16\/08\/1895 e morto il 28\/11\/1896 a Colonia (Germania).<\/span><\/p>\n<p style=\"text-align: left;\"><span style=\"font-family: arial, helvetica, sans-serif; font-size: 14pt;\"><strong>N.B.<\/strong><\/span><\/p>\n<p style=\"text-align: left;\"><span style=\"font-family: arial, helvetica, sans-serif; font-size: 14pt;\">Con sentenza della Corte del 1<sup>epoca<\/sup> de Nivelles, 1<sup>epoca<\/sup> Chambre enregistr\u00e9 sur exp\u00e9dition rendu le 15 juillet 1912, transcrit sur les registres de l'\u00e9tat civil des naissances de la ville de Nivelles le 29 juillet 1912 sous le num\u00e9ro 123. L'atto di nascita \u00e8 stato rettificato in quanto il nome LALIEUX sar\u00e0 unito a \"de la ROCQ\". Nivelles 30 luglio 1912. L'assessore allo stato civile P de BRULET. Nivelles, 06 agosto 1912. L'ufficiale di stato civile<\/span><\/p>\n<p style=\"text-align: left;\"><span style=\"font-size: 14pt;\"><strong><span style=\"font-family: arial, helvetica, sans-serif;\">Biografia :<\/span><\/strong><\/span><\/p>\n<p style=\"text-align: left;\"><span style=\"font-family: arial, helvetica, sans-serif; font-size: 14pt;\">Dotato di un dottorato in legge presso l'Universit\u00e0 Cattolica di Lovanio e di una nobilt\u00e0 terriera, fu uno dei pionieri della democrazia cristiana nel Brabante vallone. <\/span><br \/>\n<span style=\"font-family: arial, helvetica, sans-serif; font-size: 14pt;\">Dedic\u00f2 la sua giovinezza alla classe operaia, dove contribu\u00ec al miglioramento della classe operaia sia politicamente che socialmente. Nel 1889 fu presidente della Jeune garde catholique e della Ligue des Capacitaires de Nivelles, da lui fondata nel distretto di Nivelles. Era particolarmente favorevole al suffragio universale, temperato dal voto plurale. Nello stesso anno, Papa Leone XIII incoraggi\u00f2 il cattolicesimo sociale. Fond\u00f2 la Lega Democratica nella provincia del Brabante.<\/span><br \/>\n<span style=\"font-size: 14pt;\"><span style=\"font-family: arial, helvetica, sans-serif;\">Fu eletto al Consiglio comunale di Nivelles il 19 ottobre 1890, poi assessore il 6 aprile 1891. In seguito all'introduzione del suffragio universale plurale, nel 1896 divenne deputato per Nivelles alla Camera dei Deputati, dove rimase fino al 1900. Nel 1908 sostituisce <strong>J. BRABANTE<\/strong> deceduto. Nel 1910 non fu rieletto. L'anno successivo, in seguito alle dimissioni di <strong>G. SNOY<\/strong> diventa nuovamente deputato al Parlamento riprendendo il suo posto. <\/span><span style=\"font-family: arial, helvetica, sans-serif;\">Il suo mandato termin\u00f2 durante la Grande Guerra. Nel 1905, il Re lo nomin\u00f2 sindaco di Nivelles (cit\u00e9 des Aclots).<br \/>\nDurante la Prima guerra mondiale, la citt\u00e0 di Nivelles non fu colpita dai massacri dell'invasione tedesca, ma sub\u00ec le condizioni di occupazione imposte dalle forze di occupazione. Egli si impegn\u00f2 nella sua missione morale. Nell'aprile del 1915, fu arrestato per aver aiutato a distribuire generi di soccorso ai ferrovieri che si rifiutavano di lavorare per le forze di occupazione. Si rifiut\u00f2 di fornire un elenco dei \"disoccupati\" della sua citt\u00e0. Fu imprigionato per quattro mesi a Nivelles e poi deportato in Germania, dove contrasse una lunga e dolorosa malattia. I tedeschi lo considerano gravemente malato e \"indesiderabile\". Grazie all'intervento della Croce Rossa, fu trasferito in Svizzera, dove non fece pi\u00f9 ritorno dall'esilio. I suoi resti mortali furono riportati a Nivelles solo sabato 24 aprile 1920, giorno della cerimonia religiosa ufficiale. Il suo corpo fu quindi trasportato nella tomba di famiglia a Feluy prima di essere trasferito a Nivelles, dove si trova tuttora.<\/span><\/span><\/p>\n<p style=\"text-align: left;\"><span style=\"font-size: 14pt;\"><strong><span style=\"font-family: arial, helvetica, sans-serif;\">Fonti :<\/span><\/strong><\/span><\/p>\n<p style=\"text-align: left;\"><span style=\"font-family: arial, helvetica, sans-serif; font-size: 14pt;\"><a href=\"https:\/\/fr.wikipedia.org\/wiki\/%C3%89mile_de_Lalieux_de_La_Rocq\">https:\/\/fr.wikipedia.org\/wiki\/%C3%89mile_de_Lalieux_de_La_Rocq<\/a><\/span><br \/>\n<span style=\"font-family: arial, helvetica, sans-serif; font-size: 14pt;\"><a href=\"https:\/\/connaitrelawallonie.wallonie.be\/fr\/wallons-marquants\/dictionnaire\/de-lalieux-de-la-rocq-emile\">https:\/\/connaitrelawallonie.wallonie.be\/fr\/wallons-marquants\/dictionnaire\/de-lalieux-de-la-rocq-emile<\/a><\/span><br \/>\n<span style=\"font-family: arial, helvetica, sans-serif; font-size: 14pt;\"><a href=\"https:\/\/monvieuxnivelles.jimdofree.com\/ev%C3%A9nements\/les-fun%C3%A9railles-d-emile-de-lalieux\/\">https:\/\/monvieuxnivelles.jimdofree.com\/ev%C3%A9nements\/les-fun%C3%A9railles-d-emile-de-lalieux\/<\/a><\/span><\/p>\n<p style=\"text-align: left;\"><span style=\"font-size: 14pt;\"><strong><span style=\"font-family: arial, helvetica, sans-serif;\">Credito iconografico :<br \/>\n<\/span><\/strong><a href=\"https:\/\/monvieuxnivelles.jimdofree.com\/ev%C3%A9nements\/les-fun%C3%A9railles-d-emile-de-lalieux\/\"><span style=\"font-family: arial, helvetica, sans-serif;\">https:\/\/monvieuxnivelles.jimdofree.com\/ev%C3%A9nements\/les-fun%C3%A9railles-d-emile-de-lalieux\/<\/span><\/a><\/span><\/p>","protected":false},"excerpt":{"rendered":"<p>&nbsp; &nbsp; &nbsp; &nbsp; &nbsp; &nbsp; &nbsp; &nbsp; &nbsp; &nbsp; &nbsp; &nbsp; &nbsp; &nbsp; N\u00e9 \u00e0 Nivelles le 25\/11\/1862 et d\u00e9c\u00e9d\u00e9 \u00e0 Ouchy-Lausanne, Suisse le 07\/09\/1918 \u00e2g\u00e9 de 55 ans. [&hellip;]<\/p>\n","protected":false},"author":1,"featured_media":226789,"comment_status":"closed","ping_status":"open","sticky":false,"template":"","format":"standard","meta":{"_et_pb_use_builder":"","_et_pb_old_content":"","_et_gb_content_width":"","footnotes":""},"categories":[93,89],"tags":[],"class_list":["post-226788","post","type-post","status-publish","format-standard","has-post-thumbnail","hentry","category-nos-pistes","category-personnalites-belges","et-has-post-format-content","et_post_format-et-post-format-standard"],"aioseo_notices":[],"_links":{"self":[{"href":"https:\/\/geniwal.be\/it\/wp-json\/wp\/v2\/posts\/226788","targetHints":{"allow":["GET"]}}],"collection":[{"href":"https:\/\/geniwal.be\/it\/wp-json\/wp\/v2\/posts"}],"about":[{"href":"https:\/\/geniwal.be\/it\/wp-json\/wp\/v2\/types\/post"}],"author":[{"embeddable":true,"href":"https:\/\/geniwal.be\/it\/wp-json\/wp\/v2\/users\/1"}],"replies":[{"embeddable":true,"href":"https:\/\/geniwal.be\/it\/wp-json\/wp\/v2\/comments?post=226788"}],"version-history":[{"count":1,"href":"https:\/\/geniwal.be\/it\/wp-json\/wp\/v2\/posts\/226788\/revisions"}],"predecessor-version":[{"id":226791,"href":"https:\/\/geniwal.be\/it\/wp-json\/wp\/v2\/posts\/226788\/revisions\/226791"}],"wp:featuredmedia":[{"embeddable":true,"href":"https:\/\/geniwal.be\/it\/wp-json\/wp\/v2\/media\/226789"}],"wp:attachment":[{"href":"https:\/\/geniwal.be\/it\/wp-json\/wp\/v2\/media?parent=226788"}],"wp:term":[{"taxonomy":"category","embeddable":true,"href":"https:\/\/geniwal.be\/it\/wp-json\/wp\/v2\/categories?post=226788"},{"taxonomy":"post_tag","embeddable":true,"href":"https:\/\/geniwal.be\/it\/wp-json\/wp\/v2\/tags?post=226788"}],"curies":[{"name":"wp","href":"https:\/\/api.w.org\/{rel}","templated":true}]}}