{"id":226917,"date":"2024-05-02T12:11:08","date_gmt":"2024-05-02T10:11:08","guid":{"rendered":"https:\/\/geniwal.be\/?p=226917"},"modified":"2025-12-17T20:36:04","modified_gmt":"2025-12-17T19:36:04","slug":"une-recherche-sur-alphonse-belin","status":"publish","type":"post","link":"https:\/\/geniwal.be\/it\/nos-pistes\/pistes-genealogiques-en-belgique\/recherche-14-18\/une-recherche-sur-alphonse-belin\/","title":{"rendered":"Alphonse BELIN"},"content":{"rendered":"<h2 style=\"text-align: center;\"><span style=\"font-family: arial, helvetica, sans-serif;\">Ricerca su Alphonse BELIN<\/span><\/h2>\n<p>&nbsp;<\/p>\n<p style=\"text-align: center;\"><span style=\"font-size: 14pt; font-family: arial, helvetica, sans-serif;\">Quando ho iniziato le mie ricerche genealogiche, poco pi\u00f9 di 3 anni fa, ho scoperto l'esistenza del mio bisnonno \u00c9mile Belin.<br \/>\nNessuno me ne aveva mai parlato fino ad ora (n\u00e9 io l'avevo mai chiesto quando ero pi\u00f9 giovane).<br \/>\nConsultando il registro di famiglia, ho scoperto i suoi fratelli e sorelle e i suoi genitori.<br \/>\nJ<\/span><span style=\"font-size: 14pt; font-family: arial, helvetica, sans-serif;\">vi invitiamo a consultare <a href=\"https:\/\/gw.geneanet.org\/millieparis_w?lp=0\">il mio albero su Geneanet<\/a> (invito su richiesta).<br \/>\nHo iniziato a interessarmi ad Alphonse quando ho scoperto sul libretto di servizio di \u00c9mile le parole<br \/>\n\u00a0\" 4<sup>e<\/sup> Fratello di categoria 1 ucciso\u00a0<\/span><\/p>\n<p>&nbsp;<\/p>\n<div id=\"attachment_226941\" style=\"width: 571px\" class=\"wp-caption aligncenter\"><img decoding=\"async\" aria-describedby=\"caption-attachment-226941\" class=\"wp-image-226941 lazyload\" data-src=\"https:\/\/geniwal.be\/wp-content\/uploads\/2024\/05\/Image5.png\" alt=\"\" width=\"561\" height=\"316\" data-srcset=\"https:\/\/geniwal.be\/wp-content\/uploads\/2024\/05\/Image5.png 472w, https:\/\/geniwal.be\/wp-content\/uploads\/2024\/05\/Image5-300x169.png 300w, https:\/\/geniwal.be\/wp-content\/uploads\/2024\/05\/Image5-18x10.png 18w, https:\/\/geniwal.be\/wp-content\/uploads\/2024\/05\/Image5-106x60.png 106w, https:\/\/geniwal.be\/wp-content\/uploads\/2024\/05\/Image5-160x90.png 160w\" data-sizes=\"(max-width: 561px) 100vw, 561px\" src=\"data:image\/svg+xml;base64,PHN2ZyB3aWR0aD0iMSIgaGVpZ2h0PSIxIiB4bWxucz0iaHR0cDovL3d3dy53My5vcmcvMjAwMC9zdmciPjwvc3ZnPg==\" style=\"--smush-placeholder-width: 561px; --smush-placeholder-aspect-ratio: 561\/316;\" \/><p id=\"caption-attachment-226941\" class=\"wp-caption-text\">Stato di servizio di Emile, fratello di Alphonse<\/p><\/div>\n<p>&nbsp;<\/p>\n<p><span style=\"font-size: 14pt; font-family: arial, helvetica, sans-serif;\">L'unico fratello che \u00c9mile aveva era Alphonse, il maggiore (c'era un altro fratello, ma mor\u00ec nel primo anno di vita).<br \/>\n\u00c8 l'unico ad essere nato in Belgio, quindi \u00e8 legato all'esercito belga.<br \/>\nDa qui la mia difficolt\u00e0 a trovare un registro di servizio.<\/span>.<br \/>\n<span style=\"font-family: arial, helvetica, sans-serif; font-size: 14pt;\">Mi sono detto: se c'\u00e8 scritto cos\u00ec, significa che questo fratello \u00e8 morto per la patria? (sul forum qualcuno mi ha detto che potrebbe essere un errore di trascrizione con un omonimo.<br \/>\nEsiste effettivamente un A. Belin di Wattrelos che mor\u00ec per la Francia in quel periodo, ma non \u00e8 il mio Alphonse Belin, \u00e8 un altro).<br \/>\n<\/span><span style=\"font-family: arial, helvetica, sans-serif; font-size: 14pt;\">Sul <a href=\"https:\/\/www.old.klm-mra.be\/D7t\/fr\/content\/dossiers-personnel-militaire\">Sito web del Museo Reale dell'Esercito Belga<\/a> Sono riuscito a trovare queste informazioni: <\/span><span style=\"font-family: arial, helvetica, sans-serif; font-size: 14pt;\">Quindi un numero di fascicolo (PP 075044) e in <em>tipo<\/em> (dopo aver pensato per mesi che fosse il nome di una citt\u00e0) c'\u00e8 scritto Steekkaart Pol. Gevangenen = Carta del prigioniero politico.<br \/>\nChe sorpresa! <\/span><span style=\"font-family: arial, helvetica, sans-serif; font-size: 14pt;\">Dato che Alphonse \u00e8 morto nel febbraio 1916 a Wattrelos, in Francia, ho dedotto dalla data e dall'et\u00e0 che \u00e8 morto a causa di ferite di guerra. <\/span><span style=\"font-family: arial, helvetica, sans-serif; font-size: 14pt;\">Ma su alcuni forum si dice che se la sua morte \u00e8 registrata come morte civile come qualsiasi altro cittadino, \u00e8 perch\u00e9 non \u00e8 morto mentre prestava servizio come soldato.<br \/>\nMa altri dicono che all'epoca era comune \"nascondere\" o \"falsificare\" la causa del decesso o lo stato della persona, perch\u00e9 bisogna ricordare che nel 1916 i tedeschi occuparono Wattrelos e l'area circostante al 100%.<br \/>\n<\/span><span style=\"font-size: 14pt; font-family: arial, helvetica, sans-serif;\">Vi lascio i link alle discussioni aperte su due forum (molto interessanti): <a href=\"https:\/\/www.geneanet.org\/forum\/viewtopic.php?t=768130\">Geneanet e\u00a0<\/a><\/span><span style=\"font-family: arial, helvetica, sans-serif; font-size: 14pt;\"><a href=\"https:\/\/forum.pages14-18.com\/viewtopic.php?t=79403&amp;hilit=belin\">14-18 Forum<\/a><\/span><\/p>\n<p>&nbsp;<\/p>\n<p><img decoding=\"async\" class=\"aligncenter wp-image-226942 size-full lazyload\" data-src=\"https:\/\/geniwal.be\/wp-content\/uploads\/2024\/05\/Image6.jpg\" alt=\"\" width=\"605\" height=\"59\" data-srcset=\"https:\/\/geniwal.be\/wp-content\/uploads\/2024\/05\/Image6.jpg 605w, https:\/\/geniwal.be\/wp-content\/uploads\/2024\/05\/Image6-300x29.jpg 300w, https:\/\/geniwal.be\/wp-content\/uploads\/2024\/05\/Image6-18x2.jpg 18w, https:\/\/geniwal.be\/wp-content\/uploads\/2024\/05\/Image6-600x59.jpg 600w, https:\/\/geniwal.be\/wp-content\/uploads\/2024\/05\/Image6-190x19.jpg 190w\" data-sizes=\"(max-width: 605px) 100vw, 605px\" src=\"data:image\/svg+xml;base64,PHN2ZyB3aWR0aD0iMSIgaGVpZ2h0PSIxIiB4bWxucz0iaHR0cDovL3d3dy53My5vcmcvMjAwMC9zdmciPjwvc3ZnPg==\" style=\"--smush-placeholder-width: 605px; --smush-placeholder-aspect-ratio: 605\/59;\" \/><\/p>\n<p>&nbsp;<\/p>\n<p style=\"text-align: left;\"><span style=\"font-family: arial, helvetica, sans-serif; font-size: 14pt;\">S<\/span><span style=\"font-family: arial, helvetica, sans-serif; font-size: 14pt;\">Se vi capita di saperne di pi\u00f9 sull'argomento, sarei lieto di sentirne parlare.<br \/>\n<\/span><span style=\"font-family: arial, helvetica, sans-serif; font-size: 14pt;\">Ho scoperto oggi che un partecipante ha trovato per me la tessera della milizia cantonale di Alphonse Belin (la allego).<br \/>\nCi sono molte informazioni! A quanto pare si trovano negli Archivi delle Fiandre Occidentali (non conoscevo questo sito, dovr\u00f2 darci un'occhiata).<br \/>\nAlphonse inizi\u00f2 la scuola il 26 maggio 1909 e, secondo la foto che ho inviato questa mattina, la termin\u00f2 intorno al 1911.<br \/>\nVa detto che fino a quando non ho ottenuto tutte queste informazioni aggiuntive avevo solo una e una sola foto di Alphonse BELIN.<br \/>\nE anche in quel caso non eravamo sicuri che fosse lui, anche se assomigliava molto al mio bisnonno \u00c9mile.<br \/>\nAvevo anche il registro di famiglia (pagina allegata) e questo era tutto.<br \/>\n<\/span><span style=\"font-family: arial, helvetica, sans-serif; font-size: 14pt;\">Pi\u00f9 tardi, per caso, ho trovato su Gallica un articolo di giornale del 1904 che parlava di Alphonse e di un incidente sul lavoro, un aneddoto simpatico. Qualche mese fa, mia madre stava riordinando alcune carte e foto a casa di mia nonna e ha trovato una busta indirizzata ad Alphonse Belin, proveniente da Londra... per quanto posso vedere \u00e8 datata 1913.<br \/>\nNella busta non c'\u00e8 pi\u00f9 nulla.<br \/>\nPerch\u00e9 ho tenuto questa busta per cos\u00ec tanti anni? La mia testa ha iniziato a girare come una banderuola, pensavo: \"Prigioniero politico? Comunicazione Inghilterra-Francia-Belgio poco prima della guerra? 1 fratello ucciso? Sembra perfetto per una storia di spionaggio\".<br \/>\nIn breve, mi sono perso nella storia di Alphonse.<\/span><\/p>\n<p>&nbsp;<\/p>\n<div id=\"attachment_226983\" style=\"width: 1034px\" class=\"wp-caption aligncenter\"><img decoding=\"async\" aria-describedby=\"caption-attachment-226983\" class=\"wp-image-226983 size-large lazyload\" data-src=\"https:\/\/geniwal.be\/wp-content\/uploads\/2024\/05\/LETTRE-BELIN-1024x318.jpg\" alt=\"\" width=\"1024\" height=\"318\" data-srcset=\"https:\/\/geniwal.be\/wp-content\/uploads\/2024\/05\/LETTRE-BELIN-1024x318.jpg 1024w, https:\/\/geniwal.be\/wp-content\/uploads\/2024\/05\/LETTRE-BELIN-300x93.jpg 300w, https:\/\/geniwal.be\/wp-content\/uploads\/2024\/05\/LETTRE-BELIN-768x239.jpg 768w, https:\/\/geniwal.be\/wp-content\/uploads\/2024\/05\/LETTRE-BELIN-18x6.jpg 18w, https:\/\/geniwal.be\/wp-content\/uploads\/2024\/05\/LETTRE-BELIN-600x186.jpg 600w, https:\/\/geniwal.be\/wp-content\/uploads\/2024\/05\/LETTRE-BELIN-190x60.jpg 190w, https:\/\/geniwal.be\/wp-content\/uploads\/2024\/05\/LETTRE-BELIN-290x90.jpg 290w, https:\/\/geniwal.be\/wp-content\/uploads\/2024\/05\/LETTRE-BELIN.jpg 1036w\" data-sizes=\"(max-width: 1024px) 100vw, 1024px\" src=\"data:image\/svg+xml;base64,PHN2ZyB3aWR0aD0iMSIgaGVpZ2h0PSIxIiB4bWxucz0iaHR0cDovL3d3dy53My5vcmcvMjAwMC9zdmciPjwvc3ZnPg==\" style=\"--smush-placeholder-width: 1024px; --smush-placeholder-aspect-ratio: 1024\/318;\" \/><p id=\"caption-attachment-226983\" class=\"wp-caption-text\">Lettera relativa ad Alphonse BELIN<\/p><\/div>\n<p>&nbsp;<\/p>\n<p><span style=\"font-family: arial, helvetica, sans-serif; font-size: 14pt;\">Mi piacerebbe molto sapere se Alphonse \u00e8 morto a Wattrelos perch\u00e9 \u00e8 stato ferito in battaglia, o se questo non c'entra nulla.<br \/>\nVorrei sapere perch\u00e9 nel suo fascicolo c'\u00e8 scritto \"prigioniero politico\".<br \/>\n<\/span><\/p>\n<p>&nbsp;<\/p>\n<p style=\"text-align: center;\"><span style=\"font-size: 18pt;\"><strong><span style=\"font-family: arial, helvetica, sans-serif;\">La storia di Alphonse BELIN in immagini<\/span><\/strong><\/span><\/p>\n<p><img decoding=\"async\" class=\"aligncenter wp-image-226918 size-full lazyload\" data-src=\"https:\/\/geniwal.be\/wp-content\/uploads\/2024\/05\/Alphonse-BELIN-2.jpg\" alt=\"\" width=\"363\" height=\"425\" data-srcset=\"https:\/\/geniwal.be\/wp-content\/uploads\/2024\/05\/Alphonse-BELIN-2.jpg 363w, https:\/\/geniwal.be\/wp-content\/uploads\/2024\/05\/Alphonse-BELIN-2-256x300.jpg 256w, https:\/\/geniwal.be\/wp-content\/uploads\/2024\/05\/Alphonse-BELIN-2-10x12.jpg 10w, https:\/\/geniwal.be\/wp-content\/uploads\/2024\/05\/Alphonse-BELIN-2-300x351.jpg 300w, https:\/\/geniwal.be\/wp-content\/uploads\/2024\/05\/Alphonse-BELIN-2-51x60.jpg 51w, https:\/\/geniwal.be\/wp-content\/uploads\/2024\/05\/Alphonse-BELIN-2-77x90.jpg 77w\" data-sizes=\"(max-width: 363px) 100vw, 363px\" src=\"data:image\/svg+xml;base64,PHN2ZyB3aWR0aD0iMSIgaGVpZ2h0PSIxIiB4bWxucz0iaHR0cDovL3d3dy53My5vcmcvMjAwMC9zdmciPjwvc3ZnPg==\" style=\"--smush-placeholder-width: 363px; --smush-placeholder-aspect-ratio: 363\/425;\" \/><\/p>\n<p style=\"text-align: center;\"><span style=\"font-family: arial, helvetica, sans-serif; font-size: 14pt;\">Alphonse <strong>BELIN<\/strong> \u00e8 nato il 28 ottobre 1889<br \/>\na Dottignies, un comune belga nella regione dell'Hainaut, e mor\u00ec in rue du trou de Fouan a Wattrelos.<br \/>\nfiglio di Charles Louis <strong>BELIN<\/strong> e Aur\u00e9lie <strong>LEBBRECHT<\/strong><\/span><\/p>\n<div id=\"attachment_226937\" style=\"width: 725px\" class=\"wp-caption aligncenter\"><img decoding=\"async\" aria-describedby=\"caption-attachment-226937\" class=\"wp-image-226937 lazyload\" data-src=\"https:\/\/geniwal.be\/wp-content\/uploads\/2024\/05\/Naissance-Alphonse-BELIN-1889-Dottignies-woordpress.jpg\" alt=\"\" width=\"715\" height=\"401\" data-srcset=\"https:\/\/geniwal.be\/wp-content\/uploads\/2024\/05\/Naissance-Alphonse-BELIN-1889-Dottignies-woordpress.jpg 709w, https:\/\/geniwal.be\/wp-content\/uploads\/2024\/05\/Naissance-Alphonse-BELIN-1889-Dottignies-woordpress-300x168.jpg 300w, https:\/\/geniwal.be\/wp-content\/uploads\/2024\/05\/Naissance-Alphonse-BELIN-1889-Dottignies-woordpress-18x10.jpg 18w, https:\/\/geniwal.be\/wp-content\/uploads\/2024\/05\/Naissance-Alphonse-BELIN-1889-Dottignies-woordpress-600x337.jpg 600w, https:\/\/geniwal.be\/wp-content\/uploads\/2024\/05\/Naissance-Alphonse-BELIN-1889-Dottignies-woordpress-107x60.jpg 107w, https:\/\/geniwal.be\/wp-content\/uploads\/2024\/05\/Naissance-Alphonse-BELIN-1889-Dottignies-woordpress-160x90.jpg 160w\" data-sizes=\"(max-width: 715px) 100vw, 715px\" src=\"data:image\/svg+xml;base64,PHN2ZyB3aWR0aD0iMSIgaGVpZ2h0PSIxIiB4bWxucz0iaHR0cDovL3d3dy53My5vcmcvMjAwMC9zdmciPjwvc3ZnPg==\" style=\"--smush-placeholder-width: 715px; --smush-placeholder-aspect-ratio: 715\/401;\" \/><p id=\"caption-attachment-226937\" class=\"wp-caption-text\">Certificato di nascita di Alphonse BELIN<\/p><\/div>\n<p>&nbsp;<\/p>\n<div id=\"attachment_226946\" style=\"width: 712px\" class=\"wp-caption aligncenter\"><img decoding=\"async\" aria-describedby=\"caption-attachment-226946\" class=\"wp-image-226946 lazyload\" data-src=\"https:\/\/geniwal.be\/wp-content\/uploads\/2024\/05\/Deces-Alphonse-BELIN-1916-Wattrelos-1-1024x747.jpg\" alt=\"La rue du Trou de Fouan est un lieu int\u00e9ressant \u00e0 Wattrelos, en France. Elle a \u00e9t\u00e9 baptis\u00e9e ainsi en r\u00e9f\u00e9rence \u00e0 un ancien nom, \u201cle Pav\u00e9 Bleu\u201d, et elle est devenue officiellement la rue des Poilus le 3 novembre 19221. L\u2019histoire de cette rue remonte au 19e si\u00e8cle, lorsque M. Henri Pollet, maire de Wattrelos, a pos\u00e9 la premi\u00e8re pierre d\u2019un pavillon destin\u00e9 aux malades contagieux. Le puits se trouve au milieu de la cour derri\u00e8re le b\u00e2timent principal\" width=\"702\" height=\"512\" data-srcset=\"https:\/\/geniwal.be\/wp-content\/uploads\/2024\/05\/Deces-Alphonse-BELIN-1916-Wattrelos-1-1024x747.jpg 1024w, https:\/\/geniwal.be\/wp-content\/uploads\/2024\/05\/Deces-Alphonse-BELIN-1916-Wattrelos-1-300x219.jpg 300w, https:\/\/geniwal.be\/wp-content\/uploads\/2024\/05\/Deces-Alphonse-BELIN-1916-Wattrelos-1-768x560.jpg 768w, https:\/\/geniwal.be\/wp-content\/uploads\/2024\/05\/Deces-Alphonse-BELIN-1916-Wattrelos-1-1536x1121.jpg 1536w, https:\/\/geniwal.be\/wp-content\/uploads\/2024\/05\/Deces-Alphonse-BELIN-1916-Wattrelos-1-16x12.jpg 16w, https:\/\/geniwal.be\/wp-content\/uploads\/2024\/05\/Deces-Alphonse-BELIN-1916-Wattrelos-1-1080x788.jpg 1080w, https:\/\/geniwal.be\/wp-content\/uploads\/2024\/05\/Deces-Alphonse-BELIN-1916-Wattrelos-1-600x438.jpg 600w, https:\/\/geniwal.be\/wp-content\/uploads\/2024\/05\/Deces-Alphonse-BELIN-1916-Wattrelos-1-82x60.jpg 82w, https:\/\/geniwal.be\/wp-content\/uploads\/2024\/05\/Deces-Alphonse-BELIN-1916-Wattrelos-1-123x90.jpg 123w, https:\/\/geniwal.be\/wp-content\/uploads\/2024\/05\/Deces-Alphonse-BELIN-1916-Wattrelos-1-scaled.jpg 1200w\" data-sizes=\"(max-width: 702px) 100vw, 702px\" src=\"data:image\/svg+xml;base64,PHN2ZyB3aWR0aD0iMSIgaGVpZ2h0PSIxIiB4bWxucz0iaHR0cDovL3d3dy53My5vcmcvMjAwMC9zdmciPjwvc3ZnPg==\" style=\"--smush-placeholder-width: 702px; --smush-placeholder-aspect-ratio: 702\/512;\" \/><p id=\"caption-attachment-226946\" class=\"wp-caption-text\">Certificato di morte per Alphonse BELIN<\/p><\/div>\n<p>&nbsp;<\/p>\n<p><span style=\"font-family: arial, helvetica, sans-serif; font-size: 14pt;\">NB. Il <strong>rue du Trou de Fouan<\/strong>\u00a0\u00e8 un interessante locale di Wattrelos, in Francia.\u00a0<a class=\"tooltip-target\" href=\"https:\/\/maps.google.be\/\" target=\"_blank\" rel=\"noopener\" data-citationid=\"6f3acc11-b5aa-986b-70c9-3c82370a4f46-3-group\">Il suo nome deriva da quello precedente, \"le Pav\u00e9 Bleu\", e divenne ufficialmente la rue des Poilus il 3 novembre 1922.<\/a><a class=\"ac-anchor sup-target\" href=\"https:\/\/maps.google.be\/\" target=\"_blank\" rel=\"noopener\" data-citationid=\"6f3acc11-b5aa-986b-70c9-3c82370a4f46-3\" aria-label=\"1: rue du Trou de Fouan\"><sup class=\"citation-sup\">1<\/sup><\/a>. La storia di questa strada risale al XIX secolo, quando Henri Pollet, sindaco di Wattrelos, pose la prima pietra di un padiglione per le malattie contagiose.\u00a0<a class=\"tooltip-target\" href=\"http:\/\/patrimoinehospitalierdunord.fr\/19esiecle-wattrelos-hopital-civil.html\" target=\"_blank\" rel=\"noopener\" data-citationid=\"6f3acc11-b5aa-986b-70c9-3c82370a4f46-5-group\">Il pozzo si trova al centro del cortile dietro l'edificio principale.<\/a><\/span><\/p>\n<div id=\"attachment_226957\" style=\"width: 389px\" class=\"wp-caption aligncenter\"><img decoding=\"async\" aria-describedby=\"caption-attachment-226957\" class=\"wp-image-226957 lazyload\" data-src=\"https:\/\/geniwal.be\/wp-content\/uploads\/2024\/05\/Naissance-et-Deces-Alphonse-et-Alfred-BELIN-Livret-de-famille-1.png\" alt=\"\" width=\"379\" height=\"575\" data-srcset=\"https:\/\/geniwal.be\/wp-content\/uploads\/2024\/05\/Naissance-et-Deces-Alphonse-et-Alfred-BELIN-Livret-de-famille-1.png 659w, https:\/\/geniwal.be\/wp-content\/uploads\/2024\/05\/Naissance-et-Deces-Alphonse-et-Alfred-BELIN-Livret-de-famille-1-198x300.png 198w, https:\/\/geniwal.be\/wp-content\/uploads\/2024\/05\/Naissance-et-Deces-Alphonse-et-Alfred-BELIN-Livret-de-famille-1-675x1024.png 675w, https:\/\/geniwal.be\/wp-content\/uploads\/2024\/05\/Naissance-et-Deces-Alphonse-et-Alfred-BELIN-Livret-de-famille-1-8x12.png 8w, https:\/\/geniwal.be\/wp-content\/uploads\/2024\/05\/Naissance-et-Deces-Alphonse-et-Alfred-BELIN-Livret-de-famille-1-300x455.png 300w, https:\/\/geniwal.be\/wp-content\/uploads\/2024\/05\/Naissance-et-Deces-Alphonse-et-Alfred-BELIN-Livret-de-famille-1-600x910.png 600w, https:\/\/geniwal.be\/wp-content\/uploads\/2024\/05\/Naissance-et-Deces-Alphonse-et-Alfred-BELIN-Livret-de-famille-1-40x60.png 40w, https:\/\/geniwal.be\/wp-content\/uploads\/2024\/05\/Naissance-et-Deces-Alphonse-et-Alfred-BELIN-Livret-de-famille-1-59x90.png 59w\" data-sizes=\"(max-width: 379px) 100vw, 379px\" src=\"data:image\/svg+xml;base64,PHN2ZyB3aWR0aD0iMSIgaGVpZ2h0PSIxIiB4bWxucz0iaHR0cDovL3d3dy53My5vcmcvMjAwMC9zdmciPjwvc3ZnPg==\" style=\"--smush-placeholder-width: 379px; --smush-placeholder-aspect-ratio: 379\/575;\" \/><p id=\"caption-attachment-226957\" class=\"wp-caption-text\">Estratto dal libro di nozze<\/p><\/div>\n<p style=\"text-align: center;\"><strong><span style=\"font-size: 18pt; font-family: arial, helvetica, sans-serif;\">Sorteggio per i coscritti<\/span><\/strong><\/p>\n<div>\n<div id=\"attachment_226968\" style=\"width: 845px\" class=\"wp-caption aligncenter\"><img decoding=\"async\" aria-describedby=\"caption-attachment-226968\" class=\"wp-image-226968 lazyload\" data-src=\"https:\/\/geniwal.be\/wp-content\/uploads\/2024\/05\/image-37-min-scaled.jpg\" alt=\"\" width=\"835\" height=\"606\" data-srcset=\"https:\/\/geniwal.be\/wp-content\/uploads\/2024\/05\/image-37-min-scaled.jpg 1200w, https:\/\/geniwal.be\/wp-content\/uploads\/2024\/05\/image-37-min-300x218.jpg 300w, https:\/\/geniwal.be\/wp-content\/uploads\/2024\/05\/image-37-min-1024x743.jpg 1024w, https:\/\/geniwal.be\/wp-content\/uploads\/2024\/05\/image-37-min-768x557.jpg 768w, https:\/\/geniwal.be\/wp-content\/uploads\/2024\/05\/image-37-min-1536x1114.jpg 1536w, https:\/\/geniwal.be\/wp-content\/uploads\/2024\/05\/image-37-min-2048x1486.jpg 2048w, https:\/\/geniwal.be\/wp-content\/uploads\/2024\/05\/image-37-min-18x12.jpg 18w, https:\/\/geniwal.be\/wp-content\/uploads\/2024\/05\/image-37-min-1080x784.jpg 1080w, https:\/\/geniwal.be\/wp-content\/uploads\/2024\/05\/image-37-min-600x435.jpg 600w, https:\/\/geniwal.be\/wp-content\/uploads\/2024\/05\/image-37-min-83x60.jpg 83w, https:\/\/geniwal.be\/wp-content\/uploads\/2024\/05\/image-37-min-124x90.jpg 124w\" data-sizes=\"(max-width: 835px) 100vw, 835px\" src=\"data:image\/svg+xml;base64,PHN2ZyB3aWR0aD0iMSIgaGVpZ2h0PSIxIiB4bWxucz0iaHR0cDovL3d3dy53My5vcmcvMjAwMC9zdmciPjwvc3ZnPg==\" style=\"--smush-placeholder-width: 835px; --smush-placeholder-aspect-ratio: 835\/606;\" \/><p id=\"caption-attachment-226968\" class=\"wp-caption-text\">Modulo di registrazione<\/p><\/div>\n<\/div>\n<p><span style=\"font-family: arial, helvetica, sans-serif;\">\u00a0<\/span><\/p>\n<p><strong><span style=\"font-family: arial, helvetica, sans-serif;\">Alphonse BELIN :\u00a0<\/span><\/strong><span style=\"font-family: arial, helvetica, sans-serif;\">N. file: 75044.\u00a0 <\/span><span style=\"font-family: arial, helvetica, sans-serif;\">Cognome\/Nome: Belin Alphonse. N<\/span><span style=\"font-family: arial, helvetica, sans-serif;\">\u00e9 in : Dottignies il <\/span><span style=\"font-family: arial, helvetica, sans-serif;\">\u00a028\/10\/1889. <\/span><span style=\"font-family: arial, helvetica, sans-serif;\">Numero di registrazione: I06\/69689<\/span><\/p>\n<div id=\"attachment_226927\" style=\"width: 260px\" class=\"wp-caption alignleft\"><img decoding=\"async\" aria-describedby=\"caption-attachment-226927\" class=\"wp-image-226927 lazyload\" data-src=\"https:\/\/geniwal.be\/wp-content\/uploads\/2024\/05\/Image1-581x1024.jpg\" alt=\"\" width=\"250\" height=\"440\" data-srcset=\"https:\/\/geniwal.be\/wp-content\/uploads\/2024\/05\/Image1-581x1024.jpg 581w, https:\/\/geniwal.be\/wp-content\/uploads\/2024\/05\/Image1-170x300.jpg 170w, https:\/\/geniwal.be\/wp-content\/uploads\/2024\/05\/Image1-7x12.jpg 7w, https:\/\/geniwal.be\/wp-content\/uploads\/2024\/05\/Image1-300x529.jpg 300w, https:\/\/geniwal.be\/wp-content\/uploads\/2024\/05\/Image1-600x1057.jpg 600w, https:\/\/geniwal.be\/wp-content\/uploads\/2024\/05\/Image1-34x60.jpg 34w, https:\/\/geniwal.be\/wp-content\/uploads\/2024\/05\/Image1-51x90.jpg 51w, https:\/\/geniwal.be\/wp-content\/uploads\/2024\/05\/Image1.jpg 568w\" data-sizes=\"(max-width: 250px) 100vw, 250px\" src=\"data:image\/svg+xml;base64,PHN2ZyB3aWR0aD0iMSIgaGVpZ2h0PSIxIiB4bWxucz0iaHR0cDovL3d3dy53My5vcmcvMjAwMC9zdmciPjwvc3ZnPg==\" style=\"--smush-placeholder-width: 250px; --smush-placeholder-aspect-ratio: 250\/440;\" \/><p id=\"caption-attachment-226927\" class=\"wp-caption-text\">Foto 1<\/p><\/div>\n<div id=\"attachment_226928\" style=\"width: 260px\" class=\"wp-caption alignleft\"><img decoding=\"async\" aria-describedby=\"caption-attachment-226928\" class=\"wp-image-226928 lazyload\" data-src=\"https:\/\/geniwal.be\/wp-content\/uploads\/2024\/05\/Image2-171x300.jpg\" alt=\"\" width=\"250\" height=\"439\" data-srcset=\"https:\/\/geniwal.be\/wp-content\/uploads\/2024\/05\/Image2-171x300.jpg 171w, https:\/\/geniwal.be\/wp-content\/uploads\/2024\/05\/Image2-583x1024.jpg 583w, https:\/\/geniwal.be\/wp-content\/uploads\/2024\/05\/Image2-7x12.jpg 7w, https:\/\/geniwal.be\/wp-content\/uploads\/2024\/05\/Image2-300x527.jpg 300w, https:\/\/geniwal.be\/wp-content\/uploads\/2024\/05\/Image2-600x1054.jpg 600w, https:\/\/geniwal.be\/wp-content\/uploads\/2024\/05\/Image2-34x60.jpg 34w, https:\/\/geniwal.be\/wp-content\/uploads\/2024\/05\/Image2-51x90.jpg 51w, https:\/\/geniwal.be\/wp-content\/uploads\/2024\/05\/Image2.jpg 569w\" data-sizes=\"(max-width: 250px) 100vw, 250px\" src=\"data:image\/svg+xml;base64,PHN2ZyB3aWR0aD0iMSIgaGVpZ2h0PSIxIiB4bWxucz0iaHR0cDovL3d3dy53My5vcmcvMjAwMC9zdmciPjwvc3ZnPg==\" style=\"--smush-placeholder-width: 250px; --smush-placeholder-aspect-ratio: 250\/439;\" \/><p id=\"caption-attachment-226928\" class=\"wp-caption-text\">Foto 2<\/p><\/div>\n<p>&nbsp;<\/p>\n<p>&nbsp;<\/p>\n<p>&nbsp;<\/p>\n<p>&nbsp;<\/p>\n<p>&nbsp;<\/p>\n<p>&nbsp;<\/p>\n<p>&nbsp;<\/p>\n<p>&nbsp;<\/p>\n<p>&nbsp;<\/p>\n<p>&nbsp;<\/p>\n<p>&nbsp;<\/p>\n<p>&nbsp;<\/p>\n<p>&nbsp;<\/p>\n<div id=\"attachment_226929\" style=\"width: 350px\" class=\"wp-caption alignleft\"><img decoding=\"async\" aria-describedby=\"caption-attachment-226929\" class=\"wp-image-226929 lazyload\" data-src=\"https:\/\/geniwal.be\/wp-content\/uploads\/2024\/05\/Image3-234x300.jpg\" alt=\"\" width=\"340\" height=\"436\" data-srcset=\"https:\/\/geniwal.be\/wp-content\/uploads\/2024\/05\/Image3-234x300.jpg 234w, https:\/\/geniwal.be\/wp-content\/uploads\/2024\/05\/Image3-798x1024.jpg 798w, https:\/\/geniwal.be\/wp-content\/uploads\/2024\/05\/Image3-768x986.jpg 768w, https:\/\/geniwal.be\/wp-content\/uploads\/2024\/05\/Image3-9x12.jpg 9w, https:\/\/geniwal.be\/wp-content\/uploads\/2024\/05\/Image3-300x385.jpg 300w, https:\/\/geniwal.be\/wp-content\/uploads\/2024\/05\/Image3-600x770.jpg 600w, https:\/\/geniwal.be\/wp-content\/uploads\/2024\/05\/Image3-47x60.jpg 47w, https:\/\/geniwal.be\/wp-content\/uploads\/2024\/05\/Image3-70x90.jpg 70w, https:\/\/geniwal.be\/wp-content\/uploads\/2024\/05\/Image3.jpg 779w\" data-sizes=\"(max-width: 340px) 100vw, 340px\" src=\"data:image\/svg+xml;base64,PHN2ZyB3aWR0aD0iMSIgaGVpZ2h0PSIxIiB4bWxucz0iaHR0cDovL3d3dy53My5vcmcvMjAwMC9zdmciPjwvc3ZnPg==\" style=\"--smush-placeholder-width: 340px; --smush-placeholder-aspect-ratio: 340\/436;\" \/><p id=\"caption-attachment-226929\" class=\"wp-caption-text\">Foto 3<\/p><\/div>\n<div id=\"attachment_226947\" style=\"width: 353px\" class=\"wp-caption alignleft\"><img decoding=\"async\" aria-describedby=\"caption-attachment-226947\" class=\"wp-image-226947 lazyload\" data-src=\"https:\/\/geniwal.be\/wp-content\/uploads\/2024\/05\/Image7-238x300.jpg\" alt=\"\" width=\"343\" height=\"432\" data-srcset=\"https:\/\/geniwal.be\/wp-content\/uploads\/2024\/05\/Image7-238x300.jpg 238w, https:\/\/geniwal.be\/wp-content\/uploads\/2024\/05\/Image7-811x1024.jpg 811w, https:\/\/geniwal.be\/wp-content\/uploads\/2024\/05\/Image7-768x970.jpg 768w, https:\/\/geniwal.be\/wp-content\/uploads\/2024\/05\/Image7-10x12.jpg 10w, https:\/\/geniwal.be\/wp-content\/uploads\/2024\/05\/Image7-300x379.jpg 300w, https:\/\/geniwal.be\/wp-content\/uploads\/2024\/05\/Image7-600x758.jpg 600w, https:\/\/geniwal.be\/wp-content\/uploads\/2024\/05\/Image7-48x60.jpg 48w, https:\/\/geniwal.be\/wp-content\/uploads\/2024\/05\/Image7-71x90.jpg 71w, https:\/\/geniwal.be\/wp-content\/uploads\/2024\/05\/Image7.jpg 792w\" data-sizes=\"(max-width: 343px) 100vw, 343px\" src=\"data:image\/svg+xml;base64,PHN2ZyB3aWR0aD0iMSIgaGVpZ2h0PSIxIiB4bWxucz0iaHR0cDovL3d3dy53My5vcmcvMjAwMC9zdmciPjwvc3ZnPg==\" style=\"--smush-placeholder-width: 343px; --smush-placeholder-aspect-ratio: 343\/432;\" \/><p id=\"caption-attachment-226947\" class=\"wp-caption-text\">Foto 4<\/p><\/div>\n<p>&nbsp;<\/p>\n<p>&nbsp;<\/p>\n<p>&nbsp;<\/p>\n<p>&nbsp;<\/p>\n<p>&nbsp;<\/p>\n<p>&nbsp;<\/p>\n<p>&nbsp;<\/p>\n<p>&nbsp;<\/p>\n<p>&nbsp;<\/p>\n<p>&nbsp;<\/p>\n<p>&nbsp;<\/p>\n<p>&nbsp;<\/p>\n<p>&nbsp;<\/p>\n<p><span style=\"text-decoration: underline;\"><strong><span style=\"font-size: 14pt; font-family: arial, helvetica, sans-serif;\">Foto 1 e 2<\/span><\/strong><\/span><\/p>\n<p><span style=\"font-family: arial, helvetica, sans-serif; font-size: 14pt;\">La scheda \u00e8 praticamente incompleta?  Vengono annotati solo il cognome, il nome, il luogo e la data di nascita, l'unit\u00e0, la data e il luogo di morte.<\/span><br \/>\n<span style=\"font-family: arial, helvetica, sans-serif; font-size: 14pt;\">Dato che nell'intestazione c'\u00e8 scritto \"DECEDUTO\" a grandi lettere, mi chiedo se questo modulo sia stato fatto semplicemente per segnalare la morte del soldato. \u00c8 per questo che non viene menzionato nient'altro?<\/span><br \/>\n<span style=\"font-size: 14pt; font-family: arial, helvetica, sans-serif;\">Non ho familiarit\u00e0 con i soggetti dell'esercito, quindi non so se un soldato belga avesse normalmente un modulo come questo, ma era ben compilato e al momento della sua morte la menzione DECEDUTO era timbrata sul modulo? Il decesso veniva indicato sul modulo in tutti i casi di morte? O il decesso veniva registrato solo in caso di morte in servizio? Questo \u00e8 importante.<\/span><\/p>\n<p><span style=\"text-decoration: underline;\"><strong><span style=\"font-size: 14pt; font-family: arial, helvetica, sans-serif;\">Foto 3<\/span><\/strong><\/span><\/p>\n<p><span style=\"font-size: 14pt; font-family: arial, helvetica, sans-serif;\">Se la data aggiunta a matita \u00e8 corretta, si tratta di un documento datato 19\/10\/1921. Mi piacerebbe vedere questo documento interpretato. Ma \u00e8 piuttosto vago. Apparentemente il <em>Segretario generale<\/em> (da dove? chi?) risponde al Ministro della Difesa belga (pare che all'epoca fosse\u00a0<a href=\"https:\/\/fr.wikipedia.org\/wiki\/Albert_Dev%C3%A8ze\">Albert Dev\u00e8ze<\/a>). Gli atti di stato civile n. 7061 e 22887 sono stati restituiti al Ministro...<br \/>\nL'oggetto di questa lettera era la ricerca di 3 soldati, forse prigionieri in Germania: Auguste Georlette, Otton Chrispeels e Alphonse Belin. In questa lettera si dice al Ministro che attualmente \u00e8 difficile confermare che questi soldati siano stati prigionieri in Germania e che sono necessarie ulteriori informazioni su queste persone prima di poter effettuare ulteriori ricerche. Molti interrogativi sorgono spontanei. Alphonse \u00e8 morto nel febbraio 1916. Perch\u00e9 stiamo cercando di scoprire se \u00e8 stato fatto prigioniero dai tedeschi? Stiamo cercando di pagare loro un tributo\/titolo postumo dopo la guerra? Non capisco bene. Nell'angolo in alto a sinistra vedo il numero del fascicolo, ma non capisco gli altri numeri. In basso, a cosa corrisponde il Mod. n\u00ba I52?<\/span><br \/>\n<span style=\"font-family: arial, helvetica, sans-serif; font-size: 14pt;\">Forse questi numeri si riferiscono ad altri documenti disponibili?<\/span><\/p>\n<p><span style=\"text-decoration: underline;\"><strong><span style=\"font-family: arial, helvetica, sans-serif; font-size: 14pt;\">Foto 4<\/span><\/strong><\/span><\/p>\n<p><span style=\"font-family: arial, helvetica, sans-serif; font-size: 14pt;\">La parte superiore \u00e8 un po' sbiadita ma riesco a leggere: 19 ottobre 1921 \/ 2nd division rue? Jac? 75044\/5927 (numero di pratica di Alphonse + numero di pratica dell'altro soldato)\u00a0<\/span><br \/>\n<span style=\"font-family: arial, helvetica, sans-serif; font-size: 14pt;\">Per il destinatario, deduco che dice <em>Caro Ministro<\/em>. Mi sembra che questa sia la lettera dattiloscritta e che la lettera nella foto 3 sia la bozza.<\/span><\/p>\n<p><span style=\"font-family: arial, helvetica, sans-serif; font-size: 14pt;\">C'\u00e8 scritto 3 allegati, domanda: quali sono? Gli atti di stato civile delle 3 persone?<\/span><\/p>\n<p><span style=\"font-family: arial, helvetica, sans-serif; font-size: 14pt;\">Sono un po' confuso sull'argomento. Che cosa significa? Perch\u00e9 e chi sta cercando di scoprire che questi uomini sono stati fatti prigionieri dai tedeschi 3 anni dopo la guerra, sapendo che Alphonse era gi\u00e0 morto?<\/span><\/p>\n<p style=\"text-align: center;\"><span style=\"font-size: 14pt; font-family: arial, helvetica, sans-serif;\"><strong>Alphonse BELIN<\/strong> \u00e8 la prima persona della 2\u00aa fila a sinistra della foto<\/span><\/p>\n<div id=\"attachment_226954\" style=\"width: 738px\" class=\"wp-caption aligncenter\"><img decoding=\"async\" aria-describedby=\"caption-attachment-226954\" class=\"wp-image-226954 lazyload\" data-src=\"https:\/\/geniwal.be\/wp-content\/uploads\/2024\/05\/Depart-Classe-1909-6e-regiment-de-ligne-belge-Alphonse-BELIN-1-1024x672.jpg\" alt=\"\" width=\"728\" height=\"478\" data-srcset=\"https:\/\/geniwal.be\/wp-content\/uploads\/2024\/05\/Depart-Classe-1909-6e-regiment-de-ligne-belge-Alphonse-BELIN-1-1024x672.jpg 1024w, https:\/\/geniwal.be\/wp-content\/uploads\/2024\/05\/Depart-Classe-1909-6e-regiment-de-ligne-belge-Alphonse-BELIN-1-300x197.jpg 300w, https:\/\/geniwal.be\/wp-content\/uploads\/2024\/05\/Depart-Classe-1909-6e-regiment-de-ligne-belge-Alphonse-BELIN-1-768x504.jpg 768w, https:\/\/geniwal.be\/wp-content\/uploads\/2024\/05\/Depart-Classe-1909-6e-regiment-de-ligne-belge-Alphonse-BELIN-1-1536x1008.jpg 1536w, https:\/\/geniwal.be\/wp-content\/uploads\/2024\/05\/Depart-Classe-1909-6e-regiment-de-ligne-belge-Alphonse-BELIN-1-2048x1344.jpg 2048w, https:\/\/geniwal.be\/wp-content\/uploads\/2024\/05\/Depart-Classe-1909-6e-regiment-de-ligne-belge-Alphonse-BELIN-1-18x12.jpg 18w, https:\/\/geniwal.be\/wp-content\/uploads\/2024\/05\/Depart-Classe-1909-6e-regiment-de-ligne-belge-Alphonse-BELIN-1-1080x709.jpg 1080w, https:\/\/geniwal.be\/wp-content\/uploads\/2024\/05\/Depart-Classe-1909-6e-regiment-de-ligne-belge-Alphonse-BELIN-1-600x394.jpg 600w, https:\/\/geniwal.be\/wp-content\/uploads\/2024\/05\/Depart-Classe-1909-6e-regiment-de-ligne-belge-Alphonse-BELIN-1-91x60.jpg 91w, https:\/\/geniwal.be\/wp-content\/uploads\/2024\/05\/Depart-Classe-1909-6e-regiment-de-ligne-belge-Alphonse-BELIN-1-137x90.jpg 137w, https:\/\/geniwal.be\/wp-content\/uploads\/2024\/05\/Depart-Classe-1909-6e-regiment-de-ligne-belge-Alphonse-BELIN-1-scaled.jpg 1200w\" data-sizes=\"(max-width: 728px) 100vw, 728px\" src=\"data:image\/svg+xml;base64,PHN2ZyB3aWR0aD0iMSIgaGVpZ2h0PSIxIiB4bWxucz0iaHR0cDovL3d3dy53My5vcmcvMjAwMC9zdmciPjwvc3ZnPg==\" style=\"--smush-placeholder-width: 728px; --smush-placeholder-aspect-ratio: 728\/478;\" \/><p id=\"caption-attachment-226954\" class=\"wp-caption-text\">Risposta ricevuta sulla foto nel forum 14-18: \"Se c'\u00e8 scritto 'partenza della classe del 1909', significa partenza per la guerra?\". \"No, piuttosto che i coscritti della classe del 1909 sono stati congedati e stanno tornando a casa. Tutti gli uomini hanno un pezzo di carta infilato nella giacca, forse una lettera di vettura per il ritorno a casa. \u00c8 probabile che questi soldati appartengano al 6\u00b0 reggimento di linea (Anversa) e che siano venuti al campo di Beverloo per partecipare a un'ultima grande manovra prima del congedo. In questo caso, con 15 mesi di servizio per la fanteria, la foto risalirebbe al 1911 circa. In ogni caso, le uniformi sono anteguerra.<\/p><\/div>\n<p>&nbsp;<\/p>\n<p style=\"text-align: center;\"><span style=\"font-size: 14pt; font-family: arial, helvetica, sans-serif;\">In<strong>formazione complementare per BELIN Alphonse \u00e8 ben registrato nel 6<sup>th<\/sup>\u00a0Reggimento di linea\u00a0<\/strong><\/span><\/p>\n<p><img decoding=\"async\" class=\"wp-image-226956 aligncenter lazyload\" data-src=\"https:\/\/geniwal.be\/wp-content\/uploads\/2024\/05\/Fiche-1024x539.png\" alt=\"\" width=\"446\" height=\"235\" data-srcset=\"https:\/\/geniwal.be\/wp-content\/uploads\/2024\/05\/Fiche-1024x539.png 1024w, https:\/\/geniwal.be\/wp-content\/uploads\/2024\/05\/Fiche-300x158.png 300w, https:\/\/geniwal.be\/wp-content\/uploads\/2024\/05\/Fiche-768x405.png 768w, https:\/\/geniwal.be\/wp-content\/uploads\/2024\/05\/Fiche-18x9.png 18w, https:\/\/geniwal.be\/wp-content\/uploads\/2024\/05\/Fiche-1080x569.png 1080w, https:\/\/geniwal.be\/wp-content\/uploads\/2024\/05\/Fiche-600x316.png 600w, https:\/\/geniwal.be\/wp-content\/uploads\/2024\/05\/Fiche-114x60.png 114w, https:\/\/geniwal.be\/wp-content\/uploads\/2024\/05\/Fiche-171x90.png 171w, https:\/\/geniwal.be\/wp-content\/uploads\/2024\/05\/Fiche.png 1139w\" data-sizes=\"(max-width: 446px) 100vw, 446px\" src=\"data:image\/svg+xml;base64,PHN2ZyB3aWR0aD0iMSIgaGVpZ2h0PSIxIiB4bWxucz0iaHR0cDovL3d3dy53My5vcmcvMjAwMC9zdmciPjwvc3ZnPg==\" style=\"--smush-placeholder-width: 446px; --smush-placeholder-aspect-ratio: 446\/235;\" \/><\/p>\n<p>&nbsp;<\/p>\n<p>&nbsp;<\/p>\n<p style=\"text-align: left;\"><em><span style=\"font-family: arial, helvetica, sans-serif;\"><strong>Testo e immagine: Am\u00e9lie VANHOUTE\u00a0<\/strong><\/span><\/em><br \/>\n<em><span style=\"font-family: arial, helvetica, sans-serif;\"><strong>Copyright G\u00e9niWal a.s.b.l : <\/strong><\/span><span style=\"font-family: arial, helvetica, sans-serif;\"><strong>Riproduzione vietata senza l'accordo scritto delle parti.<br \/>\nPer contattare Am\u00e9lie VANHOUTE : <a href=\"mailto:geniwal@gmail.com\">geniwal@gmail.com<\/a> che inoltrer\u00e0 il vostro messaggio alla signora VANHOUTE<\/strong><\/span><\/em><\/p>\n<p>&nbsp;<\/p>\n<p>&nbsp;<\/p>\n<p>&nbsp;<\/p>\n<p>&nbsp;<\/p>\n<p>&nbsp;<\/p>\n<p>&nbsp;<\/p>\n<p>&nbsp;<\/p>\n<p>&nbsp;<\/p>\n<p>&nbsp;<\/p>\n<p>&nbsp;<\/p>\n<p>&nbsp;<\/p>","protected":false},"excerpt":{"rendered":"<p>Une recherche sur\u00a0 Alphonse BELIN &nbsp; En commen\u00e7ant mes recherches g\u00e9n\u00e9alogiques il y a un peu plus de 3 ans j&rsquo;ai d\u00e9couvert l&rsquo;existence de mon arri\u00e8re- grand-p\u00e8re \u00c9mile Belin. Personne [&hellip;]<\/p>\n","protected":false},"author":2,"featured_media":226941,"comment_status":"closed","ping_status":"open","sticky":true,"template":"","format":"standard","meta":{"_et_pb_use_builder":"","_et_pb_old_content":"","_et_gb_content_width":"","footnotes":""},"categories":[88,78],"tags":[],"class_list":["post-226917","post","type-post","status-publish","format-standard","has-post-thumbnail","hentry","category-archives-militaires","category-recherche-14-18","et-has-post-format-content","et_post_format-et-post-format-standard"],"aioseo_notices":[],"_links":{"self":[{"href":"https:\/\/geniwal.be\/it\/wp-json\/wp\/v2\/posts\/226917","targetHints":{"allow":["GET"]}}],"collection":[{"href":"https:\/\/geniwal.be\/it\/wp-json\/wp\/v2\/posts"}],"about":[{"href":"https:\/\/geniwal.be\/it\/wp-json\/wp\/v2\/types\/post"}],"author":[{"embeddable":true,"href":"https:\/\/geniwal.be\/it\/wp-json\/wp\/v2\/users\/2"}],"replies":[{"embeddable":true,"href":"https:\/\/geniwal.be\/it\/wp-json\/wp\/v2\/comments?post=226917"}],"version-history":[{"count":45,"href":"https:\/\/geniwal.be\/it\/wp-json\/wp\/v2\/posts\/226917\/revisions"}],"predecessor-version":[{"id":227954,"href":"https:\/\/geniwal.be\/it\/wp-json\/wp\/v2\/posts\/226917\/revisions\/227954"}],"wp:featuredmedia":[{"embeddable":true,"href":"https:\/\/geniwal.be\/it\/wp-json\/wp\/v2\/media\/226941"}],"wp:attachment":[{"href":"https:\/\/geniwal.be\/it\/wp-json\/wp\/v2\/media?parent=226917"}],"wp:term":[{"taxonomy":"category","embeddable":true,"href":"https:\/\/geniwal.be\/it\/wp-json\/wp\/v2\/categories?post=226917"},{"taxonomy":"post_tag","embeddable":true,"href":"https:\/\/geniwal.be\/it\/wp-json\/wp\/v2\/tags?post=226917"}],"curies":[{"name":"wp","href":"https:\/\/api.w.org\/{rel}","templated":true}]}}