{"id":227852,"date":"2025-08-24T09:36:42","date_gmt":"2025-08-24T07:36:42","guid":{"rendered":"https:\/\/geniwal.be\/?p=227852"},"modified":"2025-12-09T19:44:17","modified_gmt":"2025-12-09T18:44:17","slug":"rhisnes-un-patrimoine-funeraire-a-travers-ses-epitaphes","status":"publish","type":"post","link":"https:\/\/geniwal.be\/it\/nos-pistes\/pistes-genealogiques-en-belgique\/cimetiere\/rhisnes-un-patrimoine-funeraire-a-travers-ses-epitaphes\/","title":{"rendered":"Rhisnes, un patrimonio funerario attraverso i suoi epitaffi"},"content":{"rendered":"<p>&nbsp;<\/p>\n<div id=\"attachment_227854\" style=\"width: 209px\" class=\"wp-caption alignleft\"><img decoding=\"async\" aria-describedby=\"caption-attachment-227854\" class=\"wp-image-227854 size-medium lazyload\" data-src=\"https:\/\/geniwal.be\/wp-content\/uploads\/2025\/08\/Eglise-de-Rhisnes-199x300.jpg\" alt=\"\" width=\"199\" height=\"300\" data-srcset=\"https:\/\/geniwal.be\/wp-content\/uploads\/2025\/08\/Eglise-de-Rhisnes-199x300.jpg 199w, https:\/\/geniwal.be\/wp-content\/uploads\/2025\/08\/Eglise-de-Rhisnes-681x1024.jpg 681w, https:\/\/geniwal.be\/wp-content\/uploads\/2025\/08\/Eglise-de-Rhisnes-768x1155.jpg 768w, https:\/\/geniwal.be\/wp-content\/uploads\/2025\/08\/Eglise-de-Rhisnes-1021x1536.jpg 1021w, https:\/\/geniwal.be\/wp-content\/uploads\/2025\/08\/Eglise-de-Rhisnes-1362x2048.jpg 1362w, https:\/\/geniwal.be\/wp-content\/uploads\/2025\/08\/Eglise-de-Rhisnes-8x12.jpg 8w, https:\/\/geniwal.be\/wp-content\/uploads\/2025\/08\/Eglise-de-Rhisnes-1080x1624.jpg 1080w, https:\/\/geniwal.be\/wp-content\/uploads\/2025\/08\/Eglise-de-Rhisnes-300x451.jpg 300w, https:\/\/geniwal.be\/wp-content\/uploads\/2025\/08\/Eglise-de-Rhisnes-600x902.jpg 600w, https:\/\/geniwal.be\/wp-content\/uploads\/2025\/08\/Eglise-de-Rhisnes-40x60.jpg 40w, https:\/\/geniwal.be\/wp-content\/uploads\/2025\/08\/Eglise-de-Rhisnes-60x90.jpg 60w, https:\/\/geniwal.be\/wp-content\/uploads\/2025\/08\/Eglise-de-Rhisnes-scaled.jpg 665w\" data-sizes=\"(max-width: 199px) 100vw, 199px\" src=\"data:image\/svg+xml;base64,PHN2ZyB3aWR0aD0iMSIgaGVpZ2h0PSIxIiB4bWxucz0iaHR0cDovL3d3dy53My5vcmcvMjAwMC9zdmciPjwvc3ZnPg==\" style=\"--smush-placeholder-width: 199px; --smush-placeholder-aspect-ratio: 199\/300;\" \/><p id=\"caption-attachment-227854\" class=\"wp-caption-text\">La chiesa di Saint Dizier de Rhisnes (la Bruy\u00e8re) Namur<\/p><\/div>\n<div id=\"attachment_227859\" style=\"width: 209px\" class=\"wp-caption alignright\"><img decoding=\"async\" aria-describedby=\"caption-attachment-227859\" class=\"wp-image-227859 size-medium lazyload\" data-src=\"https:\/\/geniwal.be\/wp-content\/uploads\/2025\/08\/DSC_9544-199x300.jpg\" alt=\"\" width=\"199\" height=\"300\" data-srcset=\"https:\/\/geniwal.be\/wp-content\/uploads\/2025\/08\/DSC_9544-199x300.jpg 199w, https:\/\/geniwal.be\/wp-content\/uploads\/2025\/08\/DSC_9544-681x1024.jpg 681w, https:\/\/geniwal.be\/wp-content\/uploads\/2025\/08\/DSC_9544-768x1155.jpg 768w, https:\/\/geniwal.be\/wp-content\/uploads\/2025\/08\/DSC_9544-1021x1536.jpg 1021w, https:\/\/geniwal.be\/wp-content\/uploads\/2025\/08\/DSC_9544-1362x2048.jpg 1362w, https:\/\/geniwal.be\/wp-content\/uploads\/2025\/08\/DSC_9544-8x12.jpg 8w, https:\/\/geniwal.be\/wp-content\/uploads\/2025\/08\/DSC_9544-1080x1624.jpg 1080w, https:\/\/geniwal.be\/wp-content\/uploads\/2025\/08\/DSC_9544-300x451.jpg 300w, https:\/\/geniwal.be\/wp-content\/uploads\/2025\/08\/DSC_9544-600x902.jpg 600w, https:\/\/geniwal.be\/wp-content\/uploads\/2025\/08\/DSC_9544-40x60.jpg 40w, https:\/\/geniwal.be\/wp-content\/uploads\/2025\/08\/DSC_9544-60x90.jpg 60w, https:\/\/geniwal.be\/wp-content\/uploads\/2025\/08\/DSC_9544-scaled.jpg 665w\" data-sizes=\"(max-width: 199px) 100vw, 199px\" src=\"data:image\/svg+xml;base64,PHN2ZyB3aWR0aD0iMSIgaGVpZ2h0PSIxIiB4bWxucz0iaHR0cDovL3d3dy53My5vcmcvMjAwMC9zdmciPjwvc3ZnPg==\" style=\"--smush-placeholder-width: 199px; --smush-placeholder-aspect-ratio: 199\/300;\" \/><p id=\"caption-attachment-227859\" class=\"wp-caption-text\">Antica tomba nel cimitero<\/p><\/div>\n<p><span style=\"font-family: arial, helvetica, sans-serif; font-size: 14pt;\">Il compito di trascrivere un cimitero consiste nel registrare, conservare e valorizzare le informazioni incise sulle lapidi. Ogni iscrizione - sia essa un nome, una data o un epitaffio - \u00e8 un frammento di memoria, una testimonianza del passato e una fonte preziosa per la ricerca storica e genealogica.<\/span><\/p>\n<p><span style=\"font-family: arial, helvetica, sans-serif; font-size: 14pt;\">Il processo inizia con un <strong>indagine sistematica<\/strong> tombe: localizzare le tombe, fotografare i monumenti, quindi trascrivere fedelmente le iscrizioni. Questo lavoro richiede rigore e attenzione, poich\u00e9 le pietre antiche sono talvolta alterate dal tempo, rendendo i testi difficili da decifrare.<\/span><\/p>\n<p><span style=\"font-family: arial, helvetica, sans-serif; font-size: 14pt;\">Una volta trascritti, questi dati vengono <strong>strutturati e inseriti nella nostra banca dati \u00abIsadora\u00bb.\u00bb<\/strong> (cognomi, nomi, date di nascita e di morte, generalit\u00e0, professioni, titoli, ecc.) Questo ordine consente a ricercatori, discendenti e appassionati di patrimonio di accedere facilmente alle informazioni.<\/span><\/p>\n<p><span style=\"font-family: arial, helvetica, sans-serif; font-size: 14pt;\">Al di l\u00e0 della dimensione pratica, la trascrizione dei cimiteri svolge un ruolo importante. <strong>patrimonio e memoria<\/strong> :<\/span><br \/>\n<span style=\"font-family: arial, helvetica, sans-serif; font-size: 14pt;\">Salva le iscrizioni in pericolo.<\/span><br \/>\n<span style=\"font-family: arial, helvetica, sans-serif; font-size: 14pt;\">Fa rivivere le generazioni passate.<br \/>\nE<\/span><span style=\"font-family: arial, helvetica, sans-serif; font-size: 14pt;\">Fa luce sull'evoluzione delle pratiche funerarie, dell'arte funeraria e della storia locale.<br \/>\n<\/span><span style=\"font-family: arial, helvetica, sans-serif; font-size: 14pt;\">In questo modo, il cimitero non \u00e8 pi\u00f9 solo un luogo di memoria, ma anche un luogo di culto. <strong>libro di pietra<\/strong> dove ogni tomba racconta una storia, che la trascrizione permette di conservare e tramandare.<\/span><\/p>\n<p><span style=\"font-family: arial, helvetica, sans-serif; font-size: 14pt; color: #ff0000;\"><strong data-start=\"240\" data-end=\"259\">Nota importante:<br \/>\n<\/strong><\/span><br data-start=\"259\" data-end=\"262\" \/><span style=\"font-family: arial, helvetica, sans-serif; font-size: 14pt; color: #ff0000;\">La trascrizione delle lapidi del cimitero riguarda solo i vecchi monumenti ancora presenti e leggibili.<\/span><br data-start=\"386\" data-end=\"389\" \/><span style=\"font-family: arial, helvetica, sans-serif; font-size: 14pt; color: #ff0000;\">Sono state prese solo le iscrizioni decifrabili. Ove possibile, abbiamo verificato le informazioni sulla base dei certificati di nascita disponibili sul sito web. <strong data-start=\"569\" data-end=\"579\">AGATHA<\/strong>.<\/span><br data-start=\"580\" data-end=\"583\" \/><span style=\"font-family: arial, helvetica, sans-serif; font-size: 14pt; color: #ff0000;\">Tuttavia, \u00e8 possibile che rimangano alcuni errori, poich\u00e9 le informazioni incise sui monumenti non sono sempre accurate o complete.<\/span><\/p>\n<p><span style=\"color: #0000ff;\"><strong><span style=\"font-family: arial, helvetica, sans-serif;\"><a style=\"color: #0000ff;\" href=\"https:\/\/geniwal.be\/wp-content\/uploads\/2025\/08\/NOMS-DE-PERSONNES-TROUVEE-SUR-LES-MONUMENTS.pdf\">NOMI DI PERSONE TROVATI SUI MONUMENTI<\/a><\/span><\/strong><\/span><\/p>\n<p><span style=\"font-family: arial, helvetica, sans-serif; color: #0000ff;\"><strong><a style=\"color: #0000ff;\" href=\"https:\/\/geniwal.be\/wp-content\/uploads\/2025\/08\/MOMUMENT-FUNERAIRE-DU-CIMETIERE-DE-RHISNES-NAMUR-1-.pdf\">MONUMENTI FUNERARI DEL CIMITERO DI RHISNES (NAMUR) 1<\/a><\/strong><\/span><\/p>\n<h2 data-start=\"505\" data-end=\"546\"><span style=\"font-size: 14pt;\">\u26ea <span style=\"font-family: arial, helvetica, sans-serif;\"><strong data-start=\"510\" data-end=\"546\">La chiesa di Saint-Didier a Rhisnes<\/strong><\/span><\/span><\/h2>\n<p data-start=\"549\" data-end=\"638\"><span style=\"font-size: 14pt;\"><span style=\"font-family: arial, helvetica, sans-serif;\"><strong data-start=\"549\" data-end=\"571\">Prime menzioni<\/strong> gi\u00e0 citato nel 1381 come <em data-start=\"599\" data-end=\"635\">\u00abLa chiesa di Saint Dezier a Rienez\u00bb<\/em>.<\/span><\/span><\/p>\n<p><span style=\"font-family: arial, helvetica, sans-serif;\"><strong data-start=\"641\" data-end=\"659\">Edificio attuale<\/strong> :<br \/>\n<\/span><span style=\"font-family: arial, helvetica, sans-serif;\">Costruito tra <\/span><strong style=\"font-family: arial, helvetica, sans-serif;\" data-start=\"684\" data-end=\"700\">1841 e 1845<\/strong><span style=\"font-family: arial, helvetica, sans-serif;\">, in uno stile <\/span><strong style=\"font-family: arial, helvetica, sans-serif;\" data-start=\"716\" data-end=\"746\">neoromano e neoclassico<\/strong><span style=\"font-family: arial, helvetica, sans-serif;\">.<br \/>\n<\/span><span style=\"font-family: arial, helvetica, sans-serif;\">Campanile ricostruito nel <\/span><strong style=\"font-family: arial, helvetica, sans-serif;\" data-start=\"777\" data-end=\"785\">1948<\/strong><span style=\"font-family: arial, helvetica, sans-serif;\"> dopo essere stato distrutto durante la Seconda Guerra Mondiale.<br \/>\n<\/span><strong style=\"font-family: arial, helvetica, sans-serif;\" data-start=\"850\" data-end=\"870\">Caratteristiche<\/strong><span style=\"font-family: arial, helvetica, sans-serif;\"> :<br \/>\n<\/span><span style=\"font-family: arial, helvetica, sans-serif;\">Sobria pianta basilicale, tipica del XIX\u1d49 secolo.<br \/>\n<\/span><span style=\"font-family: arial, helvetica, sans-serif;\">Torre massiccia sormontata da una moderna guglia.<br \/>\n<\/span><span style=\"font-family: arial, helvetica, sans-serif;\">All'interno: altari secondari dedicati alla Vergine Maria e a San Giuseppe.<\/span><\/p>\n<h2 data-start=\"60\" data-end=\"106\"><span style=\"font-family: arial, helvetica, sans-serif; font-size: 14pt;\">\u271d\ufe0f <strong data-start=\"66\" data-end=\"106\">San Didier (o Dizier, Desiderius)<\/strong><\/span><\/h2>\n<p data-start=\"109\" data-end=\"167\"><span style=\"font-size: 12pt;\"><span style=\"font-family: arial, helvetica, sans-serif;\">Vescovo di <strong data-start=\"119\" data-end=\"130\">Langres<\/strong> (in Borgogna) a <strong data-start=\"149\" data-end=\"164\">III\u1d49 secolo<\/strong>.<br \/>\n<\/span><span style=\"font-family: arial, helvetica, sans-serif;\">Martirizzato intorno al 355 (secondo la tradizione), ucciso dagli invasori mentre cercava di proteggere il suo popolo.<br \/>\n<\/span><span style=\"font-family: arial, helvetica, sans-serif;\">Il suo culto si diffuse in tutta l'Europa medievale, in particolare in Francia e in Belgio.<br \/>\n<\/span><span style=\"font-family: arial, helvetica, sans-serif;\">Spesso invocata come protettrice dei raccolti e contro la<\/span> calamit\u00e0.<\/span><br \/>\n<span style=\"font-size: 12pt; font-family: arial, helvetica, sans-serif;\">La sua festa si celebra il <strong data-start=\"485\" data-end=\"495\">23 maggio<\/strong>.<\/span><\/p>\n<p>&nbsp;<\/p>\n<ul data-start=\"547\" data-end=\"1056\">\n<li style=\"list-style-type: none;\" data-start=\"848\" data-end=\"1056\"><\/li>\n<\/ul>","protected":false},"excerpt":{"rendered":"<p>&nbsp; Le travail de transcription d\u2019un cimeti\u00e8re consiste \u00e0 relever, conserver et valoriser les informations grav\u00e9es sur les pierres tombales. Chaque inscription \u2013 qu\u2019il s\u2019agisse d\u2019un nom, d\u2019une date ou [&hellip;]<\/p>\n","protected":false},"author":2,"featured_media":227854,"comment_status":"closed","ping_status":"open","sticky":false,"template":"","format":"standard","meta":{"_et_pb_use_builder":"","_et_pb_old_content":"","_et_gb_content_width":"","footnotes":""},"categories":[75],"tags":[],"class_list":["post-227852","post","type-post","status-publish","format-standard","has-post-thumbnail","hentry","category-cimetiere","et-has-post-format-content","et_post_format-et-post-format-standard"],"aioseo_notices":[],"_links":{"self":[{"href":"https:\/\/geniwal.be\/it\/wp-json\/wp\/v2\/posts\/227852","targetHints":{"allow":["GET"]}}],"collection":[{"href":"https:\/\/geniwal.be\/it\/wp-json\/wp\/v2\/posts"}],"about":[{"href":"https:\/\/geniwal.be\/it\/wp-json\/wp\/v2\/types\/post"}],"author":[{"embeddable":true,"href":"https:\/\/geniwal.be\/it\/wp-json\/wp\/v2\/users\/2"}],"replies":[{"embeddable":true,"href":"https:\/\/geniwal.be\/it\/wp-json\/wp\/v2\/comments?post=227852"}],"version-history":[{"count":23,"href":"https:\/\/geniwal.be\/it\/wp-json\/wp\/v2\/posts\/227852\/revisions"}],"predecessor-version":[{"id":227883,"href":"https:\/\/geniwal.be\/it\/wp-json\/wp\/v2\/posts\/227852\/revisions\/227883"}],"wp:featuredmedia":[{"embeddable":true,"href":"https:\/\/geniwal.be\/it\/wp-json\/wp\/v2\/media\/227854"}],"wp:attachment":[{"href":"https:\/\/geniwal.be\/it\/wp-json\/wp\/v2\/media?parent=227852"}],"wp:term":[{"taxonomy":"category","embeddable":true,"href":"https:\/\/geniwal.be\/it\/wp-json\/wp\/v2\/categories?post=227852"},{"taxonomy":"post_tag","embeddable":true,"href":"https:\/\/geniwal.be\/it\/wp-json\/wp\/v2\/tags?post=227852"}],"curies":[{"name":"wp","href":"https:\/\/api.w.org\/{rel}","templated":true}]}}