{"id":227945,"date":"2025-12-17T19:46:49","date_gmt":"2025-12-17T18:46:49","guid":{"rendered":"https:\/\/geniwal.be\/?p=227945"},"modified":"2025-12-17T20:26:52","modified_gmt":"2025-12-17T19:26:52","slug":"la-paroisse-doizy-en-province-du-luxembourg-belge","status":"publish","type":"post","link":"https:\/\/geniwal.be\/it\/nos-pistes\/pistes-genealogiques-en-belgique\/la-paroisse-doizy-en-province-du-luxembourg-belge\/","title":{"rendered":"La parrocchia di OIZY nella provincia del Lussemburgo belga"},"content":{"rendered":"<h2 data-start=\"257\" data-end=\"285\"><span style=\"font-size: 16pt; font-family: georgia, palatino, serif;\"><strong data-start=\"260\" data-end=\"283\">La parrocchia di Oizy <\/strong><em data-start=\"286\" data-end=\"321\">Provincia di Lussemburgo - Belgio<\/em><\/span><\/h2>\n<p data-start=\"323\" data-end=\"626\"><span style=\"font-family: georgia, palatino, serif; font-size: 16pt;\">Situato nel cuore delle Ardenne belghe, nella zona di <strong data-start=\"366\" data-end=\"392\">provincia di Lussemburgo<\/strong>, la parrocchia di <strong data-start=\"409\" data-end=\"417\">Oizy<\/strong> ha un'antica storia religiosa profondamente legata alla vita rurale della regione. Per diversi secoli \u00e8 stato un importante centro spirituale per i villaggi e le frazioni circostanti.<\/span><\/p>\n<hr data-start=\"628\" data-end=\"631\" \/>\n<h3 data-start=\"633\" data-end=\"683\"><span style=\"font-family: georgia, palatino, serif; font-size: 16pt;\"><strong data-start=\"637\" data-end=\"683\">Un'antica parrocchia con un ampio territorio<\/strong><\/span><\/h3>\n<p data-start=\"685\" data-end=\"1016\"><span style=\"font-family: georgia, palatino, serif; font-size: 16pt;\">Fin dal Medioevo, Oizy si \u00e8 affermata come un'importante <strong data-start=\"727\" data-end=\"744\">madre parrocchia<\/strong> da cui dipendevano molte citt\u00e0. Il suo territorio comprendeva <strong data-start=\"823\" data-end=\"837\">Baillamont<\/strong>, <strong data-start=\"839\" data-end=\"853\">Waillamont<\/strong>, <strong data-start=\"855\" data-end=\"865\">Aisie<\/strong>il <strong data-start=\"870\" data-end=\"887\">Casa a rischio<\/strong>, I mulini sono conosciuti come Rouillaumoulin, Royaumoulin e Ruaumoulin.<\/span><\/p>\n<p data-start=\"1018\" data-end=\"1470\"><span style=\"font-family: georgia, palatino, serif; font-size: 16pt;\">Nel XVI\u1d49 secolo, di fronte alla lontananza delle frazioni e all'aumento della popolazione, alcuni <strong data-start=\"1115\" data-end=\"1147\">riorganizzazioni parrocchiali<\/strong> sono in funzione. Visita <strong data-start=\"1172\" data-end=\"1180\">1586<\/strong>, <strong data-start=\"1182\" data-end=\"1195\">Gros-Fays<\/strong>, con <strong data-start=\"1202\" data-end=\"1216\">Sei piani<\/strong> e <strong data-start=\"1220\" data-end=\"1233\">Cornimont<\/strong>, e <strong data-start=\"1245\" data-end=\"1258\">Chairi\u00e8re<\/strong>, Queste furono staccate dalla parrocchia di Oizy per diventare entit\u00e0 indipendenti. Furono create anche altre cappelle, in particolare a <strong data-start=\"1390\" data-end=\"1404\">Petit-Fays<\/strong> e <strong data-start=\"1410\" data-end=\"1421\">Monceau<\/strong>, facilitando il culto dei residenti.<\/span><\/p>\n<hr data-start=\"1472\" data-end=\"1475\" \/>\n<h3 data-start=\"1477\" data-end=\"1520\"><span style=\"font-family: georgia, palatino, serif; font-size: 16pt;\"><strong data-start=\"1481\" data-end=\"1520\">Archivi e organizzazione religiosa<\/strong><\/span><\/h3>\n<p data-start=\"1522\" data-end=\"1796\"><span style=\"font-family: georgia, palatino, serif; font-size: 16pt;\">L'archivio parrocchiale di Oizy contiene importanti documenti in lingua latina relativi alla\u2019<strong data-start=\"1612\" data-end=\"1637\">costruzione di cappelle<\/strong> e alla creazione di nuove parrocchie alla fine del XVI\u1d49 secolo. Questi testi testimoniano l'importante ruolo amministrativo e spirituale svolto da Oizy nella regione.<\/span><\/p>\n<p data-start=\"1798\" data-end=\"2166\"><span style=\"font-family: georgia, palatino, serif; font-size: 16pt;\">Nel corso dei secoli, molti <strong data-start=\"1830\" data-end=\"1851\">parroci e vicari<\/strong> si sono succeduti alla guida della parrocchia. Alcuni hanno esercitato il loro ministero per lunghi periodi, lasciando un segno profondo nella comunit\u00e0 locale grazie al loro impegno pastorale. Tra di loro ci sono, <strong data-start=\"2039\" data-end=\"2055\">Jean Collart<\/strong>, che fu parroco dal 1685 al 1738, amministr\u00f2 la parrocchia per pi\u00f9 di cinquant'anni e fu sepolto nella chiesa di Oizy.<\/span><\/p>\n<hr data-start=\"2168\" data-end=\"2171\" \/>\n<h3 data-start=\"2173\" data-end=\"2201\"><span style=\"font-family: georgia, palatino, serif; font-size: 16pt;\"><strong data-start=\"2177\" data-end=\"2201\">La chiesa parrocchiale<\/strong><\/span><\/h3>\n<p data-start=\"2203\" data-end=\"2567\"><span style=\"font-family: georgia, palatino, serif; font-size: 16pt;\">La chiesa di Oizy \u00e8 il cuore storico e spirituale del villaggio. \u00c8 stata arricchita nel <strong data-start=\"2289\" data-end=\"2297\">1703<\/strong> a <strong data-start=\"2304\" data-end=\"2324\">sedia della verit\u00e0<\/strong> Questo notevole edificio, commissionato sotto il pastorato di Philippe de Bouillon, illustra l'importanza attribuita alla predicazione e all'insegnamento religioso. L'edificio, che \u00e8 stato mantenuto e modificato nel corso degli anni, rimane una parte fondamentale del patrimonio locale.<\/span><\/p>\n<hr data-start=\"2569\" data-end=\"2572\" \/>\n<h3 data-start=\"2574\" data-end=\"2608\"><span style=\"font-family: georgia, palatino, serif; font-size: 16pt;\"><strong data-start=\"2578\" data-end=\"2608\">Dal XIX\u1d49 secolo a oggi<\/strong><\/span><\/h3>\n<p data-start=\"2610\" data-end=\"2880\"><span style=\"font-family: georgia, palatino, serif; font-size: 16pt;\">Nei secoli XIX\u1d49 e XX\u1d49, la parrocchia continu\u00f2 a svolgere un ruolo essenziale nella vita religiosa e sociale di Oizy. I sacerdoti in servizio, spesso attivi in diversi villaggi limitrofi, hanno accompagnato gli abitanti nei principali cambiamenti della societ\u00e0 rurale.<\/span><\/p>\n<p data-start=\"2882\" data-end=\"3085\"><span style=\"font-family: georgia, palatino, serif; font-size: 16pt;\">Sebbene la presenza permanente di un parroco sia scomparsa, la parrocchia ha mantenuto tutte le sue caratteristiche. <strong data-start=\"2972\" data-end=\"3011\">importanza simbolica e storica<\/strong>, attraverso la sua chiesa, le sue cappelle e la memoria collettiva del villaggio.<\/span><\/p>\n<hr data-start=\"3087\" data-end=\"3090\" \/>\n<h3 data-start=\"3092\" data-end=\"3120\"><span style=\"font-family: georgia, palatino, serif; font-size: 16pt;\"><strong data-start=\"3096\" data-end=\"3120\">Un patrimonio vivente<\/strong><\/span><\/h3>\n<p data-start=\"3122\" data-end=\"3422\"><span style=\"font-family: georgia, palatino, serif; font-size: 16pt;\">La parrocchia di Oizy rimane una preziosa testimonianza della storia religiosa della regione. <strong data-start=\"3200\" data-end=\"3226\">provincia di Lussemburgo<\/strong>. Il suo patrimonio, i suoi archivi e i ricordi delle generazioni che l'hanno plasmato raccontano la storia di una regione delle Ardenne segnata dalla fede, dalla solidariet\u00e0 e dall'attaccamento alle proprie tradizioni.<\/span><\/p>\n<p data-start=\"3122\" data-end=\"3422\"><span style=\"text-decoration: underline; font-family: georgia, palatino, serif;\"><strong><span style=\"font-size: 16pt;\">Elenco dei parroci dopo il XVI<sup>e<\/sup> secolo al 20<sup>e<\/sup><\/span><\/strong><\/span><\/p>\n<h3 data-start=\"1029\" data-end=\"1050\"><span style=\"font-family: georgia, palatino, serif;\"><strong data-start=\"1033\" data-end=\"1050\">XVII\u1d49 secolo<\/strong><\/span><\/h3>\n<p data-start=\"402\" data-end=\"478\"><span style=\"font-family: arial, helvetica, sans-serif;\"><strong data-start=\"402\" data-end=\"417\">1581 - 1592 : <\/strong>Jean <strong data-start=\"425\" data-end=\"437\">Hustinay<\/strong> \u00e8 il parroco.<\/span><br \/>\n<span style=\"font-family: arial, helvetica, sans-serif;\"><strong data-start=\"480\" data-end=\"488\">1597 : <\/strong>Dario <strong data-start=\"498\" data-end=\"506\">Dave<\/strong> \u00e8 citato come parroco.<\/span><br \/>\n<span style=\"font-family: arial, helvetica, sans-serif;\"><strong data-start=\"534\" data-end=\"549\">1602 - 1620 : <\/strong>Jean <strong data-start=\"557\" data-end=\"569\">de Villy<\/strong> \u00e8 responsabile della pastorale parrocchiale.<\/span><br \/>\n<span style=\"font-family: arial, helvetica, sans-serif;\"><strong data-start=\"603\" data-end=\"618\">1620 - 1646 : <\/strong>Godefroid <strong data-start=\"631\" data-end=\"641\">Lambin<\/strong>, mor\u00ec il 31 marzo 1620.<\/span><br \/>\n<span style=\"font-family: arial, helvetica, sans-serif;\"><strong data-start=\"668\" data-end=\"683\">1646 - 1652 : <\/strong>Adamo <strong data-start=\"691\" data-end=\"704\">d'Ardenne<\/strong>, Dottore in teologia. Durante le guerre si ritir\u00f2 a H\u00e9ron (Liegi), dove svolse funzioni vicariali.<\/span><br \/>\n<span style=\"font-family: arial, helvetica, sans-serif;\"><strong data-start=\"818\" data-end=\"833\">1652 - 1670 : <\/strong>Guillaume <strong data-start=\"846\" data-end=\"854\">Lupi<\/strong>, che in seguito fu nominato parroco di Saint-Cl\u00e9ment a Liegi.<\/span><br \/>\n<span style=\"font-family: arial, helvetica, sans-serif;\"><strong data-start=\"911\" data-end=\"926\">1670 - 1684 : <\/strong>Jacques <strong data-start=\"937\" data-end=\"947\">Fabius<\/strong>, \u00c8 stato assente dalla parrocchia durante la guerra.<\/span><\/p>\n<hr data-start=\"1024\" data-end=\"1027\" \/>\n<h3 data-start=\"1029\" data-end=\"1050\"><span style=\"font-family: arial, helvetica, sans-serif;\"><strong data-start=\"1033\" data-end=\"1050\">XVIII\u1d49 secolo<\/strong><\/span><\/h3>\n<p data-start=\"1052\" data-end=\"1112\"><span style=\"font-family: arial, helvetica, sans-serif;\"><strong data-start=\"1052\" data-end=\"1067\">1685 - 1738 :<\/strong><\/span><br data-start=\"1067\" data-end=\"1070\" \/><span style=\"font-family: arial, helvetica, sans-serif;\">Pierre <strong data-start=\"1077\" data-end=\"1088\">Gillard<\/strong>, di Gedinne.<\/span><br \/>\n<span style=\"font-family: arial, helvetica, sans-serif;\"><strong data-start=\"1114\" data-end=\"1129\">1685 - 1738 : <\/strong>Jean <strong data-start=\"1137\" data-end=\"1148\">Collart<\/strong>, Primo vicario di Oizy nel 1684, fu nominato parroco con bolla papale nel gennaio 1685. Originario di Maissin, mor\u00ec il 23 febbraio 1738 all'et\u00e0 di 83 anni, dopo 57 anni di sacerdozio e 53 di ministero a Oizy. Sacerdote molto stimato per il suo zelo pastorale, fu sepolto nella chiesa, tra i due piccoli altari. <em data-start=\"1470\" data-end=\"1500\">(Fonte: registro delle sepolture)<br \/>\n<\/em><strong data-start=\"1502\" data-end=\"1517\">1738 - 1747 : <\/strong>Jean <strong data-start=\"1525\" data-end=\"1538\">Bourgerie<\/strong>, nativo di Paliseul. Firm\u00f2 il suo primo atto di morte il 3 aprile 1737 come curato di Oizy. Mor\u00ec il 20 febbraio 1748.<\/span><br \/>\n<span style=\"font-family: arial, helvetica, sans-serif;\"><strong data-start=\"1677\" data-end=\"1692\">1748 - 1763 : <\/strong>Pierre <strong data-start=\"1702\" data-end=\"1715\">Louveign\u00e9<\/strong>, de Soiron, parroco di Oizy fino alla sua morte nel 1763.<\/span><br \/>\n<span style=\"font-family: arial, helvetica, sans-serif;\"><strong data-start=\"1769\" data-end=\"1784\">1763 - 1791 : <\/strong>Fran\u00e7ois Joseph <strong data-start=\"1803\" data-end=\"1814\">Favaige<\/strong>, Nato a La Vieille Salm, era figlio di Jean Salomon Favaige e Anne Balthus. Fu battezzato il 17 maggio 1727, ordinato sacerdote il 27 maggio 1752 e nominato parroco di Oizy dall'abate e principe di Stavelot, Dom Alexandre Delmotte. Mor\u00ec a Oizy il 26 dicembre 1791.<\/span><\/p>\n<hr data-start=\"2072\" data-end=\"2075\" \/>\n<h3 data-start=\"2077\" data-end=\"2096\"><span style=\"font-family: arial, helvetica, sans-serif;\"><strong data-start=\"2081\" data-end=\"2096\">XIX\u1d49 secolo<\/strong><\/span><\/h3>\n<p data-start=\"2098\" data-end=\"2177\"><span style=\"font-family: arial, helvetica, sans-serif;\"><strong data-start=\"2098\" data-end=\"2106\">1792 : <\/strong>Nicolas <strong data-start=\"2117\" data-end=\"2126\">L\u00e9gu\u00ff<\/strong>, sacerdote in servizio a Oizy dal 6 giugno 1792.<\/span><br \/>\n<span style=\"font-family: arial, helvetica, sans-serif;\"><strong data-start=\"2179\" data-end=\"2194\">1792 - 1807 : <\/strong>Jean-Baptiste <strong data-start=\"2211\" data-end=\"2220\">Andr\u00e9<\/strong>, nativo di Maissin. Celebr\u00f2 il primo battesimo il 16 luglio 1792 e mor\u00ec a Oizy il 4 novembre 1807.<\/span><br \/>\n<span style=\"font-family: arial, helvetica, sans-serif;\"><strong data-start=\"2332\" data-end=\"2347\">1807 - 1813 : <\/strong>Fran\u00e7ois <strong data-start=\"2359\" data-end=\"2370\">Delvaux<\/strong>, parroco.<\/span><br \/>\n<span style=\"font-family: arial, helvetica, sans-serif;\"><strong data-start=\"2379\" data-end=\"2394\">1813 - 1814 : <\/strong>C. J. <strong data-start=\"2403\" data-end=\"2412\">Petit<\/strong>, parroco di Bi\u00e8vre, amministratore provvisorio.<\/span><br \/>\n<span style=\"font-family: arial, helvetica, sans-serif;\"><strong data-start=\"2458\" data-end=\"2473\">1815 - 1816 <\/strong>Jean-Baptiste <strong data-start=\"2490\" data-end=\"2501\">Magonet<\/strong>, Magonet nacque a Petit-Fays il 13 agosto 1766, figlio di Jean-Joseph Magonet e Marie-Joseph Hubert. Mor\u00ec a Oizy il 28 aprile 1816.<\/span><br \/>\n<span style=\"font-family: arial, helvetica, sans-serif;\"><strong data-start=\"2646\" data-end=\"2661\">1816 - 1827 : <\/strong>Dom <strong data-start=\"2668\" data-end=\"2678\">Martin<\/strong>, monaco dell'abbazia di Laval-Dieu, morto a Bouillon nel 1827.<\/span><br \/>\n<span style=\"font-family: arial, helvetica, sans-serif;\"><strong data-start=\"2745\" data-end=\"2760\">1828 - 1831 : <\/strong>Lamberto <strong data-start=\"2771\" data-end=\"2782\">Lenfant<\/strong>, Nato a Tintigny, \u00e8 stato in precedenza curato a Monceau. Sacerdote di grande zelo apostolico, fu poi parroco di Villers-le-Gambon, Gesves e Baronville. Mor\u00ec in pensione a Namur il 20 novembre 1883.<\/span><br \/>\n<span style=\"font-family: arial, helvetica, sans-serif;\"><strong data-start=\"2993\" data-end=\"3008\">1831 - 1859: <\/strong>Victor <strong data-start=\"3018\" data-end=\"3029\">Butsin<\/strong>, Nato il 15 settembre 1788 a Fays-les-Veneurs. Come sacerdote, vicario di M\u00e9zi\u00e8res e poi parroco di Gesponsard, era noto per la sua energia, la sua cultura e le sue conoscenze mediche. Mor\u00ec nella frazione di Six-Planes l'8 gennaio 1876, dove aveva promosso la costruzione di una cappella.<\/span><br \/>\n<span style=\"font-family: arial, helvetica, sans-serif;\"><strong data-start=\"3322\" data-end=\"3337\">1859 - 1869 : <\/strong>Fran\u00e7ois Nicolas Joseph <strong data-start=\"3364\" data-end=\"3376\">Fran\u00e7ois<\/strong>, Bertrix, inizialmente curato a Izel. Mor\u00ec come parroco di Chassepierre il 4 dicembre 1878.<\/span><br \/>\n<span style=\"font-family: arial, helvetica, sans-serif;\"><strong data-start=\"3477\" data-end=\"3492\">1869 - 1881 : <\/strong>Nicolas Joseph <strong data-start=\"3510\" data-end=\"3519\">Rolin<\/strong>, Nato a Ochamps il 1\u1d49\u02b3 marzo 1828. Arrivato a Oizy l'8 marzo 1869 da Grapfontaine, lasci\u00f2 la parrocchia il 7 gennaio 1882 per Suxarl\u00e9e. <em data-start=\"3669\" data-end=\"3715\">(Fonte: registro della popolazione di Oizy).<br \/>\n<\/em><strong data-start=\"3717\" data-end=\"3732\">1882 - 1891 : <\/strong>Fran\u00e7ois <strong data-start=\"3744\" data-end=\"3753\">Adnet<\/strong>, nato a Florenville il 29 gennaio 1852, figlio di Jean Nicolas e Marguerite Ponsart. Arriva da Houffalize l'11 gennaio 1882 e lascia Oizy per Paliseul l'8 ottobre 1891.<\/span><br data-start=\"3927\" data-end=\"3930\" \/><span style=\"font-family: arial, helvetica, sans-serif;\"><em data-start=\"3930\" data-end=\"4019\">(Fonti: registro della popolazione di Oizy e certificato di morte della madre, 12 marzo 1886)<br \/>\n<\/em><strong data-start=\"4021\" data-end=\"4036\">1893 - 1903 : <\/strong>Henri Joseph <strong data-start=\"4052\" data-end=\"4063\">Lemaire<\/strong>, nato a Houdemont il 10 novembre 1858. Arriva a Oizy il 1\u1d49\u02b3 febbraio 1893, proveniente da Samr\u00e9e, e lascia la parrocchia il 9 marzo 1903 per Rulles (Lussemburgo).<\/span><\/p>\n<hr data-start=\"4218\" data-end=\"4221\" \/>\n<h3 data-start=\"4223\" data-end=\"4241\"><span style=\"font-family: arial, helvetica, sans-serif;\"><strong data-start=\"4227\" data-end=\"4241\">XX\u1d49 secolo<\/strong><\/span><\/h3>\n<p data-start=\"4243\" data-end=\"4403\"><span style=\"font-family: arial, helvetica, sans-serif;\"><strong data-start=\"4243\" data-end=\"4258\">1903 - 1911 : <\/strong>Camille <strong data-start=\"4269\" data-end=\"4278\">Donis<\/strong>, nato il 7 febbraio 1874 a Yzier (Lussemburgo). Arriv\u00f2 da Dinant il 7 giugno 1903 e lasci\u00f2 Oizy il 20 novembre 1911 per Mettet.<\/span><br \/>\n<span style=\"font-family: arial, helvetica, sans-serif;\"><strong data-start=\"4405\" data-end=\"4420\">1911 - 1933 : <\/strong>Ernest Joseph <strong data-start=\"4437\" data-end=\"4447\">Burton<\/strong>, Nato a Nimbermont (Remagne) il 15 agosto 1875. Arriv\u00f2 a Oizy il 28 agosto 1911 e vi mor\u00ec il 1\u1d49\u02b3 marzo 1933.\u00a0<\/span><br \/>\n<span style=\"font-family: arial, helvetica, sans-serif;\"><strong data-start=\"4554\" data-end=\"4569\">1933 - 1952 : <\/strong>Jean-Baptiste <strong data-start=\"4586\" data-end=\"4597\">Collard<\/strong>, nato a Opont il 28 agosto 1887. Arriva a Oizy il 4 aprile 1933, proveniente da My.\u00a0<\/span><br \/>\n<span style=\"font-family: arial, helvetica, sans-serif;\"><strong data-start=\"4673\" data-end=\"4688\">1952 - 2001 : <\/strong>Giuseppe Adolphe <strong data-start=\"4706\" data-end=\"4717\">Mathieu<\/strong>, sacerdote di Oizy e Baillamont. Nato a Rienne il 9 febbraio 1909, figlio di Joseph Adolphe e Marie Appoline Michaux. Ordinato sacerdote nel 1940, \u00e8 morto a Oizy il 22 febbraio 2001 ed \u00e8 sepolto a Rienne.<\/span><\/p>\n<p>&nbsp;<\/p>\n<p data-start=\"4243\" data-end=\"4403\">Fonti: Oizy Son Histoirec-ses Familles <strong class=\"Yjhzub\">\u2020 <\/strong>Jean e L\u00e9opold Quewet pagina 256<\/p>","protected":false},"excerpt":{"rendered":"<p>La paroisse de Oizy Province de Luxembourg \u2013 Belgique Situ\u00e9e au c\u0153ur de l\u2019Ardenne belge, dans la province du Luxembourg, la paroisse de Oizy poss\u00e8de une histoire religieuse ancienne et [&hellip;]<\/p>\n","protected":false},"author":2,"featured_media":227946,"comment_status":"closed","ping_status":"open","sticky":false,"template":"","format":"standard","meta":{"_et_pb_use_builder":"","_et_pb_old_content":"","_et_gb_content_width":"","footnotes":""},"categories":[93,6],"tags":[],"class_list":["post-227945","post","type-post","status-publish","format-standard","has-post-thumbnail","hentry","category-nos-pistes","category-pistes-genealogiques-en-belgique","et-has-post-format-content","et_post_format-et-post-format-standard"],"aioseo_notices":[],"_links":{"self":[{"href":"https:\/\/geniwal.be\/it\/wp-json\/wp\/v2\/posts\/227945","targetHints":{"allow":["GET"]}}],"collection":[{"href":"https:\/\/geniwal.be\/it\/wp-json\/wp\/v2\/posts"}],"about":[{"href":"https:\/\/geniwal.be\/it\/wp-json\/wp\/v2\/types\/post"}],"author":[{"embeddable":true,"href":"https:\/\/geniwal.be\/it\/wp-json\/wp\/v2\/users\/2"}],"replies":[{"embeddable":true,"href":"https:\/\/geniwal.be\/it\/wp-json\/wp\/v2\/comments?post=227945"}],"version-history":[{"count":6,"href":"https:\/\/geniwal.be\/it\/wp-json\/wp\/v2\/posts\/227945\/revisions"}],"predecessor-version":[{"id":227953,"href":"https:\/\/geniwal.be\/it\/wp-json\/wp\/v2\/posts\/227945\/revisions\/227953"}],"wp:featuredmedia":[{"embeddable":true,"href":"https:\/\/geniwal.be\/it\/wp-json\/wp\/v2\/media\/227946"}],"wp:attachment":[{"href":"https:\/\/geniwal.be\/it\/wp-json\/wp\/v2\/media?parent=227945"}],"wp:term":[{"taxonomy":"category","embeddable":true,"href":"https:\/\/geniwal.be\/it\/wp-json\/wp\/v2\/categories?post=227945"},{"taxonomy":"post_tag","embeddable":true,"href":"https:\/\/geniwal.be\/it\/wp-json\/wp\/v2\/tags?post=227945"}],"curies":[{"name":"wp","href":"https:\/\/api.w.org\/{rel}","templated":true}]}}