{"id":2943,"date":"2019-04-09T11:44:41","date_gmt":"2019-04-09T09:44:41","guid":{"rendered":"https:\/\/geniwal.be\/?p=2943"},"modified":"2023-04-10T22:58:48","modified_gmt":"2023-04-10T20:58:48","slug":"pierre-joseph-dumenil","status":"publish","type":"post","link":"https:\/\/geniwal.be\/it\/nos-pistes\/pistes-genealogiques-en-belgique\/recherche-1830\/pierre-joseph-dumenil\/","title":{"rendered":"DUM\u00c9NIL Pierre (Hainaut)"},"content":{"rendered":"<p><span style=\"font-family: arial,helvetica,sans-serif;\"><strong>DUM<span style=\"text-align: left; color: #333333; text-transform: none; text-indent: 0px; letter-spacing: normal; font-size: 16px; font-style: normal; font-variant: normal; text-decoration: none; word-spacing: 0px; display: inline !important; white-space: normal; cursor: text; orphans: 2; float: none; -webkit-text-stroke-width: 0px; background-color: transparent;\">\u00c9<\/span>NULLA<\/strong> Pierre nato il 27\/08\/1811 a Mons figlio di <strong>DUM\u00c9NIL<\/strong><\/span><span style=\"font-family: arial,helvetica,sans-serif;\"> Jean Baptiste e <img decoding=\"async\" class=\"wp-image-3196 size-full aligncenter lazyload\" data-src=\"https:\/\/geniwal.be\/wp-content\/uploads\/2019\/04\/NAISSANCES_DUMENIL_PIERRE_EC_1811_001.jpg\" alt=\"\" width=\"979\" height=\"572\" data-srcset=\"https:\/\/geniwal.be\/wp-content\/uploads\/2019\/04\/NAISSANCES_DUMENIL_PIERRE_EC_1811_001.jpg 979w, https:\/\/geniwal.be\/wp-content\/uploads\/2019\/04\/NAISSANCES_DUMENIL_PIERRE_EC_1811_001-300x175.jpg 300w, https:\/\/geniwal.be\/wp-content\/uploads\/2019\/04\/NAISSANCES_DUMENIL_PIERRE_EC_1811_001-600x351.jpg 600w, https:\/\/geniwal.be\/wp-content\/uploads\/2019\/04\/NAISSANCES_DUMENIL_PIERRE_EC_1811_001-768x449.jpg 768w\" data-sizes=\"(max-width: 979px) 100vw, 979px\" src=\"data:image\/svg+xml;base64,PHN2ZyB3aWR0aD0iMSIgaGVpZ2h0PSIxIiB4bWxucz0iaHR0cDovL3d3dy53My5vcmcvMjAwMC9zdmciPjwvc3ZnPg==\" style=\"--smush-placeholder-width: 979px; --smush-placeholder-aspect-ratio: 979\/572;\" \/>da <strong>MATHIEU<\/strong> H\u00e9l\u00e8ne,<br \/>\nMorto a Saint-Josse-ten-Noode il 04\/01\/1889<br \/>\n<img decoding=\"async\" class=\"wp-image-3197 size-full aligncenter lazyload\" data-src=\"https:\/\/geniwal.be\/wp-content\/uploads\/2019\/04\/DECES_DUMENIL_PIERRE_EC_1889_001.jpg\" alt=\"\" width=\"965\" height=\"505\" data-srcset=\"https:\/\/geniwal.be\/wp-content\/uploads\/2019\/04\/DECES_DUMENIL_PIERRE_EC_1889_001.jpg 965w, https:\/\/geniwal.be\/wp-content\/uploads\/2019\/04\/DECES_DUMENIL_PIERRE_EC_1889_001-300x157.jpg 300w, https:\/\/geniwal.be\/wp-content\/uploads\/2019\/04\/DECES_DUMENIL_PIERRE_EC_1889_001-600x314.jpg 600w, https:\/\/geniwal.be\/wp-content\/uploads\/2019\/04\/DECES_DUMENIL_PIERRE_EC_1889_001-768x402.jpg 768w\" data-sizes=\"(max-width: 965px) 100vw, 965px\" src=\"data:image\/svg+xml;base64,PHN2ZyB3aWR0aD0iMSIgaGVpZ2h0PSIxIiB4bWxucz0iaHR0cDovL3d3dy53My5vcmcvMjAwMC9zdmciPjwvc3ZnPg==\" style=\"--smush-placeholder-width: 965px; --smush-placeholder-aspect-ratio: 965\/505;\" \/><br \/>\n<\/span><\/p>\n<p><span style=\"font-family: arial,helvetica,sans-serif;\"> \u00e8 sepolto nella particella 104P del cimitero di Saint Josse-ten Noode. Sposato in prime nozze con <strong>BUELENS<\/strong> Am\u00e9lie Joseph, 2\u00b0 marito di <strong>VAN CELST<\/strong> Jos\u00e9phine Catherine Antoinette. Volontario nel 1830. Fu il portabandiera dei volontari di Mons. Decorato <span style=\"text-align: left; color: #333333; text-transform: none; text-indent: 0px; letter-spacing: normal; font-size: 16px; font-style: normal; font-variant: normal; font-weight: 400; text-decoration: none; word-spacing: 0px; display: inline !important; white-space: normal; cursor: text; orphans: 2; float: none; -webkit-text-stroke-width: 0px; background-color: transparent;\">Nel 1835 fu insignito della Croix de fer e successivamente fu nominato Ufficiale dell'Ordine di Leopoldo e insignito della Croix civique de 1\u00e8re classe. Divenne quindi funzionario del Ministero delle Finanze. <\/span><\/span><\/p>\n<p><span style=\"font-family: arial,helvetica,sans-serif;\"><span style=\"display: inline !important; float: none; background-color: transparent; color: #333333; cursor: text; font-family: Georgia,'Times New Roman','Bitstream Charter',Times,serif; font-size: 16px; font-style: normal; font-variant: normal; font-weight: 400; letter-spacing: normal; orphans: 2; text-align: left; text-decoration: none; text-indent: 0px; text-transform: none; -webkit-text-stroke-width: 0px; white-space: normal; word-spacing: 0px;\"><span style=\"font-family: arial,helvetica,sans-serif;\">Per ulteriori informazioni:<\/span>\u00a0<\/span>\u00a0<\/span><a href=\"http:\/\/probelgica-hainaut.blogspot.com\/2012\/10\/qui-est-pierre-joseph-dumenil.html\"><span style=\"font-family: arial,helvetica,sans-serif;\">http:\/\/probelgica-hainaut.blogspot.com\/2012\/10\/qui-est-pierre-joseph-dumenil.html<\/span><\/a><\/p>","protected":false},"excerpt":{"rendered":"<p>DUM\u00c9NIL Pierre n\u00e9 le 27\/08\/1811 \u00e0 Mons fils de DUM\u00c9NIL Jean Baptiste et de MATHIEU H\u00e9l\u00e8ne, d\u00e9c\u00e9d\u00e9 \u00e0 Saint-Josse-ten-Noode le 04\/01\/1889 il repose \u00e0 l&#8217;emplacement 104P du cimeti\u00e8re de Saint [&hellip;]<\/p>\n","protected":false},"author":2,"featured_media":2944,"comment_status":"open","ping_status":"open","sticky":false,"template":"","format":"standard","meta":{"_et_pb_use_builder":"","_et_pb_old_content":"","_et_gb_content_width":"","footnotes":""},"categories":[80],"tags":[],"class_list":["post-2943","post","type-post","status-publish","format-standard","has-post-thumbnail","hentry","category-recherche-1830","et-has-post-format-content","et_post_format-et-post-format-standard"],"aioseo_notices":[],"_links":{"self":[{"href":"https:\/\/geniwal.be\/it\/wp-json\/wp\/v2\/posts\/2943","targetHints":{"allow":["GET"]}}],"collection":[{"href":"https:\/\/geniwal.be\/it\/wp-json\/wp\/v2\/posts"}],"about":[{"href":"https:\/\/geniwal.be\/it\/wp-json\/wp\/v2\/types\/post"}],"author":[{"embeddable":true,"href":"https:\/\/geniwal.be\/it\/wp-json\/wp\/v2\/users\/2"}],"replies":[{"embeddable":true,"href":"https:\/\/geniwal.be\/it\/wp-json\/wp\/v2\/comments?post=2943"}],"version-history":[{"count":0,"href":"https:\/\/geniwal.be\/it\/wp-json\/wp\/v2\/posts\/2943\/revisions"}],"wp:featuredmedia":[{"embeddable":true,"href":"https:\/\/geniwal.be\/it\/wp-json\/wp\/v2\/media\/2944"}],"wp:attachment":[{"href":"https:\/\/geniwal.be\/it\/wp-json\/wp\/v2\/media?parent=2943"}],"wp:term":[{"taxonomy":"category","embeddable":true,"href":"https:\/\/geniwal.be\/it\/wp-json\/wp\/v2\/categories?post=2943"},{"taxonomy":"post_tag","embeddable":true,"href":"https:\/\/geniwal.be\/it\/wp-json\/wp\/v2\/tags?post=2943"}],"curies":[{"name":"wp","href":"https:\/\/api.w.org\/{rel}","templated":true}]}}