{"id":295,"date":"2013-07-10T17:45:39","date_gmt":"2013-07-10T16:45:39","guid":{"rendered":"https:\/\/geniwal.be\/?p=295"},"modified":"2023-04-04T22:48:36","modified_gmt":"2023-04-04T20:48:36","slug":"gen-iberica","status":"publish","type":"post","link":"https:\/\/geniwal.be\/it\/nos-pistes\/karolus\/gen-iberica\/","title":{"rendered":"Gen-Iberica"},"content":{"rendered":"<p><b>\u00a0<\/b>L'obiettivo di questa associazione \u00e8 quello di riunire i principianti e i genealogisti esperti che ricercano i loro antenati spagnoli. In uno spirito di scambio, condivisione e aiuto reciproco, si propone di ricostruire la storia dei loro antenati e di informare i genealogisti interessati alla storia e alla cultura della societ\u00e0 spagnola. A tal fine, l'associazione svolge ricerche nei centri archivistici riguardanti l'immigrazione spagnola negli archivi dei dipartimenti 37, 16, 57 e 42.<br \/>\nL'associazione \u00e8 composta da dilettanti con una grande esperienza nel campo della ricerca in Spagna, ma anche in Francia. L'associazione pu\u00f2 guidarvi nei vostri rapporti con la Spagna e aiutarvi a trovare gli indirizzi delle varie autorit\u00e0 che detengono i documenti che state cercando. Scrive lettere in spagnolo e fornisce traduzioni, oltre a fornire informazioni sulla storia della Spagna e sui propri antenati spagnoli. L'associazione pubblica una rivista trimestrale, \"Hola Gen-Ib\u00e9rica\", che \u00e8 a disposizione dei membri e pu\u00f2 essere scaricata.<br \/>\n<img decoding=\"async\" data-src=\"http:\/\/www.geniwal.eu\/upload\/photo_242_menu_360.jpg\" alt=\"\" width=\"200\" height=\"254\" border=\"5\" src=\"data:image\/svg+xml;base64,PHN2ZyB3aWR0aD0iMSIgaGVpZ2h0PSIxIiB4bWxucz0iaHR0cDovL3d3dy53My5vcmcvMjAwMC9zdmciPjwvc3ZnPg==\" class=\"lazyload\" style=\"--smush-placeholder-width: 200px; --smush-placeholder-aspect-ratio: 200\/254;\" \/><br \/>\nObiettivi:<\/p>\n<ul>\n<li>Riunire le persone che praticano la genealogia o sono interessate alla storia della famiglia<\/li>\n<li>Promuovere lo scambio reciproco di informazioni e diffondere la conoscenza della genealogia.<\/li>\n<li>Incontrare persone della stessa zona, un villaggio che potrebbe aver gi\u00e0 fatto ricerche sulle famiglie a cui si \u00e8 interessati.<\/li>\n<\/ul>\n<p><strong>Contatto:<\/strong><br \/>\nVal\u00e9rie Franco-Courtillet<br \/>\n8, rue Anatole Francia<br \/>\n33200 Bordeaux<br \/>\nFrancia<br \/>\n<strong>Sito web :\u00a0<\/strong><a href=\"http:\/\/geniberica.free.fr\/association_geniberica.htm\">http:\/\/geniberica.free.fr\/geniberica_presentation.htm<\/a><br \/>\nE-mail: geniberica@orange.fr<br \/>\nAffiliato alla Federazione Francese di Genealogia<\/p>","protected":false},"excerpt":{"rendered":"<p>\u00a0Cette association a pour but de rassembler des g\u00e9n\u00e9alogistes d\u00e9butants ou confirm\u00e9s, recherchant leurs anc\u00eatres espagnols. Dans un esprit d&rsquo;\u00e9change, de partage et d&rsquo;entraide elle souhaite reconstituer l&rsquo;histoire et celle [&hellip;]<\/p>\n","protected":false},"author":2,"featured_media":1825,"comment_status":"closed","ping_status":"closed","sticky":false,"template":"","format":"standard","meta":{"_et_pb_use_builder":"","_et_pb_old_content":"","_et_gb_content_width":"","footnotes":""},"categories":[65],"tags":[],"class_list":["post-295","post","type-post","status-publish","format-standard","has-post-thumbnail","hentry","category-karolus","et-has-post-format-content","et_post_format-et-post-format-standard"],"aioseo_notices":[],"_links":{"self":[{"href":"https:\/\/geniwal.be\/it\/wp-json\/wp\/v2\/posts\/295","targetHints":{"allow":["GET"]}}],"collection":[{"href":"https:\/\/geniwal.be\/it\/wp-json\/wp\/v2\/posts"}],"about":[{"href":"https:\/\/geniwal.be\/it\/wp-json\/wp\/v2\/types\/post"}],"author":[{"embeddable":true,"href":"https:\/\/geniwal.be\/it\/wp-json\/wp\/v2\/users\/2"}],"replies":[{"embeddable":true,"href":"https:\/\/geniwal.be\/it\/wp-json\/wp\/v2\/comments?post=295"}],"version-history":[{"count":0,"href":"https:\/\/geniwal.be\/it\/wp-json\/wp\/v2\/posts\/295\/revisions"}],"wp:featuredmedia":[{"embeddable":true,"href":"https:\/\/geniwal.be\/it\/wp-json\/wp\/v2\/media\/1825"}],"wp:attachment":[{"href":"https:\/\/geniwal.be\/it\/wp-json\/wp\/v2\/media?parent=295"}],"wp:term":[{"taxonomy":"category","embeddable":true,"href":"https:\/\/geniwal.be\/it\/wp-json\/wp\/v2\/categories?post=295"},{"taxonomy":"post_tag","embeddable":true,"href":"https:\/\/geniwal.be\/it\/wp-json\/wp\/v2\/tags?post=295"}],"curies":[{"name":"wp","href":"https:\/\/api.w.org\/{rel}","templated":true}]}}