{"id":2996,"date":"2019-04-10T10:39:40","date_gmt":"2019-04-10T08:39:40","guid":{"rendered":"https:\/\/geniwal.be\/?p=2996"},"modified":"2023-04-04T14:08:10","modified_gmt":"2023-04-04T12:08:10","slug":"claude-naulaers","status":"publish","type":"post","link":"https:\/\/geniwal.be\/it\/nos-pistes\/in-memoriam-a-la-memoire\/claude-naulaers\/","title":{"rendered":"Claude NAULAERS"},"content":{"rendered":"<p><img decoding=\"async\" class=\"wp-image-2997 size-medium aligncenter lazyload\" data-src=\"https:\/\/geniwal.be\/wp-content\/uploads\/2019\/04\/NAULAERS-CLaude-211x300.jpg\" alt=\"\" width=\"211\" height=\"300\" data-srcset=\"https:\/\/geniwal.be\/wp-content\/uploads\/2019\/04\/NAULAERS-CLaude-211x300.jpg 211w, https:\/\/geniwal.be\/wp-content\/uploads\/2019\/04\/NAULAERS-CLaude-300x427.jpg 300w, https:\/\/geniwal.be\/wp-content\/uploads\/2019\/04\/NAULAERS-CLaude-600x854.jpg 600w, https:\/\/geniwal.be\/wp-content\/uploads\/2019\/04\/NAULAERS-CLaude.jpg 674w\" data-sizes=\"(max-width: 211px) 100vw, 211px\" src=\"data:image\/svg+xml;base64,PHN2ZyB3aWR0aD0iMSIgaGVpZ2h0PSIxIiB4bWxucz0iaHR0cDovL3d3dy53My5vcmcvMjAwMC9zdmciPjwvc3ZnPg==\" style=\"--smush-placeholder-width: 211px; --smush-placeholder-aspect-ratio: 211\/300;\" \/><\/p>\n<p><span style=\"font-family: arial, helvetica, sans-serif; font-size: 18pt;\">Nato a Etterbeek il 19-08-1940 - morto ad Anderlecht il 29-05-1999.<\/span><\/p>\n<p><span style=\"font-family: arial, helvetica, sans-serif; font-size: 18pt;\">Suo padre Maurice, nato nel 1902, lavorava per la SNCB (Soci\u00e9t\u00e9 Nationale des Chemins de fer Belges) e sua madre Jeanne CLERENS, nata nel 1900, ha allevato i loro tre figli.<\/span><\/p>\n<p><span style=\"font-family: arial, helvetica, sans-serif; font-size: 18pt;\">L'11 aprile 1964 Claude ha sposato a Etterbeek Gilberte ROUSSEAU, un'amica d'infanzia, con la quale ha avuto una figlia, France, nata nel 1972.<\/span><\/p>\n<p><span style=\"font-family: arial, helvetica, sans-serif; font-size: 18pt;\">Ha studiato all'Ath\u00e9n\u00e9e Royal d'Etterbeek. Ha proseguito gli studi presso l'E.C.A.M. e l'I.B.M. (Informatica) e poi presso le Facult\u00e9s universitaires St Louis (Analisi nei corsi serali).<\/span><\/p>\n<p><span style=\"font-family: arial, helvetica, sans-serif; font-size: 18pt;\">Ha svolto il servizio militare in Germania, con il 4<sup>th <\/sup>Chasseur \u00e0 cheval, come operatore radio (1961-1962). Da adolescente \u00e8 entrato nei Cadetti della Marina, dove \u00e8 stato quartiermastro sul ponte della Caroline a Bruxelles. Fin da piccolo sognava di diventare un ufficiale di marina.<\/span><\/p>\n<p><span style=\"font-family: arial, helvetica, sans-serif; font-size: 18pt;\">Il 01-06-1962, appena terminato il servizio militare, inizia la carriera presso la \"Compagnie d'assurances Royale Belge\", proprio come si entra in religione. Al momento della sua morte, era ancora in \"AXA Royale Belge\" come assistente del Direttore di Corporate Life e Capo del Dipartimento di Coordinamento.<\/span><\/p>\n<p><span style=\"font-family: arial, helvetica, sans-serif; font-size: 18pt;\">Durante 37 anni di fedele servizio, ha vissuto tutti i cambiamenti e le fusioni della sua azienda. Con lui scompare una parte importante della memoria della \"Royale Belge\".<\/span><\/p>\n<p><span style=\"font-family: arial, helvetica, sans-serif; font-size: 18pt;\">Come padre attento e devoto, accompagnava la figlia nelle sue attivit\u00e0: gare di ginnastica ed equitazione. In seguito, con la moglie, ha esplorato i misteri della genealogia, alla ricerca delle sue radici, che pensava fossero a Etterbeek e Bruxelles. Con stupore scopr\u00ec che la maggior parte delle sue radici si trovava nella provincia di Anversa e nel Brabante fiammingo.<\/span><\/p>\n<p><span style=\"font-family: arial, helvetica, sans-serif; font-size: 18pt;\">Ama particolarmente la sua posizione di segretario di G\u00e9niWal, il giovane club che ha fondato con tutti i suoi amici. Appassionato di computer, ha avuto il piacere di organizzare G\u00e9n\u00e9atica 98 e sta pensando attivamente a G\u00e9n\u00e9atica 2000.<\/span><\/p>\n<p><span style=\"font-family: arial, helvetica, sans-serif; font-size: 18pt;\">Claude ha dedicato tutta la sua vita e le sue energie alla professione. Capace di assumersi le proprie responsabilit\u00e0, era decisamente concentrato sul futuro e sulla giovent\u00f9, non sul passato. Perfettamente bilingue e convinto, non si \u00e8 mai pentito delle sue azioni. Di spirito cartesiano, era un uomo intelligente e integro, equo e desideroso di aiutare gli altri. Apprezzava la perseveranza e il lavoro ben fatto.<\/span><\/p>\n<p><span style=\"font-family: arial, helvetica, sans-serif; font-size: 18pt;\">Saluta tutti voi<\/span><\/p>\n<p style=\"text-align: right;\"><span style=\"font-family: arial,helvetica,sans-serif;\">Gilberte Rousseau sua moglie<\/span><\/p>","protected":false},"excerpt":{"rendered":"<p>N\u00e9 \u00e0 Etterbeek, le 19-08-1940 \u2022 d\u00e9c\u00e9d\u00e9 \u00e0 Anderlecht, le 29-05-1999. Son p\u00e8re Maurice, n\u00e9 en 1902, \u00e9tait employ\u00e9 \u00e0 la SNCB (Soci\u00e9t\u00e9 Nationale des Chemins de fer Belges) et [&hellip;]<\/p>\n","protected":false},"author":2,"featured_media":2997,"comment_status":"open","ping_status":"open","sticky":false,"template":"","format":"standard","meta":{"_et_pb_use_builder":"","_et_pb_old_content":"","_et_gb_content_width":"","footnotes":""},"categories":[49],"tags":[],"class_list":["post-2996","post","type-post","status-publish","format-standard","has-post-thumbnail","hentry","category-in-memoriam-a-la-memoire","et-has-post-format-content","et_post_format-et-post-format-standard"],"aioseo_notices":[],"_links":{"self":[{"href":"https:\/\/geniwal.be\/it\/wp-json\/wp\/v2\/posts\/2996","targetHints":{"allow":["GET"]}}],"collection":[{"href":"https:\/\/geniwal.be\/it\/wp-json\/wp\/v2\/posts"}],"about":[{"href":"https:\/\/geniwal.be\/it\/wp-json\/wp\/v2\/types\/post"}],"author":[{"embeddable":true,"href":"https:\/\/geniwal.be\/it\/wp-json\/wp\/v2\/users\/2"}],"replies":[{"embeddable":true,"href":"https:\/\/geniwal.be\/it\/wp-json\/wp\/v2\/comments?post=2996"}],"version-history":[{"count":0,"href":"https:\/\/geniwal.be\/it\/wp-json\/wp\/v2\/posts\/2996\/revisions"}],"wp:featuredmedia":[{"embeddable":true,"href":"https:\/\/geniwal.be\/it\/wp-json\/wp\/v2\/media\/2997"}],"wp:attachment":[{"href":"https:\/\/geniwal.be\/it\/wp-json\/wp\/v2\/media?parent=2996"}],"wp:term":[{"taxonomy":"category","embeddable":true,"href":"https:\/\/geniwal.be\/it\/wp-json\/wp\/v2\/categories?post=2996"},{"taxonomy":"post_tag","embeddable":true,"href":"https:\/\/geniwal.be\/it\/wp-json\/wp\/v2\/tags?post=2996"}],"curies":[{"name":"wp","href":"https:\/\/api.w.org\/{rel}","templated":true}]}}