{"id":3094,"date":"2019-04-10T21:28:08","date_gmt":"2019-04-10T19:28:08","guid":{"rendered":"https:\/\/geniwal.be\/?p=3094"},"modified":"2023-04-10T01:49:33","modified_gmt":"2023-04-09T23:49:33","slug":"letat-civil","status":"publish","type":"post","link":"https:\/\/geniwal.be\/it\/nos-pistes\/pistes-genealogiques-en-belgique\/archive-en-belgique\/letat-civil\/","title":{"rendered":"Stato civile"},"content":{"rendered":"<p><span style=\"font-family: arial,helvetica,sans-serif;\"><b>I registri civili: una delle fonti preferite dai genealogisti<\/b><\/span><\/p>\n<p>\u00c8 stato istituito con un decreto dell'assemblea legislativa, la Convenzione Nazionale, il 20 settembre 1792. Il nostro Paese era sotto l'occupazione francese in seguito alla ritirata dei prussiani dopo la sconfitta di Valmy.<br \/>\n<span style=\"font-family: arial,helvetica,sans-serif;\">Questo accordo prevede che i registri parrocchiali vengano chiusi e inventariati entro una settimana. I registri vengono depositati nelle case comuni dove saranno conservati.<\/span><br \/>\n<span style=\"font-family: arial,helvetica,sans-serif;\">I registri non erano pi\u00f9 redatti dal clero (dopo il Concordato, il clero continu\u00f2 a tenere i propri registri, ma non avevano valore legale), ma dall'ufficiale di stato civile del comune, di solito il sindaco (l'attuale borgomastro) o uno dei suoi vice. Tutti gli abitanti (cittadini) di un comune, indipendentemente dalla loro religione, sono registrati.<\/span><br \/>\n<span style=\"font-family: arial,helvetica,sans-serif;\">I 3 atti principali nella vita di un uomo sono: nascita, matrimonio e morte.<\/span><\/p>\n<p><span style=\"font-family: arial,helvetica,sans-serif;\"><img decoding=\"async\" class=\"aligncenter lazyload\" data-src=\"http:\/\/www.geniwal.eu\/upload\/photo_496_menu_377.jpg\" alt=\"\" width=\"170\" height=\"114\" border=\"5\" src=\"data:image\/svg+xml;base64,PHN2ZyB3aWR0aD0iMSIgaGVpZ2h0PSIxIiB4bWxucz0iaHR0cDovL3d3dy53My5vcmcvMjAwMC9zdmciPjwvc3ZnPg==\" style=\"--smush-placeholder-width: 170px; --smush-placeholder-aspect-ratio: 170\/114;\" \/><img decoding=\"async\" class=\"aligncenter lazyload\" data-src=\"http:\/\/www.geniwal.eu\/upload\/photo_499_menu_377.jpg\" alt=\"\" width=\"170\" height=\"241\" border=\"5\" src=\"data:image\/svg+xml;base64,PHN2ZyB3aWR0aD0iMSIgaGVpZ2h0PSIxIiB4bWxucz0iaHR0cDovL3d3dy53My5vcmcvMjAwMC9zdmciPjwvc3ZnPg==\" style=\"--smush-placeholder-width: 170px; --smush-placeholder-aspect-ratio: 170\/241;\" \/><img decoding=\"async\" class=\"aligncenter lazyload\" data-src=\"http:\/\/www.geniwal.eu\/upload\/photo_498_menu_377.jpg\" alt=\"\" width=\"170\" height=\"129\" border=\"5\" src=\"data:image\/svg+xml;base64,PHN2ZyB3aWR0aD0iMSIgaGVpZ2h0PSIxIiB4bWxucz0iaHR0cDovL3d3dy53My5vcmcvMjAwMC9zdmciPjwvc3ZnPg==\" style=\"--smush-placeholder-width: 170px; --smush-placeholder-aspect-ratio: 170\/129;\" \/><\/span><br \/>\n<span style=\"font-family: arial,helvetica,sans-serif;\">\u00a0<\/span><\/p>\n<p><span style=\"font-family: arial,helvetica,sans-serif;\"><b>NB. Con la legge del 13 agosto dell'anno IV ( 30 agosto 1798 )<\/b>\u00a0si celebrano matrimoni\u00a0<b>nella citt\u00e0 della contea<\/b>\u00a0e solo decadici.<\/span><br \/>\n<span style=\"font-family: arial,helvetica,sans-serif;\">La celebrazione dei matrimoni nei comuni \u00e8 stata ristabilita il\u00a0<b>7 termidoro anno VIII ( 26 luglio 1800 )<\/b>.\u00a0<\/span><\/p>\n<p><span style=\"font-family: arial,helvetica,sans-serif;\">* \u00c8 possibile ottenere un atto di propriet\u00e0 tramite la nostra associazione.<\/span><\/p>\n<p><span style=\"font-family: arial,helvetica,sans-serif;\"><b>Fonti :<\/b><\/span><br \/>\n<span style=\"font-family: arial,helvetica,sans-serif;\"><b>L\u00e9on Roy<\/b>,\u00a0<i>Manuale di genealogia, Laboratorio di genealogia del Cercle d'histoire de Rixensart<\/i>, 2000, p 85.<\/span><br \/>\n<span style=\"font-family: arial,helvetica,sans-serif;\"><b>Tony Neulat<\/b>,\u00a0<i>stato civile<\/i>Votre g\u00e9n\u00e9alogie n\u00b034, pp 40-41.<\/span><br \/>\n<span style=\"font-family: arial,helvetica,sans-serif;\"><b>Documento fotografico<\/b>\u00a0: G\u00e9niWal asbl\u00a0<span style=\"font-size: 12pt;\">\u00a9<\/span>\u00a0tutti i diritti riservati<\/span><\/p>","protected":false},"excerpt":{"rendered":"<p>L&rsquo;\u00e9tat civil une source de pr\u00e9dilection du g\u00e9n\u00e9alogiste A \u00e9t\u00e9 instaur\u00e9 par d\u00e9cret de l&rsquo;assembl\u00e9e l\u00e9gislative la convention nationale du 20 septembre 1792. Notre pays est sous l&rsquo;occupation Fran\u00e7aise qui [&hellip;]<\/p>\n","protected":false},"author":2,"featured_media":3095,"comment_status":"open","ping_status":"open","sticky":false,"template":"","format":"standard","meta":{"_et_pb_use_builder":"","_et_pb_old_content":"","_et_gb_content_width":"","footnotes":""},"categories":[74,85],"tags":[],"class_list":["post-3094","post","type-post","status-publish","format-standard","has-post-thumbnail","hentry","category-archive-en-belgique","category-archives-modernes-1796-1918","et-has-post-format-content","et_post_format-et-post-format-standard"],"aioseo_notices":[],"_links":{"self":[{"href":"https:\/\/geniwal.be\/it\/wp-json\/wp\/v2\/posts\/3094","targetHints":{"allow":["GET"]}}],"collection":[{"href":"https:\/\/geniwal.be\/it\/wp-json\/wp\/v2\/posts"}],"about":[{"href":"https:\/\/geniwal.be\/it\/wp-json\/wp\/v2\/types\/post"}],"author":[{"embeddable":true,"href":"https:\/\/geniwal.be\/it\/wp-json\/wp\/v2\/users\/2"}],"replies":[{"embeddable":true,"href":"https:\/\/geniwal.be\/it\/wp-json\/wp\/v2\/comments?post=3094"}],"version-history":[{"count":0,"href":"https:\/\/geniwal.be\/it\/wp-json\/wp\/v2\/posts\/3094\/revisions"}],"wp:featuredmedia":[{"embeddable":true,"href":"https:\/\/geniwal.be\/it\/wp-json\/wp\/v2\/media\/3095"}],"wp:attachment":[{"href":"https:\/\/geniwal.be\/it\/wp-json\/wp\/v2\/media?parent=3094"}],"wp:term":[{"taxonomy":"category","embeddable":true,"href":"https:\/\/geniwal.be\/it\/wp-json\/wp\/v2\/categories?post=3094"},{"taxonomy":"post_tag","embeddable":true,"href":"https:\/\/geniwal.be\/it\/wp-json\/wp\/v2\/tags?post=3094"}],"curies":[{"name":"wp","href":"https:\/\/api.w.org\/{rel}","templated":true}]}}