{"id":3180,"date":"2019-04-12T17:13:24","date_gmt":"2019-04-12T15:13:24","guid":{"rendered":"https:\/\/geniwal.be\/?p=3180"},"modified":"2023-04-10T01:39:33","modified_gmt":"2023-04-09T23:39:33","slug":"de-rouille-edouard-louis-isidore","status":"publish","type":"post","link":"https:\/\/geniwal.be\/it\/nos-pistes\/pistes-genealogiques-en-belgique\/recherche-1830\/de-rouille-edouard-louis-isidore\/","title":{"rendered":"de ROUILL\u00c9 Edouard Louis Isidore (Hainaut)"},"content":{"rendered":"<p><span style=\"font-size: 12pt;\"><span style=\"font-family: arial,helvetica,sans-serif;\">Nato il 14 luglio 1786 - Ath, H\u00f4tel de Rouill\u00e9 sull'Esplanade<br \/>\nFiglio di <strong>de ROUILL\u00c9<\/strong> Louis Fran\u00e7ois (morto a Parigi il 25\/11\/1814) e POLLART Marie Antoine Ang\u00e9lique Joseph.\u00a0<\/span><span style=\"font-family: arial,helvetica,sans-serif;\"><br \/>\n<\/span><\/span><\/p>\n<p><span style=\"font-size: 12pt;\"><span style=\"font-family: arial,helvetica,sans-serif;\">Certificato di morte <strong>de ROUILL\u00c9 <\/strong>Edouard Louis Isidore il 10\/09\/1865 a Ormeignies, all'et\u00e0 di 79 anni. Sepolto a Ormeignies, Hainaut.<strong><br \/>\n<\/strong><\/span><\/span><\/p>\n<p><img decoding=\"async\" class=\"wp-image-3182 aligncenter lazyload\" data-src=\"https:\/\/geniwal.be\/wp-content\/uploads\/2019\/04\/ROUILLE-Edouard.jpg\" alt=\"\" width=\"400\" height=\"399\" data-srcset=\"https:\/\/geniwal.be\/wp-content\/uploads\/2019\/04\/ROUILLE-Edouard.jpg 642w, https:\/\/geniwal.be\/wp-content\/uploads\/2019\/04\/ROUILLE-Edouard-300x300.jpg 300w, https:\/\/geniwal.be\/wp-content\/uploads\/2019\/04\/ROUILLE-Edouard-100x100.jpg 100w, https:\/\/geniwal.be\/wp-content\/uploads\/2019\/04\/ROUILLE-Edouard-600x599.jpg 600w, https:\/\/geniwal.be\/wp-content\/uploads\/2019\/04\/ROUILLE-Edouard-150x150.jpg 150w\" data-sizes=\"(max-width: 400px) 100vw, 400px\" src=\"data:image\/svg+xml;base64,PHN2ZyB3aWR0aD0iMSIgaGVpZ2h0PSIxIiB4bWxucz0iaHR0cDovL3d3dy53My5vcmcvMjAwMC9zdmciPjwvc3ZnPg==\" style=\"--smush-placeholder-width: 400px; --smush-placeholder-aspect-ratio: 400\/399;\" \/><\/p>\n<p><span style=\"font-family: arial,helvetica,sans-serif;\">Tenente colonnello sotto l'Impero, membro del Congresso nazionale, questore del Senato, borgomastro di Ath<br \/>\n<\/span><\/p>\n<p><span style=\"font-family: arial,helvetica,sans-serif;\"><img decoding=\"async\" class=\"size-full wp-image-3190 aligncenter lazyload\" data-src=\"https:\/\/geniwal.be\/wp-content\/uploads\/2019\/04\/Aldegonde-van-SEGBROECK.jpg\" alt=\"\" width=\"171\" height=\"230\" src=\"data:image\/svg+xml;base64,PHN2ZyB3aWR0aD0iMSIgaGVpZ2h0PSIxIiB4bWxucz0iaHR0cDovL3d3dy53My5vcmcvMjAwMC9zdmciPjwvc3ZnPg==\" style=\"--smush-placeholder-width: 171px; --smush-placeholder-aspect-ratio: 171\/230;\" \/><strong>Atto di matrimonio del 29\/11\/1815 di ROUILLE\u00a0<\/strong>Edouard Louis Isidore e Aldegonde <strong>van SEGBROECK<\/strong> nata il 14\/01\/1792 a Ath e morta il 14\/06\/1870 a Ormeignies figlia di Cornil<strong><em> van SEGBROECK,\u00a0<\/em><\/strong><em>Borgomastro di Ath (1752-1815) &amp; Maria Aldegonde <\/em><strong><em>CAMBIERE<\/em><\/strong><em>(1754-1825) <\/em><em>29\/11\/1815, Ath,\u00a0<\/em><\/span><em><br \/>\n<\/em><\/p>\n<p><img decoding=\"async\" class=\"wp-image-3186 size-full aligncenter lazyload\" data-src=\"https:\/\/geniwal.be\/wp-content\/uploads\/2019\/04\/MARIAGE-ROUILLE-Isidore-1.jpg\" alt=\"\" width=\"612\" height=\"879\" data-srcset=\"https:\/\/geniwal.be\/wp-content\/uploads\/2019\/04\/MARIAGE-ROUILLE-Isidore-1.jpg 612w, https:\/\/geniwal.be\/wp-content\/uploads\/2019\/04\/MARIAGE-ROUILLE-Isidore-1-300x431.jpg 300w, https:\/\/geniwal.be\/wp-content\/uploads\/2019\/04\/MARIAGE-ROUILLE-Isidore-1-600x862.jpg 600w, https:\/\/geniwal.be\/wp-content\/uploads\/2019\/04\/MARIAGE-ROUILLE-Isidore-1-209x300.jpg 209w\" data-sizes=\"(max-width: 612px) 100vw, 612px\" src=\"data:image\/svg+xml;base64,PHN2ZyB3aWR0aD0iMSIgaGVpZ2h0PSIxIiB4bWxucz0iaHR0cDovL3d3dy53My5vcmcvMjAwMC9zdmciPjwvc3ZnPg==\" style=\"--smush-placeholder-width: 612px; --smush-placeholder-aspect-ratio: 612\/879;\" \/><\/p>\n<p><strong><span style=\"font-family: arial,helvetica,sans-serif;\">Figli di questo matrimonio<br \/>\n<\/span><\/strong><\/p>\n<p><span style=\"font-family: arial,helvetica,sans-serif;\">Corn\u00e9lie de ROUILL\u00c9\u00a0<em><bdo class=\"inline-short-dates-text\" dir=\"ltr\">1817-1892<\/bdo><\/em>\u00a0sposa\u00a0<em>11 ottobre 1853<\/em>\u00a0con Alfred de la BARRE d'ERQUELINNES,\u00a0<em>conteggio<\/em>\u00a0<em><bdo class=\"inline-short-dates-text\" dir=\"ltr\">1814-1889<br \/>\n<\/bdo><\/em>Adh\u00e9mar de ROUILL\u00c9,\u00a0<em>conteggio<\/em>\u00a0<em><bdo class=\"inline-short-dates-text\" dir=\"ltr\">1821-1895<\/bdo><\/em>\u00a0sposato con Louise OSY de ZEGWAART\u00a0<em><bdo class=\"inline-short-dates-text\" dir=\"ltr\">1837-1913<br \/>\n<\/bdo><\/em>Emma de ROUILL\u00c9,\u00a0<em>- dei conti di Rouill\u00e9<\/em>\u00a0<em><bdo class=\"inline-short-dates-text\" dir=\"ltr\">1832-1898<\/bdo><\/em>\u00a0sposa\u00a0<em>11 aprile 1860<\/em>\u00a0con Emile de la BARRE d'ERQUELINNES,\u00a0<em>conteggio<\/em>\u00a0<em><bdo class=\"inline-short-dates-text\" dir=\"ltr\">1822-1904<\/bdo><\/em><\/span><\/p>\n<p><span style=\"font-family: arial,helvetica,sans-serif;\">\u00a0<\/span><\/p>\n<p>&nbsp;<\/p>","protected":false},"excerpt":{"rendered":"<p>N\u00e9 le\u00a014\u00a0juillet\u00a01786 &#8211; Ath, H\u00f4tel de Rouill\u00e9 sur l&rsquo;Esplanade Fils de de ROUILL\u00c9 Louis Fran\u00e7ois (d\u00e9c\u00e9d\u00e9 \u00e0 Paris le 25\/11\/1814) et de POLLART Marie Antoine Ang\u00e9lique Joseph.\u00a0 Acte de d\u00e9c\u00e8s [&hellip;]<\/p>\n","protected":false},"author":2,"featured_media":3181,"comment_status":"open","ping_status":"open","sticky":false,"template":"","format":"standard","meta":{"_et_pb_use_builder":"","_et_pb_old_content":"","_et_gb_content_width":"","footnotes":""},"categories":[80],"tags":[],"class_list":["post-3180","post","type-post","status-publish","format-standard","has-post-thumbnail","hentry","category-recherche-1830","et-has-post-format-content","et_post_format-et-post-format-standard"],"aioseo_notices":[],"_links":{"self":[{"href":"https:\/\/geniwal.be\/it\/wp-json\/wp\/v2\/posts\/3180","targetHints":{"allow":["GET"]}}],"collection":[{"href":"https:\/\/geniwal.be\/it\/wp-json\/wp\/v2\/posts"}],"about":[{"href":"https:\/\/geniwal.be\/it\/wp-json\/wp\/v2\/types\/post"}],"author":[{"embeddable":true,"href":"https:\/\/geniwal.be\/it\/wp-json\/wp\/v2\/users\/2"}],"replies":[{"embeddable":true,"href":"https:\/\/geniwal.be\/it\/wp-json\/wp\/v2\/comments?post=3180"}],"version-history":[{"count":0,"href":"https:\/\/geniwal.be\/it\/wp-json\/wp\/v2\/posts\/3180\/revisions"}],"wp:featuredmedia":[{"embeddable":true,"href":"https:\/\/geniwal.be\/it\/wp-json\/wp\/v2\/media\/3181"}],"wp:attachment":[{"href":"https:\/\/geniwal.be\/it\/wp-json\/wp\/v2\/media?parent=3180"}],"wp:term":[{"taxonomy":"category","embeddable":true,"href":"https:\/\/geniwal.be\/it\/wp-json\/wp\/v2\/categories?post=3180"},{"taxonomy":"post_tag","embeddable":true,"href":"https:\/\/geniwal.be\/it\/wp-json\/wp\/v2\/tags?post=3180"}],"curies":[{"name":"wp","href":"https:\/\/api.w.org\/{rel}","templated":true}]}}