{"id":3428,"date":"2019-05-14T22:18:35","date_gmt":"2019-05-14T20:18:35","guid":{"rendered":"https:\/\/geniwal.be\/?p=3428"},"modified":"2023-04-09T21:29:10","modified_gmt":"2023-04-09T19:29:10","slug":"concile-de-trente","status":"publish","type":"post","link":"https:\/\/geniwal.be\/it\/nos-pistes\/pistes-genealogiques-en-belgique\/archive-en-belgique\/concile-de-trente\/","title":{"rendered":"Preambolo del Concilio di Trento"},"content":{"rendered":"<p><span style=\"font-family: arial, helvetica, sans-serif;\"> Gi\u00e0 nel XV secolo era emersa la necessit\u00e0 di una profonda riforma della Chiesa e delle sue istituzioni. <strong>Pio II, Enea Silvio Piccolomini<\/strong>nato a Corsignano, vicino a Siena, il 18 ottobre 1405 e morto a Roma il 14 agosto 1464, aveva scartato l'idea di un concilio generale nel 1460, un'opinione confermata da <strong>Giulio II, Giuliano Della Rovere<\/strong>nato ad Albissola, vicino a Savona, il 5 settembre 1443 e morto a Roma il 20 febbraio 1513, nel 1512 al Concilio Lateranense (i veri problemi sollevati dalla riforma protestante non erano stati affrontati in quella sede). L'intenzione della Chiesa era infatti quella di non affrettare i dibattiti, di evitare un Concilio di crisi e di realizzare invece riforme ponderate e di ampio respiro.<\/span><span style=\"font-family: arial, helvetica, sans-serif;\">\u00a0\u00a0<\/span><span style=\"font-family: arial, helvetica, sans-serif; font-size: 8pt;\">\u00a0 \u00a0 \u00a0 \u00a0\u00a0<\/span><\/p>\n<p><span style=\"font-family: arial, helvetica, sans-serif;\">Nel 1530, <strong>Carlo V<\/strong> che vedeva il suo impero iniziare a implodere sotto l'effetto delle dispute religiose, annunci\u00f2 alla Dieta di Augusta che presto si sarebbe tenuto un concilio. Temendo di essere messo alle strette, il Papa <strong>Clemente VII, Giullo de Medici<\/strong>nato a Firenze il 26 maggio 1478 e morto a Roma il 25 settembre 1534, convoc\u00f2 una riunione poco dopo, ma senza specificare n\u00e9 il luogo n\u00e9 la data. Fu il suo successore <strong>Paolo III, Alessandro Farnese<\/strong>Nato a Canino nel febbraio del 1468 e morto a Roma nel novembre del 1549, su insistenza di Carlo V il duca di Mantova fiss\u00f2 la data del suo matrimonio al 27 maggio 1537. Il duca di Mantova aveva imposto condizioni troppo restrittive, <strong>Paolo III<\/strong> Fu rinviato prima a Vicenza e poi finalmente a Trento, una piccola citt\u00e0 episcopale del Tirolo italiano. La prima sessione del Concilio ecumenico di Trento si apr\u00ec solo il 13 dicembre 1545, pi\u00f9 di 8 anni dopo la data originariamente prevista. Il suo scopo era quello di consentire alla Chiesa di attuare la propria riforma e di riunire nuovamente i cristiani. Sebbene abbia avuto il merito di abolire alcuni degli abusi della Chiesa cattolica e di rivedere le sue istituzioni, ha portato alla separazione definitiva della Chiesa dalla Chiesa.\u00a0<\/span><span style=\"font-family: arial, helvetica, sans-serif;\">delle due religioni.<\/span><\/p>\n<p><img decoding=\"async\" class=\"alignnone wp-image-3452 aligncenter lazyload\" data-src=\"https:\/\/geniwal.be\/wp-content\/uploads\/2019\/05\/PIE-12--217x300.jpg\" alt=\"\" width=\"200\" height=\"276\" data-srcset=\"https:\/\/geniwal.be\/wp-content\/uploads\/2019\/05\/PIE-12--217x300.jpg 217w, https:\/\/geniwal.be\/wp-content\/uploads\/2019\/05\/PIE-12--300x414.jpg 300w, https:\/\/geniwal.be\/wp-content\/uploads\/2019\/05\/PIE-12-.jpg 505w\" data-sizes=\"(max-width: 200px) 100vw, 200px\" src=\"data:image\/svg+xml;base64,PHN2ZyB3aWR0aD0iMSIgaGVpZ2h0PSIxIiB4bWxucz0iaHR0cDovL3d3dy53My5vcmcvMjAwMC9zdmciPjwvc3ZnPg==\" style=\"--smush-placeholder-width: 200px; --smush-placeholder-aspect-ratio: 200\/276;\" \/><img decoding=\"async\" class=\"alignnone wp-image-3450 aligncenter lazyload\" data-src=\"https:\/\/geniwal.be\/wp-content\/uploads\/2019\/05\/JULES-2-213x300.jpg\" alt=\"\" width=\"198\" height=\"278\" data-srcset=\"https:\/\/geniwal.be\/wp-content\/uploads\/2019\/05\/JULES-2-213x300.jpg 213w, https:\/\/geniwal.be\/wp-content\/uploads\/2019\/05\/JULES-2-300x422.jpg 300w, https:\/\/geniwal.be\/wp-content\/uploads\/2019\/05\/JULES-2.jpg 500w\" data-sizes=\"(max-width: 198px) 100vw, 198px\" src=\"data:image\/svg+xml;base64,PHN2ZyB3aWR0aD0iMSIgaGVpZ2h0PSIxIiB4bWxucz0iaHR0cDovL3d3dy53My5vcmcvMjAwMC9zdmciPjwvc3ZnPg==\" style=\"--smush-placeholder-width: 198px; --smush-placeholder-aspect-ratio: 198\/278;\" \/><img decoding=\"async\" class=\"alignnone wp-image-3453 aligncenter lazyload\" data-src=\"https:\/\/geniwal.be\/wp-content\/uploads\/2019\/05\/CLEMENT-7-1-200x300.jpg\" alt=\"\" width=\"185\" height=\"278\" data-srcset=\"https:\/\/geniwal.be\/wp-content\/uploads\/2019\/05\/CLEMENT-7-1-200x300.jpg 200w, https:\/\/geniwal.be\/wp-content\/uploads\/2019\/05\/CLEMENT-7-1-300x450.jpg 300w, https:\/\/geniwal.be\/wp-content\/uploads\/2019\/05\/CLEMENT-7-1.jpg 450w\" data-sizes=\"(max-width: 185px) 100vw, 185px\" src=\"data:image\/svg+xml;base64,PHN2ZyB3aWR0aD0iMSIgaGVpZ2h0PSIxIiB4bWxucz0iaHR0cDovL3d3dy53My5vcmcvMjAwMC9zdmciPjwvc3ZnPg==\" style=\"--smush-placeholder-width: 185px; --smush-placeholder-aspect-ratio: 185\/278;\" \/><img decoding=\"async\" class=\"alignnone wp-image-3451 aligncenter lazyload\" data-src=\"https:\/\/geniwal.be\/wp-content\/uploads\/2019\/05\/PAUL-3-237x300.jpg\" alt=\"\" width=\"219\" height=\"277\" data-srcset=\"https:\/\/geniwal.be\/wp-content\/uploads\/2019\/05\/PAUL-3-237x300.jpg 237w, https:\/\/geniwal.be\/wp-content\/uploads\/2019\/05\/PAUL-3-300x380.jpg 300w, https:\/\/geniwal.be\/wp-content\/uploads\/2019\/05\/PAUL-3.jpg 550w\" data-sizes=\"(max-width: 219px) 100vw, 219px\" src=\"data:image\/svg+xml;base64,PHN2ZyB3aWR0aD0iMSIgaGVpZ2h0PSIxIiB4bWxucz0iaHR0cDovL3d3dy53My5vcmcvMjAwMC9zdmciPjwvc3ZnPg==\" style=\"--smush-placeholder-width: 219px; --smush-placeholder-aspect-ratio: 219\/277;\" \/><\/p>\n<p><span style=\"font-family: arial, helvetica, sans-serif;\"><span style=\"font-family: arial, helvetica, sans-serif; font-size: 8pt;\">\u00a0 \u00a0 \u00a0 \u00a0 \u00a0 Enea Silvio Piccolomini (Pio II) Giuliono Della Rovere (Giulio II) Guillio de Medici ( Clemente VII) Alessandro Farnese (Paolo III)\u00a0 \u00a0\u00a0<\/span><br \/>\n<\/span><\/p>\n<p><span style=\"color: #0000ff; font-size: 10pt;\"><span style=\"font-family: arial,helvetica,sans-serif;\"><strong>A<\/strong> :<\/span>\u00a0<a href=\"https:\/\/geniwal.be\/it\/concile-de-trente-sessions-1-a-8-13-12-1745-17-09-1547\/\">Consiglio di Trento - Sessioni da 1 a 8 (13\/12\/1745 - 17\/09\/1547)<\/a><\/span><\/p>\n<p><span style=\"font-family: arial,helvetica,sans-serif;\">2019 Heraly Yves - G\u00e9niWal Magazine n\u00b0 21, 2004 tutti i diritti riservati.<\/span><\/p>","protected":false},"excerpt":{"rendered":"<p>D\u00e9j\u00e0 au XV\u00e8me si\u00e8cle s&rsquo;\u00e9tait fait sentir la n\u00e9cessit\u00e9 dune r\u00e9forme profonde de l&rsquo;\u00c9glise et de ses institutions, le pape Pie II, Enea Silvio Piccolomini, n\u00e9 \u00e0 Corsignano,\u00a0pr\u00e8s de Sienne [&hellip;]<\/p>\n","protected":false},"author":2,"featured_media":3452,"comment_status":"open","ping_status":"open","sticky":false,"template":"","format":"standard","meta":{"_et_pb_use_builder":"","_et_pb_old_content":"","_et_gb_content_width":"","footnotes":""},"categories":[74,86],"tags":[],"class_list":["post-3428","post","type-post","status-publish","format-standard","has-post-thumbnail","hentry","category-archive-en-belgique","category-archives-religieuses-1600-1796","et-has-post-format-content","et_post_format-et-post-format-standard"],"aioseo_notices":[],"_links":{"self":[{"href":"https:\/\/geniwal.be\/it\/wp-json\/wp\/v2\/posts\/3428","targetHints":{"allow":["GET"]}}],"collection":[{"href":"https:\/\/geniwal.be\/it\/wp-json\/wp\/v2\/posts"}],"about":[{"href":"https:\/\/geniwal.be\/it\/wp-json\/wp\/v2\/types\/post"}],"author":[{"embeddable":true,"href":"https:\/\/geniwal.be\/it\/wp-json\/wp\/v2\/users\/2"}],"replies":[{"embeddable":true,"href":"https:\/\/geniwal.be\/it\/wp-json\/wp\/v2\/comments?post=3428"}],"version-history":[{"count":0,"href":"https:\/\/geniwal.be\/it\/wp-json\/wp\/v2\/posts\/3428\/revisions"}],"wp:featuredmedia":[{"embeddable":true,"href":"https:\/\/geniwal.be\/it\/wp-json\/wp\/v2\/media\/3452"}],"wp:attachment":[{"href":"https:\/\/geniwal.be\/it\/wp-json\/wp\/v2\/media?parent=3428"}],"wp:term":[{"taxonomy":"category","embeddable":true,"href":"https:\/\/geniwal.be\/it\/wp-json\/wp\/v2\/categories?post=3428"},{"taxonomy":"post_tag","embeddable":true,"href":"https:\/\/geniwal.be\/it\/wp-json\/wp\/v2\/tags?post=3428"}],"curies":[{"name":"wp","href":"https:\/\/api.w.org\/{rel}","templated":true}]}}