{"id":3477,"date":"2019-05-15T14:36:01","date_gmt":"2019-05-15T12:36:01","guid":{"rendered":"https:\/\/geniwal.be\/?p=3477"},"modified":"2023-04-09T21:36:09","modified_gmt":"2023-04-09T19:36:09","slug":"le-concile-de-trente-sessions-17-a-25-18-01-1562-04-12-1563","status":"publish","type":"post","link":"https:\/\/geniwal.be\/it\/nos-pistes\/pistes-genealogiques-en-belgique\/archive-en-belgique\/le-concile-de-trente-sessions-17-a-25-18-01-1562-04-12-1563\/","title":{"rendered":"Il Consiglio dei Trenta Sessioni 17-25 (18\/01\/1562 - 04\/12\/1563)"},"content":{"rendered":"<p><span style=\"font-family: arial, helvetica, sans-serif;\">Il successore di Giulio III, Papa Paolo IV, Gian Pietro Caraffa, nato a Capriglio il 28 giugno 1476 e morto a Roma il 18 agosto 1559, fu molto intransigente e il Concilio dovette attendere l'arrivo di Pio IV, Gian Angelo Medici o Medighino, nato a Milano il 31 marzo 1499 e morto a Roma il 9 dicembre 1565, prima di poter riprendere. Il rifiuto dei protestanti e dei francesi di partecipare a un Concilio che ritenevano troppo legato a Roma ritard\u00f2 ancora una volta l'inizio delle sessioni. Queste ripresero il 18 gennaio 1562 e si concentrarono sui libri proibiti, sulla comunione e sul sacrificio della Messa. L'imperatore chiese l'abolizione del celibato sacerdotale e il permesso ai laici di tenere il calice, ma queste questioni furono rimandate al Papa, che ovviamente si oppose. Le sessioni successive si trascinarono, una nuova tattica della Chiesa per mettere a tacere l'opposizione. La noia e lo scoraggiamento dei partecipanti permisero la facile adozione di decreti sul celibato dei sacerdoti, sul purgatorio, sull'adorazione dei santi e il culto delle reliquie, sui giovani, ecc. La fine del Concilio fu proclamata il 4 dicembre 1563 e le decisioni furono confermate dal Papa nel gennaio 1564.<\/span><\/p>\n<p><span style=\"font-family: arial, helvetica, sans-serif;\">Sintesi I risultati del Concilio non furono quelli sperati dall'Imperatore e dai popoli europei. Non riusc\u00ec a riportare i protestanti all'ovile della Chiesa e, anzi, l'opposizione tra le due religioni si fece pi\u00f9 netta. Tuttavia, il Concilio ebbe il merito di fissare la dottrina cattolica e di abolire un buon numero di abusi. I suoi decreti furono accettati quasi senza riserve in tutta Europa.<\/span><\/p>\n<p><img decoding=\"async\" class=\"wp-image-3484 aligncenter lazyload\" data-src=\"https:\/\/geniwal.be\/wp-content\/uploads\/2019\/05\/PAUL-IV-208x300.jpg\" alt=\"\" width=\"208\" height=\"299\" data-srcset=\"https:\/\/geniwal.be\/wp-content\/uploads\/2019\/05\/PAUL-IV-208x300.jpg 208w, https:\/\/geniwal.be\/wp-content\/uploads\/2019\/05\/PAUL-IV.jpg 250w\" data-sizes=\"(max-width: 208px) 100vw, 208px\" src=\"data:image\/svg+xml;base64,PHN2ZyB3aWR0aD0iMSIgaGVpZ2h0PSIxIiB4bWxucz0iaHR0cDovL3d3dy53My5vcmcvMjAwMC9zdmciPjwvc3ZnPg==\" style=\"--smush-placeholder-width: 208px; --smush-placeholder-aspect-ratio: 208\/299;\" \/><img decoding=\"async\" class=\"size-medium wp-image-3493 aligncenter lazyload\" data-src=\"https:\/\/geniwal.be\/wp-content\/uploads\/2019\/05\/img-Pope-Pius-IV-1-275x300.jpg\" alt=\"\" width=\"275\" height=\"300\" data-srcset=\"https:\/\/geniwal.be\/wp-content\/uploads\/2019\/05\/img-Pope-Pius-IV-1-275x300.jpg 275w, https:\/\/geniwal.be\/wp-content\/uploads\/2019\/05\/img-Pope-Pius-IV-1-300x327.jpg 300w, https:\/\/geniwal.be\/wp-content\/uploads\/2019\/05\/img-Pope-Pius-IV-1.jpg 400w\" data-sizes=\"(max-width: 275px) 100vw, 275px\" src=\"data:image\/svg+xml;base64,PHN2ZyB3aWR0aD0iMSIgaGVpZ2h0PSIxIiB4bWxucz0iaHR0cDovL3d3dy53My5vcmcvMjAwMC9zdmciPjwvc3ZnPg==\" style=\"--smush-placeholder-width: 275px; --smush-placeholder-aspect-ratio: 275\/300;\" \/><\/p>\n<p><span style=\"font-family: arial, helvetica, sans-serif; font-size: 8pt;\">\u00a0 \u00a0 \u00a0 \u00a0 \u00a0 Gian Pietro Caraffa (Paolo IV) Gian Angelo Medici o Medighino (Pio IV)<\/span><\/p>\n<p><span style=\"font-family: arial,helvetica,sans-serif; font-size: 10pt;\"><br \/>\n<a href=\"https:\/\/geniwal.be\/wp-admin\/post.php?post=3421&amp;action=edit\"><strong>Torna alla pagina : Consiglio dei Trenta<\/strong><\/a><\/span><\/p>\n<p>Fonti iconografiche :\u00a0<a href=\"https:\/\/www.google.com\/search?rlz=1C1CHBF_frBE844BE844&amp;q=Images+Gian+Pietro+Caraffa+(Paul+IV)&amp;tbm=isch&amp;source=univ&amp;sa=X&amp;ved=2ahUKEwiMnuL-5J_iAhVNDewKHRFuAJUQsAR6BAgJEAE&amp;biw=1366&amp;bih=657#imgrc=lXFeGFybRkDQsM:\">Gian Pietro Caraffa (Paolo IV)<\/a> - Gian Angelo Medici o Medighino (Pio IV)<\/p>\n<p><span style=\"font-family: arial,helvetica,sans-serif; font-size: 10pt;\">2019 Heraly Yves - G\u00e9niWal Magazine n\u00b0 21, 2004 tutti i diritti riservati.<\/span><\/p>","protected":false},"excerpt":{"rendered":"<p>Le successeur de Jules III, le pape Paul IV, Gian Pietro Caraffa n\u00e9 \u00a0Capriglio le 28 juin 1476 et d\u00e9c\u00e9d\u00e9\u00a0 Rome le 18 ao\u00fbt 1559 se montra fort intransigeant et [&hellip;]<\/p>\n","protected":false},"author":2,"featured_media":3493,"comment_status":"open","ping_status":"open","sticky":false,"template":"","format":"standard","meta":{"_et_pb_use_builder":"","_et_pb_old_content":"","_et_gb_content_width":"","footnotes":""},"categories":[74,86],"tags":[],"class_list":["post-3477","post","type-post","status-publish","format-standard","has-post-thumbnail","hentry","category-archive-en-belgique","category-archives-religieuses-1600-1796","et-has-post-format-content","et_post_format-et-post-format-standard"],"aioseo_notices":[],"_links":{"self":[{"href":"https:\/\/geniwal.be\/it\/wp-json\/wp\/v2\/posts\/3477","targetHints":{"allow":["GET"]}}],"collection":[{"href":"https:\/\/geniwal.be\/it\/wp-json\/wp\/v2\/posts"}],"about":[{"href":"https:\/\/geniwal.be\/it\/wp-json\/wp\/v2\/types\/post"}],"author":[{"embeddable":true,"href":"https:\/\/geniwal.be\/it\/wp-json\/wp\/v2\/users\/2"}],"replies":[{"embeddable":true,"href":"https:\/\/geniwal.be\/it\/wp-json\/wp\/v2\/comments?post=3477"}],"version-history":[{"count":0,"href":"https:\/\/geniwal.be\/it\/wp-json\/wp\/v2\/posts\/3477\/revisions"}],"wp:featuredmedia":[{"embeddable":true,"href":"https:\/\/geniwal.be\/it\/wp-json\/wp\/v2\/media\/3493"}],"wp:attachment":[{"href":"https:\/\/geniwal.be\/it\/wp-json\/wp\/v2\/media?parent=3477"}],"wp:term":[{"taxonomy":"category","embeddable":true,"href":"https:\/\/geniwal.be\/it\/wp-json\/wp\/v2\/categories?post=3477"},{"taxonomy":"post_tag","embeddable":true,"href":"https:\/\/geniwal.be\/it\/wp-json\/wp\/v2\/tags?post=3477"}],"curies":[{"name":"wp","href":"https:\/\/api.w.org\/{rel}","templated":true}]}}