{"id":3677,"date":"2019-06-27T11:05:01","date_gmt":"2019-06-27T09:05:01","guid":{"rendered":"https:\/\/geniwal.be\/?p=3677"},"modified":"2023-04-05T17:24:01","modified_gmt":"2023-04-05T15:24:01","slug":"bosquet-gustave-jean-ferdinand","status":"publish","type":"post","link":"https:\/\/geniwal.be\/it\/nos-pistes\/personnalites-belges\/bosquet-gustave-jean-ferdinand\/","title":{"rendered":"BOSQUET Gustave Jean Ferdinand"},"content":{"rendered":"<p><span style=\"font-size: 18pt;\"><span style=\"font-family: arial, helvetica, sans-serif;\">Nato a Bruxelles l'11 Termidoro IX e morto a Saint-Gilles-Lez-Bruxelles il 14 marzo 1876. Figlio di <strong>Jean-Baptiste<\/strong> <strong>BOSCHETTO<\/strong> (avvocato) e <strong>Jos\u00e9phine DELACROIX. <\/strong>Si \u00e8 sposato il 2 luglio 1833 a Bruxelles <strong>Isabelle T'KINT\u00a0<\/strong>nata il 28 luglio 1808. Figlia di <strong>Jean Baptiste t'KINT<\/strong> e Th\u00e9r\u00e8se <strong>van der SCHUEREN <\/strong>mor\u00ec a Ch\u00e2teau de la Falise a Rhisnes l'08 settembre 1878.<br \/>\nEntrambi sono\u00a0<\/span><span style=\"font-family: arial, helvetica, sans-serif;\">sepolto nel cimitero di Rhisnes, provincia di Namur.<\/span><\/span><\/p>\n<div id=\"attachment_3692\" style=\"width: 560px\" class=\"wp-caption aligncenter\"><img decoding=\"async\" aria-describedby=\"caption-attachment-3692\" class=\"wp-image-3692 lazyload\" data-src=\"https:\/\/geniwal.be\/wp-content\/uploads\/2019\/06\/DSC_9569a-681x1024.jpg\" alt=\"\" width=\"550\" height=\"827\" data-srcset=\"https:\/\/geniwal.be\/wp-content\/uploads\/2019\/06\/DSC_9569a-681x1024.jpg 681w, https:\/\/geniwal.be\/wp-content\/uploads\/2019\/06\/DSC_9569a-300x451.jpg 300w, https:\/\/geniwal.be\/wp-content\/uploads\/2019\/06\/DSC_9569a-600x902.jpg 600w, https:\/\/geniwal.be\/wp-content\/uploads\/2019\/06\/DSC_9569a-199x300.jpg 199w, https:\/\/geniwal.be\/wp-content\/uploads\/2019\/06\/DSC_9569a-768x1155.jpg 768w, https:\/\/geniwal.be\/wp-content\/uploads\/2019\/06\/DSC_9569a-scaled.jpg 665w\" data-sizes=\"(max-width: 550px) 100vw, 550px\" src=\"data:image\/svg+xml;base64,PHN2ZyB3aWR0aD0iMSIgaGVpZ2h0PSIxIiB4bWxucz0iaHR0cDovL3d3dy53My5vcmcvMjAwMC9zdmciPjwvc3ZnPg==\" style=\"--smush-placeholder-width: 550px; --smush-placeholder-aspect-ratio: 550\/827;\" \/><p id=\"caption-attachment-3692\" class=\"wp-caption-text\">Chiesa di Rhisnes<\/p><\/div>\n<p><span style=\"font-size: 18pt;\"><span style=\"font-family: arial, helvetica, sans-serif;\"><br \/>\nGustave Jean Ferdinand ottiene un<\/span><\/span><span style=\"font-family: arial, helvetica, sans-serif;\"><span style=\"font-size: 18pt;\">\u00a0All'Universit\u00e0 di Leida (1824) ottiene il dottorato in legge con una tesi pubblicata con il titolo De l'agnitione librorum naturalium . Dopo aver esercitato per breve tempo la professione di avvocato a Bruxelles, opt\u00f2 per una carriera nel sistema giudiziario.<\/span> :<\/span><\/p>\n<div id=\"attachment_3678\" style=\"width: 810px\" class=\"wp-caption aligncenter\"><img decoding=\"async\" aria-describedby=\"caption-attachment-3678\" class=\"wp-image-3678 lazyload\" data-src=\"https:\/\/geniwal.be\/wp-content\/uploads\/2019\/06\/RHISNES_CIMETIERE_037.jpg\" alt=\"\" width=\"800\" height=\"532\" src=\"data:image\/svg+xml;base64,PHN2ZyB3aWR0aD0iMSIgaGVpZ2h0PSIxIiB4bWxucz0iaHR0cDovL3d3dy53My5vcmcvMjAwMC9zdmciPjwvc3ZnPg==\" style=\"--smush-placeholder-width: 800px; --smush-placeholder-aspect-ratio: 800\/532;\" \/><p id=\"caption-attachment-3678\" class=\"wp-caption-text\">Lapide situata nel cimitero di Rhisnes provincia di Namur<\/p><\/div>\n<p>&nbsp;<\/p>\n<div id=\"attachment_3682\" style=\"width: 359px\" class=\"wp-caption aligncenter\"><img decoding=\"async\" aria-describedby=\"caption-attachment-3682\" class=\"wp-image-3682 size-full lazyload\" data-src=\"https:\/\/geniwal.be\/wp-content\/uploads\/2019\/06\/BOSQUET-FAIRE-PART001.jpg\" alt=\"\" width=\"349\" height=\"453\" data-srcset=\"https:\/\/geniwal.be\/wp-content\/uploads\/2019\/06\/BOSQUET-FAIRE-PART001.jpg 349w, https:\/\/geniwal.be\/wp-content\/uploads\/2019\/06\/BOSQUET-FAIRE-PART001-300x389.jpg 300w, https:\/\/geniwal.be\/wp-content\/uploads\/2019\/06\/BOSQUET-FAIRE-PART001-231x300.jpg 231w\" data-sizes=\"(max-width: 349px) 100vw, 349px\" src=\"data:image\/svg+xml;base64,PHN2ZyB3aWR0aD0iMSIgaGVpZ2h0PSIxIiB4bWxucz0iaHR0cDovL3d3dy53My5vcmcvMjAwMC9zdmciPjwvc3ZnPg==\" style=\"--smush-placeholder-width: 349px; --smush-placeholder-aspect-ratio: 349\/453;\" \/><p id=\"caption-attachment-3682\" class=\"wp-caption-text\"><span style=\"font-family: arial, helvetica, sans-serif;\"> Annuncio della morte di Isabelle t'KINT<\/span><\/p><\/div>\n<p>&nbsp;<\/p>\n<p><span style=\"font-size: 18pt;\"><strong><span style=\"font-family: arial, helvetica, sans-serif;\">Iconografia :<\/span><\/strong><\/span><br \/>\n<span style=\"font-family: arial, helvetica, sans-serif; font-size: 18pt;\">Iscrizione funeraria di BOSQUET Gustave Jean Ferdinand (Yves Heraly, tutti i diritti riservati)<br \/>\nChiesa di Rhisnes provincia di Namur (Yves Heraly tutti i diritti riservati)<\/span><\/p>\n<p><span style=\"font-family: arial, helvetica, sans-serif; font-size: 18pt;\"><strong>Fonti :<\/strong><\/span><br \/>\n<span style=\"font-size: 18pt; font-family: arial, helvetica, sans-serif;\">https:\/\/unionisme.be\/Bosquet.htm<\/span><\/p>\n<p>&nbsp;<\/p>","protected":false},"excerpt":{"rendered":"<p>N\u00e9 le 11 thermidor an IX \u00e0 Bruxelles et d\u00e9c\u00e9d\u00e9 le \u00e0 Saint-Gilles-Lez-Bruxelles le 14 mars 1876. Fils de Jean-Baptiste BOSQUET (avocat) et de Jos\u00e9phine DELACROIX. Il\u00a0\u00e9pouse le 2 juillet [&hellip;]<\/p>\n","protected":false},"author":2,"featured_media":3686,"comment_status":"open","ping_status":"open","sticky":false,"template":"","format":"standard","meta":{"_et_pb_use_builder":"","_et_pb_old_content":"","_et_gb_content_width":"","footnotes":""},"categories":[93,89],"tags":[],"class_list":["post-3677","post","type-post","status-publish","format-standard","has-post-thumbnail","hentry","category-nos-pistes","category-personnalites-belges","et-has-post-format-content","et_post_format-et-post-format-standard"],"aioseo_notices":[],"_links":{"self":[{"href":"https:\/\/geniwal.be\/it\/wp-json\/wp\/v2\/posts\/3677","targetHints":{"allow":["GET"]}}],"collection":[{"href":"https:\/\/geniwal.be\/it\/wp-json\/wp\/v2\/posts"}],"about":[{"href":"https:\/\/geniwal.be\/it\/wp-json\/wp\/v2\/types\/post"}],"author":[{"embeddable":true,"href":"https:\/\/geniwal.be\/it\/wp-json\/wp\/v2\/users\/2"}],"replies":[{"embeddable":true,"href":"https:\/\/geniwal.be\/it\/wp-json\/wp\/v2\/comments?post=3677"}],"version-history":[{"count":0,"href":"https:\/\/geniwal.be\/it\/wp-json\/wp\/v2\/posts\/3677\/revisions"}],"wp:featuredmedia":[{"embeddable":true,"href":"https:\/\/geniwal.be\/it\/wp-json\/wp\/v2\/media\/3686"}],"wp:attachment":[{"href":"https:\/\/geniwal.be\/it\/wp-json\/wp\/v2\/media?parent=3677"}],"wp:term":[{"taxonomy":"category","embeddable":true,"href":"https:\/\/geniwal.be\/it\/wp-json\/wp\/v2\/categories?post=3677"},{"taxonomy":"post_tag","embeddable":true,"href":"https:\/\/geniwal.be\/it\/wp-json\/wp\/v2\/tags?post=3677"}],"curies":[{"name":"wp","href":"https:\/\/api.w.org\/{rel}","templated":true}]}}