{"id":3742,"date":"2019-07-17T22:15:48","date_gmt":"2019-07-17T20:15:48","guid":{"rendered":"https:\/\/geniwal.be\/?p=3742"},"modified":"2020-03-10T13:15:41","modified_gmt":"2020-03-10T12:15:41","slug":"de-brouckere-charles-marie-joseph-ghislain","status":"publish","type":"post","link":"https:\/\/geniwal.be\/it\/nos-pistes\/personnalites-belges\/de-brouckere-charles-marie-joseph-ghislain\/","title":{"rendered":"de BROUCKERE Charles Marie Joseph Ghislain"},"content":{"rendered":"<div class=\"flt_l\">\n<div>\n<div id=\"attachment_3743\" style=\"width: 229px\" class=\"wp-caption aligncenter\"><img decoding=\"async\" aria-describedby=\"caption-attachment-3743\" class=\"wp-image-3743 size-medium lazyload\" data-src=\"https:\/\/geniwal.be\/wp-content\/uploads\/2019\/07\/220px-Charles_de_Brouck\u00e8re-219x300.png\" alt=\"\" width=\"219\" height=\"300\" data-srcset=\"https:\/\/geniwal.be\/wp-content\/uploads\/2019\/07\/220px-Charles_de_Brouck\u00e8re-219x300.png 219w, https:\/\/geniwal.be\/wp-content\/uploads\/2019\/07\/220px-Charles_de_Brouck\u00e8re.png 220w\" data-sizes=\"(max-width: 219px) 100vw, 219px\" src=\"data:image\/svg+xml;base64,PHN2ZyB3aWR0aD0iMSIgaGVpZ2h0PSIxIiB4bWxucz0iaHR0cDovL3d3dy53My5vcmcvMjAwMC9zdmciPjwvc3ZnPg==\" style=\"--smush-placeholder-width: 219px; --smush-placeholder-aspect-ratio: 219\/300;\" \/><p id=\"caption-attachment-3743\" class=\"wp-caption-text\"><span style=\"font-family: arial, helvetica, sans-serif;\">de BROUCKERE Charles Marie Joseph Ghislain<\/span><\/p><\/div>\n<p><img decoding=\"async\" class=\"wp-image-3762 aligncenter lazyload\" data-src=\"https:\/\/geniwal.be\/wp-content\/uploads\/2019\/07\/DE-BROUCKERE_002.jpg\" alt=\"\" width=\"500\" height=\"183\" data-srcset=\"https:\/\/geniwal.be\/wp-content\/uploads\/2019\/07\/DE-BROUCKERE_002.jpg 1200w, https:\/\/geniwal.be\/wp-content\/uploads\/2019\/07\/DE-BROUCKERE_002-300x110.jpg 300w, https:\/\/geniwal.be\/wp-content\/uploads\/2019\/07\/DE-BROUCKERE_002-600x220.jpg 600w, https:\/\/geniwal.be\/wp-content\/uploads\/2019\/07\/DE-BROUCKERE_002-768x282.jpg 768w, https:\/\/geniwal.be\/wp-content\/uploads\/2019\/07\/DE-BROUCKERE_002-1024x375.jpg 1024w\" data-sizes=\"(max-width: 500px) 100vw, 500px\" src=\"data:image\/svg+xml;base64,PHN2ZyB3aWR0aD0iMSIgaGVpZ2h0PSIxIiB4bWxucz0iaHR0cDovL3d3dy53My5vcmcvMjAwMC9zdmciPjwvc3ZnPg==\" style=\"--smush-placeholder-width: 500px; --smush-placeholder-aspect-ratio: 500\/183;\" \/><\/p>\n<\/div>\n<\/div>\n<p><span style=\"font-family: arial, helvetica, sans-serif; font-size: 12pt;\">Figlio di Charles <strong>de BROUCKERE (\u00a0<\/strong>nato il 06 ottobre 1757 a Torhout e morto il 29 aprile 1850 a Bruges) e\u00a0<strong>de STOOP<\/strong>\u00a0Charlotte Marie Anne Colette (nata il 24 settembre 1767 a Bruges, morta il 19 aprile 1846).  Nacque il 26 febbraio 1796 a Bruges e mor\u00ec il 20 aprile 1860 a Bruxelles. Sepolta nel cimitero di Bruxelles a Evere (prato 8, grande rotonda, vicino al prato 14). Sposato con <strong>VISSCHER<\/strong> Marie Gertrude (nata il 03 settembre 1798 a Maastricht (Paesi Bassi), morta il 07 febbraio 1876 a Bruxelles).<\/span><\/p>\n<p><span style=\"font-family: arial, helvetica, sans-serif; font-size: 12pt;\">Da questa unione sono nati 3 figli:<\/span><\/p>\n<p><span style=\"font-family: arial, helvetica, sans-serif; font-size: 12pt;\"><strong>de BROUCKERE<\/strong>Alfred nato il 19 gennaio 1817 a Maastricht (Paesi Bassi)<\/span><br \/>\n<span style=\"font-family: arial, helvetica, sans-serif; font-size: 12pt;\"><strong>de BROUCKERE <\/strong>Elisabeth Marie Charlotte nata il 27 luglio 1820 a Maastricht (Paesi Bassi)<\/span><br \/>\n<span style=\"font-family: arial, helvetica, sans-serif; font-size: 12pt;\"><strong>de BROUCKERE<\/strong>\u00a0Caroline nata il 30 luglio 1822 a Maastricht (Paesi Bassi)<\/span><\/p>\n<p><span style=\"font-family: arial, helvetica, sans-serif; font-size: 12pt;\"><span style=\"text-decoration: underline;\"><strong>de BROUCKERE<\/strong> Charles Marie Joseph Ghislain aveva 4 fratelli e sorelle, i cui nomi sono i seguenti<\/span> :<\/span><br \/>\n<span style=\"font-family: arial, helvetica, sans-serif; font-size: 12pt;\"><strong><br \/>\nde BROUCKERE\u00a0<\/strong>Pauline Marie Ghislaine<\/span><br \/>\n<span style=\"font-family: arial, helvetica, sans-serif; font-size: 12pt;\"><strong>de BROUCKERE\u00a0<\/strong>Marie Pauline<\/span><br \/>\n<span style=\"font-family: arial, helvetica, sans-serif; font-size: 12pt;\"><strong>de BROUCKERE<\/strong>\u00a0Henri Ghislain Joseph Marie Hyacinthe<\/span><br \/>\n<span style=\"font-family: arial, helvetica, sans-serif; font-size: 12pt;\"><strong>de BROUCKERE<\/strong>\u00a0Edouard Bernard Edmond.<\/span><\/p>\n<p><span style=\"font-family: arial, helvetica, sans-serif; font-size: 12pt;\"><strong>Biografia :<\/strong><\/span><\/p>\n<p><span style=\"font-family: arial, helvetica, sans-serif; font-size: 12pt;\">1815 - Ufficiale di artiglieria.<\/span><br \/>\n<span style=\"font-family: arial, helvetica, sans-serif; font-size: 12pt;\">1824 - Membro degli Stati provinciali e della Deputazione permanente del Limburgo.<\/span><br \/>\n<span style=\"font-family: arial, helvetica, sans-serif; font-size: 12pt;\">1826 - Membro della Seconda Camera degli Stati Generali.<\/span><br \/>\n<span style=\"font-family: arial, helvetica, sans-serif; font-size: 12pt;\">1830 - Colonnello di artiglieria. - Governatore militare della provincia di Liegi. - Membro del Comitato per la Costituzione - membro del Congresso nazionale.<\/span><br \/>\n<span style=\"font-family: arial, helvetica, sans-serif; font-size: 12pt;\">1831 - Aiutante di campo del Re<\/span><br \/>\n<span style=\"font-family: arial, helvetica, sans-serif; font-size: 12pt;\">1831 e 1832 - Membro della Camera dei Deputati, Ministro delle Finanze, Ministro dell'Interno e della Guerra.<\/span><br \/>\n<span style=\"font-family: arial, helvetica, sans-serif; font-size: 12pt;\">1834 - Professore all'Universit\u00e0 di Liegi.<\/span><br \/>\n<span style=\"font-family: arial, helvetica, sans-serif; font-size: 12pt;\">1835 - Direttore della Banca del Belgio.<\/span><br \/>\n<span style=\"font-family: arial, helvetica, sans-serif; font-size: 12pt;\">1847 - Membro del Consiglio comunale di Bruxelles.<\/span><br \/>\n<span style=\"font-family: arial, helvetica, sans-serif; font-size: 12pt;\">Tra il 1851 e il 1856 - 1857 e 1860 membro della Camera dei Rappresentanti.<\/span><br \/>\n<span style=\"font-family: arial, helvetica, sans-serif; font-size: 12pt;\">1851 e 1855 - Presidente della commissione belga alle Esposizioni universali di Londra e Parigi.<\/span><br \/>\n<span style=\"font-family: arial, helvetica, sans-serif; font-size: 12pt;\">Tra il 1848 e il 1860 \u00e8 stato sindaco di Bruxelles.<\/span><\/p>\n<p><span style=\"font-family: arial, helvetica, sans-serif; font-size: 12pt;\"><strong>Fonti :<\/strong><\/span><br \/>\n<span style=\"font-family: arial, helvetica, sans-serif; font-size: 12pt;\"><a href=\"https:\/\/www.fine-arts-museum.be\/fr\/la-collection\/guillaume-geefs-charles-de-brouckere-bourgmestre-de-bruxelles-1796-1860\">https:\/\/www.fine-arts-museum.be\/fr\/la-collection\/guillaume-geefs-charles-de-brouckere-bourgmestre-de-bruxelles-1796-1860<\/a><\/span><br \/>\n<span style=\"font-family: arial, helvetica, sans-serif; font-size: 12pt;\"><a href=\"https:\/\/books.googleusercontent.com\/books\/content?req=AKW5QafP68ePjb92BRd8L8EbTp1DiQYt8Gxn7jOboZSUwuH058d7EigUMqko00tH91YMv6CdjmQ2bAamOlPaYWG9HybO6Lax-DxH_aRSXt5WbgfIbGLQEtVlaVGLdmtosqPafnHt3vd-o3I6LMM7Bz_tLdDfwt9WvgGomxXmwAijTYf1SwOeDI8ya8UrQ469DcvB6rQswfQWb1MnY1jiMJ7L5CNMwcz2YX66P1iyQe1-srzkdebBlfJlI_z1ydks0nFTW_o90HtuDpbiEGc7Oi6FJ4c7Jzqsog\">https:\/\/books.googleusercontent.com\/books\/content?req=AKW5QafP68ePjb92BRd8L8EbTp1DiQYt8Gxn7jOboZSUwuH058d7EigUMqko00tH91YMv6CdjmQ2bAamOlPaYWG9HybO6Lax-DxH_aRSXt5WbgfIbGLQEtVlaVGLdmtosqPafnHt3vd-o3I6LMM7Bz_tLdDfwt9WvgGomxXmwAijTYf1SwOeDI8ya8UrQ469DcvB6rQswfQWb1MnY1jiMJ7L5CNMwcz2YX66P1iyQe1-srzkdebBlfJlI_z1ydks0nFTW_o90HtuDpbiEGc7Oi6FJ4c7Jzqsog<\/a><\/span><br \/>\n<span style=\"font-family: arial, helvetica, sans-serif; font-size: 12pt;\"><a href=\"https:\/\/fr.wikipedia.org\/wiki\/Charles_de_Brouck%C3%A8re\">https:\/\/fr.wikipedia.org\/wiki\/Charles_de_Brouck%C3%A8re<\/a><\/span><br \/>\n<span style=\"font-size: 12pt;\"><span style=\"font-family: arial, helvetica, sans-serif;\"><a href=\"https:\/\/books.google.be\/books?id=3ow8AAAAcAAJ&amp;pg=PP7&amp;hl=fr&amp;source=gbs_selected_pages&amp;cad=2#v=onepage&amp;q&amp;f=false\">https:\/\/books.google.be\/books?id=3ow8AAAAcAAJ&amp;pg=PP7&amp;hl=fr&amp;source=gbs_selected_pages&amp;cad=2#v=onepage&amp;q&amp;f=f<\/a><br \/>\nThierry Luthers, <em>Ultimo indirizzo conosciuto, una guida alle tombe dei belgi pi\u00f9 importanti,<\/em> tome 2: R\u00e9gion bruxelloise et commune \u00e0 facilit\u00e9s, Editions Luc Pire, 2018, pag. 31<\/span><\/span><\/p>\n<p><span style=\"font-family: arial, helvetica, sans-serif; font-size: 12pt;\"><strong>Biografia contestuale<\/strong><\/span><\/p>\n<p><span style=\"font-family: arial, helvetica, sans-serif; font-size: 12pt;\">G\u00e9niwal non cerca di ripercorrere la biografia completa di\u00a0<span style=\"text-decoration: underline;\"><strong>de BROUCKERE<\/strong> Charles Marie Joseph Ghislain<\/span>In questo modo si duplicherebbe il lavoro di una moltitudine di altri siti molto pi\u00f9 dettagliati e precisi, che chiunque pu\u00f2 facilmente consultare. In questa sede ci limiteremo a fornire una breve panoramica cronologica e geografica.<\/span><\/p>\n<p>&nbsp;<\/p>\n<p>&nbsp;<\/p>\n<p>&nbsp;<\/p>\n<p>&nbsp;<\/p>\n<div class=\"value\"><\/div>","protected":false},"excerpt":{"rendered":"<p>Fils de\u00a0Charles de BROUCKERE (\u00a0n\u00e9 le 06 octobre 1757 \u00e0 Torhout et d\u00e9c\u00e9d\u00e9 le 29 avril 1850 \u00e0 Bruges) et\u00a0de STOOP\u00a0Charlotte Marie Anne Colette (n\u00e9e le 24 septembre 1767 \u00e0 [&hellip;]<\/p>\n","protected":false},"author":2,"featured_media":3784,"comment_status":"open","ping_status":"open","sticky":false,"template":"","format":"standard","meta":{"_et_pb_use_builder":"","_et_pb_old_content":"","_et_gb_content_width":"","footnotes":""},"categories":[93,89],"tags":[],"class_list":["post-3742","post","type-post","status-publish","format-standard","has-post-thumbnail","hentry","category-nos-pistes","category-personnalites-belges","et-has-post-format-content","et_post_format-et-post-format-standard"],"aioseo_notices":[],"_links":{"self":[{"href":"https:\/\/geniwal.be\/it\/wp-json\/wp\/v2\/posts\/3742","targetHints":{"allow":["GET"]}}],"collection":[{"href":"https:\/\/geniwal.be\/it\/wp-json\/wp\/v2\/posts"}],"about":[{"href":"https:\/\/geniwal.be\/it\/wp-json\/wp\/v2\/types\/post"}],"author":[{"embeddable":true,"href":"https:\/\/geniwal.be\/it\/wp-json\/wp\/v2\/users\/2"}],"replies":[{"embeddable":true,"href":"https:\/\/geniwal.be\/it\/wp-json\/wp\/v2\/comments?post=3742"}],"version-history":[{"count":0,"href":"https:\/\/geniwal.be\/it\/wp-json\/wp\/v2\/posts\/3742\/revisions"}],"wp:featuredmedia":[{"embeddable":true,"href":"https:\/\/geniwal.be\/it\/wp-json\/wp\/v2\/media\/3784"}],"wp:attachment":[{"href":"https:\/\/geniwal.be\/it\/wp-json\/wp\/v2\/media?parent=3742"}],"wp:term":[{"taxonomy":"category","embeddable":true,"href":"https:\/\/geniwal.be\/it\/wp-json\/wp\/v2\/categories?post=3742"},{"taxonomy":"post_tag","embeddable":true,"href":"https:\/\/geniwal.be\/it\/wp-json\/wp\/v2\/tags?post=3742"}],"curies":[{"name":"wp","href":"https:\/\/api.w.org\/{rel}","templated":true}]}}