{"id":3831,"date":"2019-07-31T16:14:51","date_gmt":"2019-07-31T14:14:51","guid":{"rendered":"https:\/\/geniwal.be\/?p=3831"},"modified":"2023-04-04T14:05:34","modified_gmt":"2023-04-04T12:05:34","slug":"claude-jaillard","status":"publish","type":"post","link":"https:\/\/geniwal.be\/it\/nos-pistes\/in-memoriam-a-la-memoire\/claude-jaillard\/","title":{"rendered":"Claude JAILLARD"},"content":{"rendered":"<p><img decoding=\"async\" class=\"size-medium wp-image-3832 alignleft lazyload\" data-src=\"https:\/\/geniwal.be\/wp-content\/uploads\/2019\/07\/67132574_2361037540656312_2206951821014990848_n-275x300.jpg\" alt=\"\" width=\"275\" height=\"300\" data-srcset=\"https:\/\/geniwal.be\/wp-content\/uploads\/2019\/07\/67132574_2361037540656312_2206951821014990848_n-275x300.jpg 275w, https:\/\/geniwal.be\/wp-content\/uploads\/2019\/07\/67132574_2361037540656312_2206951821014990848_n-300x327.jpg 300w, https:\/\/geniwal.be\/wp-content\/uploads\/2019\/07\/67132574_2361037540656312_2206951821014990848_n.jpg 302w\" data-sizes=\"(max-width: 275px) 100vw, 275px\" src=\"data:image\/svg+xml;base64,PHN2ZyB3aWR0aD0iMSIgaGVpZ2h0PSIxIiB4bWxucz0iaHR0cDovL3d3dy53My5vcmcvMjAwMC9zdmciPjwvc3ZnPg==\" style=\"--smush-placeholder-width: 275px; --smush-placeholder-aspect-ratio: 275\/300;\" \/><br \/>\n<span style=\"font-family: arial, helvetica, sans-serif; font-size: 18pt;\">Con grande tristezza abbiamo appreso della morte di un grande nome della genealogia.<\/span><br \/>\n<span style=\"font-family: arial, helvetica, sans-serif; font-size: 18pt;\">Claude Jaillard ci ha lasciato.\u00a0<\/span><span style=\"font-family: arial, helvetica, sans-serif; font-size: 18pt;\">Presidente dell'associazione G\u00e9n\u00e9alogie en Corr\u00e8ze, ha dedicato tutto il suo tempo libero alla sua passione, la genealogia.\u00a0<\/span><span style=\"font-family: arial, helvetica, sans-serif; font-size: 18pt;\">Organizzatore della grande mostra genealogica \"Genco\" a Brive La Gaillarde, insieme alla moglie Anne-Marie ha girato la Francia in lungo e in largo per rappresentare la C<span class=\"text_exposed_show\">orr\u00e8ze alle fiere di genealogia. Molti di noi, visitatori, organizzatori o espositori, hanno avuto l'opportunit\u00e0 di incontrarlo in una di queste fiere. Personaggio coinvolgente e generoso, Claude non lasciava mai nessuno indifferente. Era sempre pronto a condividere la sua esperienza, le sue capacit\u00e0 organizzative, la sua rubrica e la sua vasta conoscenza della genealogia.<br \/>\nSempre pronto ad aiutare il prossimo, pur essendo un grande promotore della genealogia associativa, era sempre desideroso di aiutare, come meglio poteva, coloro che intraprendevano un'avventura genealogica professionale.<\/span><\/span><\/p>\n<p><span style=\"font-family: arial, helvetica, sans-serif; font-size: 18pt;\">Saint Exup\u00e9ry diceva: \"Un uomo non \u00e8 mai morto del tutto finch\u00e9 c'\u00e8 qualcuno che pronuncia il suo nome\".<\/span><br \/>\n<span style=\"font-family: arial, helvetica, sans-serif; font-size: 18pt;\">Claude, se tutti coloro che hai incontrato, sostenuto o aiutato prendono il tuo nome di battesimo a turno, non ci lascerai tanto presto...<\/span><\/p>\n<p><span style=\"font-family: arial, helvetica, sans-serif; font-size: 18pt;\">La nostra associazione partecipa al dolore della sua famiglia e dei suoi amici. Riposa in pace Claude, ti ricorderemo sempre con affetto.<\/span><\/p>\n<p><span style=\"font-family: arial, helvetica, sans-serif; font-size: 18pt;\">Fonti :<\/span><br \/>\n<span class=\"text_exposed_show\" style=\"font-family: arial, helvetica, sans-serif; font-size: 14pt;\">Alain ROUAULT e tutto il team di <a href=\"https:\/\/www.facebook.com\/geneagenda\/\">G\u00e9n\u00e9Agenda.<\/a><\/span><\/p>","protected":false},"excerpt":{"rendered":"<p>C&rsquo;est avec une grande tristesse que nous avons appris la disparition d&rsquo;un grand nom de la g\u00e9n\u00e9alogie. Claude Jaillard nous a quitt\u00e9.\u00a0Pr\u00e9sident de l&rsquo;association G\u00e9n\u00e9alogie en Corr\u00e8ze, il consacrait tout [&hellip;]<\/p>\n","protected":false},"author":2,"featured_media":3832,"comment_status":"open","ping_status":"open","sticky":false,"template":"","format":"standard","meta":{"_et_pb_use_builder":"","_et_pb_old_content":"","_et_gb_content_width":"","footnotes":""},"categories":[49,93],"tags":[],"class_list":["post-3831","post","type-post","status-publish","format-standard","has-post-thumbnail","hentry","category-in-memoriam-a-la-memoire","category-nos-pistes","et-has-post-format-content","et_post_format-et-post-format-standard"],"aioseo_notices":[],"_links":{"self":[{"href":"https:\/\/geniwal.be\/it\/wp-json\/wp\/v2\/posts\/3831","targetHints":{"allow":["GET"]}}],"collection":[{"href":"https:\/\/geniwal.be\/it\/wp-json\/wp\/v2\/posts"}],"about":[{"href":"https:\/\/geniwal.be\/it\/wp-json\/wp\/v2\/types\/post"}],"author":[{"embeddable":true,"href":"https:\/\/geniwal.be\/it\/wp-json\/wp\/v2\/users\/2"}],"replies":[{"embeddable":true,"href":"https:\/\/geniwal.be\/it\/wp-json\/wp\/v2\/comments?post=3831"}],"version-history":[{"count":0,"href":"https:\/\/geniwal.be\/it\/wp-json\/wp\/v2\/posts\/3831\/revisions"}],"wp:featuredmedia":[{"embeddable":true,"href":"https:\/\/geniwal.be\/it\/wp-json\/wp\/v2\/media\/3832"}],"wp:attachment":[{"href":"https:\/\/geniwal.be\/it\/wp-json\/wp\/v2\/media?parent=3831"}],"wp:term":[{"taxonomy":"category","embeddable":true,"href":"https:\/\/geniwal.be\/it\/wp-json\/wp\/v2\/categories?post=3831"},{"taxonomy":"post_tag","embeddable":true,"href":"https:\/\/geniwal.be\/it\/wp-json\/wp\/v2\/tags?post=3831"}],"curies":[{"name":"wp","href":"https:\/\/api.w.org\/{rel}","templated":true}]}}