{"id":3836,"date":"2019-07-31T17:09:12","date_gmt":"2019-07-31T15:09:12","guid":{"rendered":"https:\/\/geniwal.be\/?p=3836"},"modified":"2023-04-05T17:20:43","modified_gmt":"2023-04-05T15:20:43","slug":"antoine-joseph-cloquette","status":"publish","type":"post","link":"https:\/\/geniwal.be\/it\/nos-pistes\/personnalites-belges\/antoine-joseph-cloquette\/","title":{"rendered":"CLOQUETTE Antoine Joseph"},"content":{"rendered":"<p>&nbsp;<\/p>\n<p style=\"text-align: center;\"><img decoding=\"async\" class=\"wp-image-3841 aligncenter lazyload\" data-src=\"https:\/\/geniwal.be\/wp-content\/uploads\/2019\/07\/330px-Villers-la-Ville_JPG00pea-300x225.jpg\" alt=\"\" width=\"500\" height=\"374\" data-srcset=\"https:\/\/geniwal.be\/wp-content\/uploads\/2019\/07\/330px-Villers-la-Ville_JPG00pea-300x225.jpg 300w, https:\/\/geniwal.be\/wp-content\/uploads\/2019\/07\/330px-Villers-la-Ville_JPG00pea.jpg 330w\" data-sizes=\"(max-width: 500px) 100vw, 500px\" src=\"data:image\/svg+xml;base64,PHN2ZyB3aWR0aD0iMSIgaGVpZ2h0PSIxIiB4bWxucz0iaHR0cDovL3d3dy53My5vcmcvMjAwMC9zdmciPjwvc3ZnPg==\" style=\"--smush-placeholder-width: 500px; --smush-placeholder-aspect-ratio: 500\/374;\" \/><\/p>\n<p>&nbsp;<\/p>\n<p><span style=\"font-size: 18pt; font-family: arial, helvetica, sans-serif;\">Antoine Joseph<strong> CLOQUETTE<\/strong> figlio di Fran\u00e7ois Joseph <strong>CLOQUETTE<\/strong> e Anne Marie <strong>RAOUX<\/strong>\u00a0\u00e8 nato ad Ath l'8 febbraio 1744. Dopo studi brillanti, si iscrisse alla Facolt\u00e0 di Douai e il 10 ottobre 1762 prese gli ordini sacri nell'Abbazia di Villers-la-Ville con il nome di Bruno. Fu nominato sacerdote il 14 marzo 1767.  La morte di Dom Etienne <strong>POUBAIX<\/strong> il posto di abate di Villers era vacante. Dom Bruno fu elevato alla prelatura il 30 gennaio 1788 e fu nominato dall'imperatore solo 4 anni dopo. Si distinse subito opponendosi alle riforme dell'imperatore Giuseppe II. Dopo molte vicissitudini dovute alla rivoluzione del Brabante, al ruolo del clero e alla rivoluzione francese, e nonostante gli sforzi di Dom Bruno, la storia di 700 anni dell'Abbazia di Villers-la-Ville si concluse. Antoine Joseph mor\u00ec il 12 ottobre 1828 nella casa di Fratel Germain ad Ath.<\/span><\/p>\n<div id=\"attachment_3839\" style=\"width: 810px\" class=\"wp-caption aligncenter\"><img decoding=\"async\" aria-describedby=\"caption-attachment-3839\" class=\"wp-image-3839 lazyload\" data-src=\"https:\/\/geniwal.be\/wp-content\/uploads\/2019\/07\/NAISSANCES-CLOQUETTE-1-1024x453.jpg\" alt=\"\" width=\"800\" height=\"354\" data-srcset=\"https:\/\/geniwal.be\/wp-content\/uploads\/2019\/07\/NAISSANCES-CLOQUETTE-1-1024x453.jpg 1024w, https:\/\/geniwal.be\/wp-content\/uploads\/2019\/07\/NAISSANCES-CLOQUETTE-1-300x133.jpg 300w, https:\/\/geniwal.be\/wp-content\/uploads\/2019\/07\/NAISSANCES-CLOQUETTE-1-600x265.jpg 600w, https:\/\/geniwal.be\/wp-content\/uploads\/2019\/07\/NAISSANCES-CLOQUETTE-1-768x340.jpg 768w, https:\/\/geniwal.be\/wp-content\/uploads\/2019\/07\/NAISSANCES-CLOQUETTE-1.jpg 1200w\" data-sizes=\"(max-width: 800px) 100vw, 800px\" src=\"data:image\/svg+xml;base64,PHN2ZyB3aWR0aD0iMSIgaGVpZ2h0PSIxIiB4bWxucz0iaHR0cDovL3d3dy53My5vcmcvMjAwMC9zdmciPjwvc3ZnPg==\" style=\"--smush-placeholder-width: 800px; --smush-placeholder-aspect-ratio: 800\/354;\" \/><p id=\"caption-attachment-3839\" class=\"wp-caption-text\">Certificato di nascita di Antoine Joseph CLOQUETTE<\/p><\/div>\n<div id=\"attachment_3840\" style=\"width: 710px\" class=\"wp-caption aligncenter\"><img decoding=\"async\" aria-describedby=\"caption-attachment-3840\" class=\"wp-image-3840 lazyload\" data-src=\"https:\/\/geniwal.be\/wp-content\/uploads\/2019\/07\/DECES-CLOQUETTE-1024x753.jpg\" alt=\"\" width=\"700\" height=\"515\" data-srcset=\"https:\/\/geniwal.be\/wp-content\/uploads\/2019\/07\/DECES-CLOQUETTE-1024x753.jpg 1024w, https:\/\/geniwal.be\/wp-content\/uploads\/2019\/07\/DECES-CLOQUETTE-300x221.jpg 300w, https:\/\/geniwal.be\/wp-content\/uploads\/2019\/07\/DECES-CLOQUETTE-600x441.jpg 600w, https:\/\/geniwal.be\/wp-content\/uploads\/2019\/07\/DECES-CLOQUETTE-768x565.jpg 768w, https:\/\/geniwal.be\/wp-content\/uploads\/2019\/07\/DECES-CLOQUETTE.jpg 1067w\" data-sizes=\"(max-width: 700px) 100vw, 700px\" src=\"data:image\/svg+xml;base64,PHN2ZyB3aWR0aD0iMSIgaGVpZ2h0PSIxIiB4bWxucz0iaHR0cDovL3d3dy53My5vcmcvMjAwMC9zdmciPjwvc3ZnPg==\" style=\"--smush-placeholder-width: 700px; --smush-placeholder-aspect-ratio: 700\/515;\" \/><p id=\"caption-attachment-3840\" class=\"wp-caption-text\">Certificato di morte per Antoine Joseph CLOQUETTE<\/p><\/div>\n<p><span style=\"font-family: arial, helvetica, sans-serif; font-size: 18pt;\">L'Abbazia di Villers-la-Ville si trova nella valle della Thyle. Fondata nel 1146 dal cavaliere Gauthier de Marbais e da sua madre Judith. Essi invitarono i monaci (17) dell'Abbazia di Clairvaux (Francia) a fondare una nuova abbazia. Nello stesso anno, San Bernardo di Chiaravalle li visit\u00f2 e nel 1715 gli fu dedicata una cappella. La costruzione dell'abbazia in stile gotico inizi\u00f2 nel 1197. Ci vollero non meno di 100 anni per completarla. L'Abbazia di Villers-la-Ville era un membro dell'ordine di C\u00eeteaux e una delle sue prime figlie.<\/span><\/p>\n<ul>\n<li><span style=\"font-family: arial, helvetica, sans-serif; font-size: 18pt;\">1146: arrivo dei primi monaci da Chiaravalle - fondazione dell'abbazia (Villers I:\u00a0<em>la Boverie<\/em>).1147: spostamento nella valle di Thyle (Villers II).<\/span><\/li>\n<li><span style=\"font-family: arial, helvetica, sans-serif; font-size: 18pt;\">1197-1209: l'abate Carlo fa costruire una nuova abbazia (Villers III).<\/span><\/li>\n<li><span style=\"font-family: arial, helvetica, sans-serif; font-size: 18pt;\">1231-1237: Fondazione delle prime abbazie figlie di Grandpr\u00e9 e Saint-Bernard sur Escaut.<\/span><\/li>\n<li><span style=\"font-family: arial, helvetica, sans-serif; font-size: 18pt;\">1248: sepoltura del duca Enrico I di Brabante nella chiesa abbaziale.<\/span><\/li>\n<li><span style=\"font-family: arial, helvetica, sans-serif; font-size: 18pt;\">1258: sepoltura di Santa Giuliana di Cornillon.<\/span><\/li>\n<li><span style=\"font-family: arial, helvetica, sans-serif; font-size: 18pt;\">1263: Sepoltura di\u00a0<a href=\"http:\/\/www.wiki-villers-la-ville.be\/index.php?title=Gobert_d%27Aspremont\">Gobert d'Aspremont<\/a>.<\/span><\/li>\n<li><span style=\"font-family: arial, helvetica, sans-serif; font-size: 18pt;\">1280-1283: Completamento della<a href=\"http:\/\/www.wiki-villers-la-ville.be\/index.php?title=Eglise\">Chiesa<\/a>.<\/span><\/li>\n<li><span style=\"font-family: arial, helvetica, sans-serif; font-size: 18pt;\">1314: la comunit\u00e0 viene esiliata per la prima volta.<\/span><\/li>\n<li><span style=\"font-family: arial, helvetica, sans-serif; font-size: 18pt;\">1358-1370: l'abate Nicolas de Brigode diventa deputato negli Stati del Brabante.<\/span><\/li>\n<li><span style=\"font-family: arial, helvetica, sans-serif; font-size: 18pt;\">XV secolo: riorganizzazione dell'abbazia (riduzione dello spazio per i conversi, osteria trasformata in \"monastero\").\u00a0<a href=\"http:\/\/www.wiki-villers-la-ville.be\/index.php?title=Brasserie\">Birreria<\/a>, ...).<\/span><\/li>\n<li><span style=\"font-family: arial, helvetica, sans-serif; font-size: 18pt;\">1508: secondo esilio (altri 7 fino al 1667).<\/span><\/li>\n<li><span style=\"font-family: arial, helvetica, sans-serif; font-size: 18pt;\">1613-1616: costruzione del\u00a0<a href=\"http:\/\/www.wiki-villers-la-ville.be\/index.php?title=Chapelle_Notre-Dame_de_Montaigu\">Cappella di Notre-Dame de Montaigu<\/a>.<\/span><\/li>\n<li><span style=\"font-family: arial, helvetica, sans-serif; font-size: 18pt;\">1715: costruzione della cappella di Saint-Bernard.<\/span><\/li>\n<li><span style=\"font-family: arial, helvetica, sans-serif; font-size: 18pt;\">1716-1734: sotto l'abbaziato di Jacques Hache, si costruisce l'edificio di\u00a0<a href=\"http:\/\/www.wiki-villers-la-ville.be\/index.php?title=Palais\">Palazzo<\/a><\/span><\/li>\n<li><span style=\"font-family: arial, helvetica, sans-serif; font-size: 18pt;\">1784: Costruzione della farmacia. (sopra la\u00a0<a href=\"http:\/\/www.wiki-villers-la-ville.be\/index.php?title=Porte_de_Bruxelles\">Porta di Bruxelles<\/a>)<\/span><\/li>\n<li><span style=\"font-family: arial, helvetica, sans-serif; font-size: 18pt;\">1789: l'abbazia viene saccheggiata dall'esercito austriaco.<\/span><\/li>\n<li><span style=\"font-family: arial, helvetica, sans-serif; font-size: 18pt;\">1794: saccheggio dell'abbazia da parte dei francesi e dei residenti locali.<\/span><\/li>\n<li><span style=\"font-family: arial, helvetica, sans-serif; font-size: 18pt;\">1796: abbandono definitivo dell'abbazia.<\/span><\/li>\n<li><span style=\"font-family: arial, helvetica, sans-serif; font-size: 18pt;\">1797: acquisto dell'abbazia da parte di un commerciante di materiali: La Terrade.<\/span><\/li>\n<li><span style=\"font-family: arial, helvetica, sans-serif; font-size: 18pt;\">1814: La Terrade viene espulso dall'abbazia. Viene acquistata da Charles-Lambert Huart.<\/span><\/li>\n<li><span style=\"font-family: arial, helvetica, sans-serif; font-size: 18pt;\">1853: morte di Dom Placide, l'ultimo monaco a diventare parroco.<\/span><\/li>\n<li><span style=\"font-family: arial, helvetica, sans-serif; font-size: 18pt;\">1855: costruzione della linea ferroviaria.<\/span><\/li>\n<li><span style=\"font-family: arial, helvetica, sans-serif; font-size: 18pt;\">1862: visita di Victor Hugo.<\/span><\/li>\n<li><span style=\"font-family: arial, helvetica, sans-serif; font-size: 18pt;\">1892: lo Stato belga diventa proprietario delle rovine.<\/span><\/li>\n<li><span style=\"font-family: arial, helvetica, sans-serif; font-size: 18pt;\">1893-1914: primi lavori di consolidamento.<\/span><\/li>\n<li><span style=\"font-family: arial, helvetica, sans-serif; font-size: 18pt;\">1972: le rovine sono classificate come sito e monumento storico.<\/span><\/li>\n<li><span style=\"font-family: arial, helvetica, sans-serif; font-size: 18pt;\">1984: inizio di un secondo progetto di restauro.<\/span><\/li>\n<li><span style=\"font-family: arial, helvetica, sans-serif; font-size: 18pt;\">1992: classificato come patrimonio eccezionale della Vallonia.<\/span><\/li>\n<li><span style=\"font-family: arial, helvetica, sans-serif; font-size: 18pt;\">2010: Inizio dei lavori di riqualificazione e ricongiungimento dei 3 complessi.<\/span><\/li>\n<\/ul>\n<p><span style=\"font-family: arial, helvetica, sans-serif; font-size: 18pt;\">Fonte :<\/span><\/p>\n<p><a href=\"http:\/\/www.wiki-villers-la-ville.be\/index.php?title=Histoire_de_l%27abbaye#Chronologie_g.C3.A9n.C3.A9rale_de_l.27abbaye\">h<span style=\"font-family: arial, helvetica, sans-serif; font-size: 14pt;\">ttp:\/\/www.wiki-villers-la-ville.be\/index.php?title=Histoire_de_l%27abbaye#Chronologie_g.C3.A9n.C3.A9rale_de_l.27abbaye<\/span><\/a><br \/>\n<span style=\"font-family: arial, helvetica, sans-serif; font-size: 14pt;\"><a href=\"https:\/\/www.lavenir.net\/cnt\/dmf20190728_01361864\/dom-bruno-cloquette-dernier-abbe-de-villers\">https:\/\/www.lavenir.net\/cnt\/dmf20190728_01361864\/dom-bruno-cloquette-dernier-abbe-de-villers<\/a><\/span><br \/>\n<span style=\"font-family: arial, helvetica, sans-serif; font-size: 14pt;\"><a href=\"https:\/\/fr.wikipedia.org\/wiki\/Abbaye_de_Villers\">https:\/\/fr.wikipedia.org\/wiki\/Abbaye_de_Villers<\/a><\/span><\/p>","protected":false},"excerpt":{"rendered":"<p>&nbsp; &nbsp; Antoine Joseph CLOQUETTE fils de Fran\u00e7ois Joseph CLOQUETTE et de Anne Marie RAOUX\u00a0est n\u00e9 \u00e0 Ath le 8 f\u00e9vrier 1744. Apr\u00e8s de brillante \u00e9tude, il s\u2019inscrit \u00e0 la [&hellip;]<\/p>\n","protected":false},"author":2,"featured_media":3837,"comment_status":"open","ping_status":"open","sticky":false,"template":"","format":"standard","meta":{"_et_pb_use_builder":"","_et_pb_old_content":"","_et_gb_content_width":"","footnotes":""},"categories":[93,89],"tags":[],"class_list":["post-3836","post","type-post","status-publish","format-standard","has-post-thumbnail","hentry","category-nos-pistes","category-personnalites-belges","et-has-post-format-content","et_post_format-et-post-format-standard"],"aioseo_notices":[],"_links":{"self":[{"href":"https:\/\/geniwal.be\/it\/wp-json\/wp\/v2\/posts\/3836","targetHints":{"allow":["GET"]}}],"collection":[{"href":"https:\/\/geniwal.be\/it\/wp-json\/wp\/v2\/posts"}],"about":[{"href":"https:\/\/geniwal.be\/it\/wp-json\/wp\/v2\/types\/post"}],"author":[{"embeddable":true,"href":"https:\/\/geniwal.be\/it\/wp-json\/wp\/v2\/users\/2"}],"replies":[{"embeddable":true,"href":"https:\/\/geniwal.be\/it\/wp-json\/wp\/v2\/comments?post=3836"}],"version-history":[{"count":0,"href":"https:\/\/geniwal.be\/it\/wp-json\/wp\/v2\/posts\/3836\/revisions"}],"wp:featuredmedia":[{"embeddable":true,"href":"https:\/\/geniwal.be\/it\/wp-json\/wp\/v2\/media\/3837"}],"wp:attachment":[{"href":"https:\/\/geniwal.be\/it\/wp-json\/wp\/v2\/media?parent=3836"}],"wp:term":[{"taxonomy":"category","embeddable":true,"href":"https:\/\/geniwal.be\/it\/wp-json\/wp\/v2\/categories?post=3836"},{"taxonomy":"post_tag","embeddable":true,"href":"https:\/\/geniwal.be\/it\/wp-json\/wp\/v2\/tags?post=3836"}],"curies":[{"name":"wp","href":"https:\/\/api.w.org\/{rel}","templated":true}]}}