{"id":3906,"date":"2019-08-05T17:13:21","date_gmt":"2019-08-05T15:13:21","guid":{"rendered":"https:\/\/geniwal.be\/?p=3906"},"modified":"2023-04-05T17:29:07","modified_gmt":"2023-04-05T15:29:07","slug":"rafael-merry-del-val","status":"publish","type":"post","link":"https:\/\/geniwal.be\/it\/nos-pistes\/non-classe\/rafael-merry-del-val\/","title":{"rendered":"Rafael Merry del Val y Zulueta Wilcox"},"content":{"rendered":"<p><span style=\"font-size: 14pt;\"><span style=\"font-family: arial, helvetica, sans-serif;\">Rafael Merry del Val y Zulueta Wilcox nato il\u00a0<time class=\"nowrap date-lien\" datetime=\"1865-10-10\" data-sort-value=\"1865-10-10\">10 ottobre 1865<\/time>\u00a0 a Londra figlio di\u00a0<strong>Rafael Carlos Merry del Val\u00a0<\/strong>nato il 04 novembre a San Sebastian e morto il 29 agosto 1917 e\u00a0<strong>Sofia Josefa de Zulueta<\/strong> (nato nel 1864, morto nel 1925). Torn\u00f2 in Belgio nel 1878 e fu ordinato sacerdote il 30 dicembre 1888. La sua carriera curiale fu una delle pi\u00f9 fulminanti della storia ecclesiastica: fu operatore segreto soprannumerario a 21 anni, operatore segreto partecipante a 26 anni, delegato apostolico in Canada a 31 anni, presidente dell'Accademia dei Nobili Ecclesiastici e arcivescovo a 34 anni, segretario di Stato e cardinale a 38 anni, arciprete della Basilica di San Pietro e prefetto della Fabrique di San Pietro a 48 anni, segretario del Sant'Uffizio a 49 anni. Fu nominato Segretario di Stato e principale collaboratore di Pio X.  Mor\u00ec il\u00a0<time class=\"nowrap date-lien\" datetime=\"1930-02-26\" data-sort-value=\"1930-02-26\">26 febbraio 1930 a Roma\u00a0<\/time>durante un'operazione di appendicite acuta. I funerali si svolsero nella Basilica di San Pietro e il 3 marzo 1930 fu sepolto nella cripta. Il 31 luglio 1931, una nuova tomba, donata dal governo spagnolo, fu consacrata dal cardinale Eugenio Pacelli, il futuro Papa Pio XII. Il 26 febbraio 1953 si apr\u00ec il processo di beatificazione, tuttora in corso.<\/span><\/span><\/p>\n<p><span style=\"font-size: 14pt;\"><strong><span style=\"font-family: arial, helvetica, sans-serif;\">Fonti :<br \/>\n<\/span><\/strong><span style=\"font-family: arial, helvetica, sans-serif;\">https:\/\/journals.openedition.org\/mefrim\/2415<\/span><\/span><br \/>\n<span style=\"font-family: arial, helvetica, sans-serif; font-size: 14pt;\">https:\/\/fr.qwerty.wiki\/wiki\/Rafael_Merry_del_Val<\/span><br \/>\n<span style=\"font-family: arial, helvetica, sans-serif; font-size: 14pt;\">https:\/\/www.lavenir.net\/cnt\/dmf20190804_01364065\/un-waterlootois-a-failli-devenir-pape<br \/>\nhttps:\/\/www.universalis.fr\/encyclopedie\/rafael-merry-del-val\/<br \/>\n<\/span><\/p>\n<p><span style=\"font-size: 14pt;\"><strong><span style=\"font-family: arial, helvetica, sans-serif;\">Immagini di partenza :<\/span><\/strong><\/span><br \/>\n<span style=\"font-family: arial, helvetica, sans-serif; font-size: 14pt;\">https:\/\/fr.wikipedia.org\/wiki\/Rafael_Merry_del_Val<\/span><\/p>\n<p><span style=\"font-family: arial, helvetica, sans-serif; font-size: 14pt;\"><strong>Biografia di base :<br \/>\n<\/strong><\/span><span style=\"font-family: arial, helvetica, sans-serif; font-size: 12pt;\">G\u00e9niwal non intende ripercorrere in questo articolo la biografia completa della persona, perch\u00e9 ci\u00f2 costituirebbe un doppione di una moltitudine di altri siti molto pi\u00f9 dettagliati e precisi, che chiunque pu\u00f2 facilmente consultare. Ci limitiamo qui a una breve descrizione cronologica e geografica della sua vita.<\/span><\/p>\n<p><span style=\"font-family: arial, helvetica, sans-serif; font-size: 14pt;\">\u00a0<\/span><\/p>","protected":false},"excerpt":{"rendered":"<p>Rafael Merry del Val y Zulueta Wilcox n\u00e9 le\u00a010\u00a0octobre\u00a01865\u00a0 \u00e0 Londres fils de\u00a0Rafael Carlos Merry del Val\u00a0n\u00e9 le 04 novembre \u00e0 San Sebastian et d\u00e9c\u00e9d\u00e9 le 29 ao\u00fbt 1917 et\u00a0Sofia [&hellip;]<\/p>\n","protected":false},"author":2,"featured_media":3907,"comment_status":"open","ping_status":"open","sticky":false,"template":"","format":"standard","meta":{"_et_pb_use_builder":"","_et_pb_old_content":"","_et_gb_content_width":"","footnotes":""},"categories":[1,93,89],"tags":[],"class_list":["post-3906","post","type-post","status-publish","format-standard","has-post-thumbnail","hentry","category-non-classe","category-nos-pistes","category-personnalites-belges","et-has-post-format-content","et_post_format-et-post-format-standard"],"aioseo_notices":[],"_links":{"self":[{"href":"https:\/\/geniwal.be\/it\/wp-json\/wp\/v2\/posts\/3906","targetHints":{"allow":["GET"]}}],"collection":[{"href":"https:\/\/geniwal.be\/it\/wp-json\/wp\/v2\/posts"}],"about":[{"href":"https:\/\/geniwal.be\/it\/wp-json\/wp\/v2\/types\/post"}],"author":[{"embeddable":true,"href":"https:\/\/geniwal.be\/it\/wp-json\/wp\/v2\/users\/2"}],"replies":[{"embeddable":true,"href":"https:\/\/geniwal.be\/it\/wp-json\/wp\/v2\/comments?post=3906"}],"version-history":[{"count":0,"href":"https:\/\/geniwal.be\/it\/wp-json\/wp\/v2\/posts\/3906\/revisions"}],"wp:featuredmedia":[{"embeddable":true,"href":"https:\/\/geniwal.be\/it\/wp-json\/wp\/v2\/media\/3907"}],"wp:attachment":[{"href":"https:\/\/geniwal.be\/it\/wp-json\/wp\/v2\/media?parent=3906"}],"wp:term":[{"taxonomy":"category","embeddable":true,"href":"https:\/\/geniwal.be\/it\/wp-json\/wp\/v2\/categories?post=3906"},{"taxonomy":"post_tag","embeddable":true,"href":"https:\/\/geniwal.be\/it\/wp-json\/wp\/v2\/tags?post=3906"}],"curies":[{"name":"wp","href":"https:\/\/api.w.org\/{rel}","templated":true}]}}