{"id":3926,"date":"2019-08-05T22:35:33","date_gmt":"2019-08-05T20:35:33","guid":{"rendered":"https:\/\/geniwal.be\/?p=3926"},"modified":"2023-04-05T17:18:55","modified_gmt":"2023-04-05T15:18:55","slug":"poelaert-joseph","status":"publish","type":"post","link":"https:\/\/geniwal.be\/it\/nos-pistes\/personnalites-belges\/poelaert-joseph\/","title":{"rendered":"POELAERT Giuseppe"},"content":{"rendered":"<p><span style=\"font-size: 12pt;\"><span style=\"font-family: arial, helvetica, sans-serif;\">Giuseppe<b> POELAERT <\/b>figlio di Philip\u00a0<b>POELAERT <\/b>e Isabelle Marie Th\u00e9r\u00e8se Marie<b> STAS\u00a0<\/b>nato il 21 marzo 1817 a Bruxelles, viveva in rue du March\u00e9 au Charbon.\u00a0<abbr class=\"abbr\" title=\"numero\">n<sup>o<\/sup><\/abbr>\u00a01028. Sposato con <strong>TOUSSAINT<\/strong> L\u00e9onie Marie. Rinomato architetto apprezzato dal re Leopoldo I<sup>er<\/sup><br \/>\nIn un momento in cui le grandi potenze si aspettavano una rapida scomparsa del nuovo regno del Belgio, Joseph Poelaert dot\u00f2 rapidamente la sua patria di simboli architettonici destinati a dare agli spettatori l'impressione dell'antichit\u00e0, della durata, della potenza e dell'esistenza dello Stato, rendendo visibili le sue istituzioni nella pietra, come negli antichi paesi europei, e imprimendo il loro marchio e un sentimento di ammirazione e rispetto nei visitatori. O<\/span><span style=\"font-family: arial, helvetica, sans-serif;\">Tra le sue opere figurano il Th\u00e9\u00e2tre de la Monnaie, la chiesa di Sainte-Catherine, la chiesa reale di Laeken, la Colonne du Congr\u00e8s, il Th\u00e9\u00e2tre de la Monnaie e, soprattutto, il Palazzo di Giustizia. Ufficiale dell'Ordine di Leopoldo, Cavaliere della Legione d'Onore, Membro associato dell'Accademia Reale di Belle Arti di Anversa.\u00a0<\/span><span style=\"font-family: arial, helvetica, sans-serif;\">\u00c8 morto il\u00a0<time class=\"nowrap date-lien dday\" datetime=\"1879-11-03\" data-sort-value=\"1879-11-03\">3 novembre 1879 a Bruxelles, all'et\u00e0 di 62 anni, lavorando alle cinque del mattino nella sua casa di Boulevard de Waterloo.\u00a0<abbr class=\"abbr\" title=\"numero\">n<sup>o<\/sup><\/abbr>\u00a013 anni, a seguito di un ictus.\u00a0<\/time><\/span><span style=\"font-family: arial, helvetica, sans-serif;\">\u00c8 sepolto nel cimitero di Laeken (Pelouse 30 e galleria funeraria, sito 1789-1704).<\/span><\/span><\/p>\n<div class=\"mod\" lang=\"fr-BE\" data-md=\"50\" data-hveid=\"CA8QAA\" data-ved=\"2ahUKEwjSz6fiyezjAhVP_qQKHXjSA2AQkCkwFXoECA8QAA\">\n<div class=\"PZPZlf hb8SAc kno-fb-ctx\" data-attrid=\"description\" data-hveid=\"CA8QAQ\" data-ved=\"2ahUKEwjSz6fiyezjAhVP_qQKHXjSA2AQziAoADAVegQIDxAB\">\n<div class=\"r-iIeB4da1XihM\">\n<div class=\"kno-rdesc r-i3NwVHbayZj0\" data-rtid=\"i3NwVHbayZj0\">\n<p><span style=\"font-size: 12pt; font-family: arial, helvetica, sans-serif;\">N.B.: I progetti dimenticati del palazzo di giustizia sono stati recentemente riscoperti grazie alle ricerche di 6 studenti del Master in Patrimonio dell'Universit\u00e9 libre de Bruxelles, sotto la direzione dell'architetto Francis Metzenger.<\/span><\/p>\n<\/div>\n<\/div>\n<\/div>\n<\/div>\n<div id=\"attachment_3943\" style=\"width: 1060px\" class=\"wp-caption alignnone\"><img decoding=\"async\" aria-describedby=\"caption-attachment-3943\" class=\"wp-image-3943 lazyload\" data-src=\"https:\/\/geniwal.be\/wp-content\/uploads\/2019\/08\/ACTES-NAISSANCES_POELAERT-1024x376.jpg\" alt=\"\" width=\"1050\" height=\"385\" data-srcset=\"https:\/\/geniwal.be\/wp-content\/uploads\/2019\/08\/ACTES-NAISSANCES_POELAERT-1024x376.jpg 1024w, https:\/\/geniwal.be\/wp-content\/uploads\/2019\/08\/ACTES-NAISSANCES_POELAERT-300x110.jpg 300w, https:\/\/geniwal.be\/wp-content\/uploads\/2019\/08\/ACTES-NAISSANCES_POELAERT-600x220.jpg 600w, https:\/\/geniwal.be\/wp-content\/uploads\/2019\/08\/ACTES-NAISSANCES_POELAERT-768x282.jpg 768w, https:\/\/geniwal.be\/wp-content\/uploads\/2019\/08\/ACTES-NAISSANCES_POELAERT.jpg 1200w\" data-sizes=\"(max-width: 1050px) 100vw, 1050px\" src=\"data:image\/svg+xml;base64,PHN2ZyB3aWR0aD0iMSIgaGVpZ2h0PSIxIiB4bWxucz0iaHR0cDovL3d3dy53My5vcmcvMjAwMC9zdmciPjwvc3ZnPg==\" style=\"--smush-placeholder-width: 1050px; --smush-placeholder-aspect-ratio: 1050\/385;\" \/><p id=\"caption-attachment-3943\" class=\"wp-caption-text\"><span style=\"font-size: 12pt;\">Certificati di nascita di Joseph Philippe POELAERT<\/span><\/p><\/div>\n<div id=\"attachment_3950\" style=\"width: 1080px\" class=\"wp-caption alignright\"><img decoding=\"async\" aria-describedby=\"caption-attachment-3950\" class=\"wp-image-3950 lazyload\" data-src=\"https:\/\/geniwal.be\/wp-content\/uploads\/2019\/08\/Actes-de-d\u00e8c\u00e8s-de-poelaert-1024x334.jpg\" alt=\"\" width=\"1070\" height=\"349\" data-srcset=\"https:\/\/geniwal.be\/wp-content\/uploads\/2019\/08\/Actes-de-d\u00e8c\u00e8s-de-poelaert-1024x334.jpg 1024w, https:\/\/geniwal.be\/wp-content\/uploads\/2019\/08\/Actes-de-d\u00e8c\u00e8s-de-poelaert-300x98.jpg 300w, https:\/\/geniwal.be\/wp-content\/uploads\/2019\/08\/Actes-de-d\u00e8c\u00e8s-de-poelaert-600x196.jpg 600w, https:\/\/geniwal.be\/wp-content\/uploads\/2019\/08\/Actes-de-d\u00e8c\u00e8s-de-poelaert-768x251.jpg 768w, https:\/\/geniwal.be\/wp-content\/uploads\/2019\/08\/Actes-de-d\u00e8c\u00e8s-de-poelaert.jpg 1168w\" data-sizes=\"(max-width: 1070px) 100vw, 1070px\" src=\"data:image\/svg+xml;base64,PHN2ZyB3aWR0aD0iMSIgaGVpZ2h0PSIxIiB4bWxucz0iaHR0cDovL3d3dy53My5vcmcvMjAwMC9zdmciPjwvc3ZnPg==\" style=\"--smush-placeholder-width: 1070px; --smush-placeholder-aspect-ratio: 1070\/349;\" \/><p id=\"caption-attachment-3950\" class=\"wp-caption-text\"><span style=\"font-size: 12pt;\">Certificati di morte per Joseph Philippe POELAERT<\/span><\/p><\/div>\n<div id=\"attachment_3934\" style=\"width: 510px\" class=\"wp-caption alignnone\"><img decoding=\"async\" aria-describedby=\"caption-attachment-3934\" class=\"wp-image-3934 lazyload\" data-src=\"https:\/\/geniwal.be\/wp-content\/uploads\/2019\/08\/le-soir-05082019a.jpg\" alt=\":\" width=\"500\" height=\"349\" data-srcset=\"https:\/\/geniwal.be\/wp-content\/uploads\/2019\/08\/le-soir-05082019a.jpg 639w, https:\/\/geniwal.be\/wp-content\/uploads\/2019\/08\/le-soir-05082019a-300x209.jpg 300w, https:\/\/geniwal.be\/wp-content\/uploads\/2019\/08\/le-soir-05082019a-600x419.jpg 600w\" data-sizes=\"(max-width: 500px) 100vw, 500px\" src=\"data:image\/svg+xml;base64,PHN2ZyB3aWR0aD0iMSIgaGVpZ2h0PSIxIiB4bWxucz0iaHR0cDovL3d3dy53My5vcmcvMjAwMC9zdmciPjwvc3ZnPg==\" style=\"--smush-placeholder-width: 500px; --smush-placeholder-aspect-ratio: 500\/349;\" \/><p id=\"caption-attachment-3934\" class=\"wp-caption-text\"><span style=\"font-size: 12pt;\">Fonte iconografica :Archives du palais de Bruxelles (le soir du 05\/08\/2019)<\/span><\/p><\/div>\n<p>&nbsp;<\/p>\n<div class=\"mod\" lang=\"fr-BE\" data-md=\"50\" data-hveid=\"CA8QAA\" data-ved=\"2ahUKEwjSz6fiyezjAhVP_qQKHXjSA2AQkCkwFXoECA8QAA\">\n<div class=\"PZPZlf hb8SAc kno-fb-ctx\" data-attrid=\"description\" data-hveid=\"CA8QAQ\" data-ved=\"2ahUKEwjSz6fiyezjAhVP_qQKHXjSA2AQziAoADAVegQIDxAB\">\n<div class=\"r-iIeB4da1XihM\">\n<div class=\"kno-rdesc r-i3NwVHbayZj0\" data-rtid=\"i3NwVHbayZj0\">\n<div>\n<p><span style=\"font-size: 12pt; font-family: arial, helvetica, sans-serif;\"><strong>Fonti<\/strong> :<\/span><br \/>\n<span style=\"font-size: 12pt; font-family: arial, helvetica, sans-serif;\">Thierry Luthers, dernier domicile connus, guide des tombes des personnalit\u00e9s belges, tome II : R\u00e9gion bruxelloise et communes \u00e0 facilit\u00e9, \u00c9dition Luc pire, 2018, p\u00a0<\/span><\/p>\n<\/div>\n<\/div>\n<\/div>\n<\/div>\n<\/div>\n<div class=\"mod\" lang=\"fr-BE\" data-attrid=\"kc:\/people\/deceased_person:died\" data-md=\"1001\" data-hveid=\"CA8QCA\" data-ved=\"2ahUKEwjSz6fiyezjAhVP_qQKHXjSA2AQkCkwGHoECA8QCA\">\n<div class=\"Z1hOCe\">\n<div class=\"zloOqf PZPZlf kno-fb-ctx\" data-ved=\"2ahUKEwjSz6fiyezjAhVP_qQKHXjSA2AQyxMoADAYegQIDxAJ\"><span style=\"font-size: 12pt; font-family: arial, helvetica, sans-serif;\">https:\/\/fr.wikipedia.org\/wiki\/Joseph_Poelaert<\/span><br \/>\n<span style=\"font-size: 12pt; font-family: arial, helvetica, sans-serif;\">https:\/\/www.universalis.fr\/encyclopedie\/joseph-poelaert\/<\/span><\/div>\n<div data-ved=\"2ahUKEwjSz6fiyezjAhVP_qQKHXjSA2AQyxMoADAYegQIDxAJ\">\n<p><span style=\"font-size: 12pt;\"><span style=\"font-family: arial, helvetica, sans-serif;\"><strong><br \/>\nBiografia di base :<br \/>\n<\/strong><\/span><span style=\"font-family: arial, helvetica, sans-serif;\">G\u00e9niwal non vuole ripercorrere la biografia completa di questo personaggio, che sarebbe un doppione di una moltitudine di altri siti molto pi\u00f9 dettagliati e precisi, che chiunque pu\u00f2 facilmente consultare. Ci limitiamo qui a fornire una breve panoramica cronologica e geografica.<\/span><\/span><\/p>\n<\/div>\n<\/div>\n<\/div>","protected":false},"excerpt":{"rendered":"<p>Joseph POELAERT fils de Philippe\u00a0POELAERT et de Isabelle Marie Th\u00e9r\u00e8se Marie STAS\u00a0est n\u00e9 Le 21 mars 1817 \u00e0 Bruxelles, Il habitait rue du March\u00e9 au Charbon\u00a0no\u00a01028. Mari\u00e9 \u00e0 TOUSSAINT L\u00e9onie [&hellip;]<\/p>\n","protected":false},"author":2,"featured_media":3929,"comment_status":"open","ping_status":"open","sticky":false,"template":"","format":"standard","meta":{"_et_pb_use_builder":"","_et_pb_old_content":"","_et_gb_content_width":"","footnotes":""},"categories":[93,89],"tags":[],"class_list":["post-3926","post","type-post","status-publish","format-standard","has-post-thumbnail","hentry","category-nos-pistes","category-personnalites-belges","et-has-post-format-content","et_post_format-et-post-format-standard"],"aioseo_notices":[],"_links":{"self":[{"href":"https:\/\/geniwal.be\/it\/wp-json\/wp\/v2\/posts\/3926","targetHints":{"allow":["GET"]}}],"collection":[{"href":"https:\/\/geniwal.be\/it\/wp-json\/wp\/v2\/posts"}],"about":[{"href":"https:\/\/geniwal.be\/it\/wp-json\/wp\/v2\/types\/post"}],"author":[{"embeddable":true,"href":"https:\/\/geniwal.be\/it\/wp-json\/wp\/v2\/users\/2"}],"replies":[{"embeddable":true,"href":"https:\/\/geniwal.be\/it\/wp-json\/wp\/v2\/comments?post=3926"}],"version-history":[{"count":0,"href":"https:\/\/geniwal.be\/it\/wp-json\/wp\/v2\/posts\/3926\/revisions"}],"wp:featuredmedia":[{"embeddable":true,"href":"https:\/\/geniwal.be\/it\/wp-json\/wp\/v2\/media\/3929"}],"wp:attachment":[{"href":"https:\/\/geniwal.be\/it\/wp-json\/wp\/v2\/media?parent=3926"}],"wp:term":[{"taxonomy":"category","embeddable":true,"href":"https:\/\/geniwal.be\/it\/wp-json\/wp\/v2\/categories?post=3926"},{"taxonomy":"post_tag","embeddable":true,"href":"https:\/\/geniwal.be\/it\/wp-json\/wp\/v2\/tags?post=3926"}],"curies":[{"name":"wp","href":"https:\/\/api.w.org\/{rel}","templated":true}]}}