{"id":407,"date":"2013-07-13T19:18:56","date_gmt":"2013-07-13T17:18:56","guid":{"rendered":"https:\/\/geniwal.be\/?p=407"},"modified":"2023-04-11T11:35:15","modified_gmt":"2023-04-11T09:35:15","slug":"les-cimetieres-militaires-en-tournaisis","status":"publish","type":"post","link":"https:\/\/geniwal.be\/it\/nos-pistes\/pistes-genealogiques-en-belgique\/cimetiere\/les-cimetieres-militaires-en-tournaisis\/","title":{"rendered":"Cimiteri militari a Tournaisis"},"content":{"rendered":"<p align=\"center\"><strong>Storia del Libro d'Oro delle Carte del Fuoco \u00a0<\/strong><\/p>\n<p>Il Livre d'Or \u00e8 stato pubblicato da J. Rosez a Bruxelles negli anni '30, con un'ultima edizione nel 1940. Contiene i nomi e le foto dei veterani di guerra in possesso della Carta del Fuoco. I veterani che desideravano essere citati nel libro dovevano compilare un modulo in cui erano elencate le onorificenze ricevute. Lo stesso modulo veniva utilizzato anche per ordinare il libro. Per verificare l'accuratezza delle informazioni, sono state effettuate visite a casa degli interessati, ai quali \u00e8 stato chiesto di fornire le prove necessarie. Parte del ricavato della vendita del libro \u00e8 stato devoluto al \"Fonds des grands invalides\".<br \/>\nIl libro fu pubblicato e ripubblicato pi\u00f9 volte: nel 1933-1934\/ 1934-1935\/ 1935-1936\/ 1936-1937\/ 1937\/ 1937-1938\/ 1938-1939 e 1940. L'edizione del 1940 non \u00e8 un'edizione separata, ma una copia delle edizioni precedenti. Ci sono state quindi 8 edizioni in olandese e 8 in francese, con diverse aggiunte. Le edizioni olandese e francese sono identiche, tranne che per la descrizione dei reggimenti.<br \/>\nOgni veterano che ha ordinato il libro ha ricevuto una versione personalizzata con una copia della \"sua\" Carta del Fuoco. Il nostro collaboratore<br \/>\nI travicelli anteriori ricevevano una pensione a partire dall'et\u00e0 di 45 anni, pagata trimestralmente tramite vaglia postale. L'importo dipendeva dal numero di galloni.<\/p>\n<p>Quali informazioni contiene il libro?<br \/>\n*I nomi dei veterani con una foto (non sempre), il luogo di residenza, il grado e le onorificenze militari. Naturalmente, non tutti i veterani compaiono nei libri.<\/p>","protected":false},"excerpt":{"rendered":"<p>Historique du Livre d&rsquo;Or des Cartes du Feu \u00a0 Le Livre d&rsquo;Or fut \u00e9dit\u00e9 par la maison d&rsquo;\u00e9dition J. Rosez \u00e0 Bruxelles au cours des ann\u00e9es trente avec une \u00e9dition [&hellip;]<\/p>\n","protected":false},"author":2,"featured_media":9022,"comment_status":"closed","ping_status":"closed","sticky":false,"template":"","format":"standard","meta":{"_et_pb_use_builder":"","_et_pb_old_content":"","_et_gb_content_width":"","footnotes":""},"categories":[75,81],"tags":[],"class_list":["post-407","post","type-post","status-publish","format-standard","has-post-thumbnail","hentry","category-cimetiere","category-le-3eme-cimetiere-militaire","et-has-post-format-content","et_post_format-et-post-format-standard"],"aioseo_notices":[],"_links":{"self":[{"href":"https:\/\/geniwal.be\/it\/wp-json\/wp\/v2\/posts\/407","targetHints":{"allow":["GET"]}}],"collection":[{"href":"https:\/\/geniwal.be\/it\/wp-json\/wp\/v2\/posts"}],"about":[{"href":"https:\/\/geniwal.be\/it\/wp-json\/wp\/v2\/types\/post"}],"author":[{"embeddable":true,"href":"https:\/\/geniwal.be\/it\/wp-json\/wp\/v2\/users\/2"}],"replies":[{"embeddable":true,"href":"https:\/\/geniwal.be\/it\/wp-json\/wp\/v2\/comments?post=407"}],"version-history":[{"count":0,"href":"https:\/\/geniwal.be\/it\/wp-json\/wp\/v2\/posts\/407\/revisions"}],"wp:featuredmedia":[{"embeddable":true,"href":"https:\/\/geniwal.be\/it\/wp-json\/wp\/v2\/media\/9022"}],"wp:attachment":[{"href":"https:\/\/geniwal.be\/it\/wp-json\/wp\/v2\/media?parent=407"}],"wp:term":[{"taxonomy":"category","embeddable":true,"href":"https:\/\/geniwal.be\/it\/wp-json\/wp\/v2\/categories?post=407"},{"taxonomy":"post_tag","embeddable":true,"href":"https:\/\/geniwal.be\/it\/wp-json\/wp\/v2\/tags?post=407"}],"curies":[{"name":"wp","href":"https:\/\/api.w.org\/{rel}","templated":true}]}}