{"id":4492,"date":"2019-10-13T21:29:58","date_gmt":"2019-10-13T19:29:58","guid":{"rendered":"https:\/\/geniwal.be\/?p=4492"},"modified":"2023-04-05T17:13:33","modified_gmt":"2023-04-05T15:13:33","slug":"magritte-rene-francois-ghislain","status":"publish","type":"post","link":"https:\/\/geniwal.be\/it\/nos-pistes\/personnalites-belges\/magritte-rene-francois-ghislain\/","title":{"rendered":"MAGRITTE Ren\u00e9 Fran\u00e7ois Ghislain"},"content":{"rendered":"<p><span style=\"font-family: arial, helvetica, sans-serif;\"><strong>MAGRITTE Ren\u00e9 Fran\u00e7ois Ghislain, <\/strong>pittore surrealista \u00e8 nato a Lessines il 21\/11\/1898, figlio di\u00a0<strong>MAGRITTE<\/strong>\u00a0L\u00e9opold Fran\u00e7ois Ghislain e Adeline Isabelle R\u00e9gina <strong>BERTINCHAMPS<\/strong>. \u00c8 il maggiore di tre figli.\u00a0<\/span><br \/>\n<span style=\"font-family: arial, helvetica, sans-serif;\"><strong>Dal 1916 al 1920<\/strong>Frequenta l'Acad\u00e9mie des Beaux-Arts di Bruxelles e sviluppa le sue prime ricerche nel campo dell'astrazione.\u00a0<strong>Nel 1922<\/strong>Magritte sposa Georgette <strong>BERGER<\/strong>. La coppia si stabilisce a Laeken e la moglie diventa la sua principale modella. In seguito si dedica al Surrealismo e in <strong>1929,<\/strong> \u00e8 vicino a <a href=\"https:\/\/fr.wikipedia.org\/wiki\/Salvador_Dal%C3%AD\">Salvador Dal\u00ec<\/a>.\u00a0<strong>Nel 1933<\/strong>Magritte inizia le sue prime ricerche nel campo dell'oggetto e rivede la sua concezione della pittura come forma di interrogazione del linguaggio.\u00a0<strong>Nel 1943<\/strong>Come reazione all'occupazione tedesca, cominci\u00f2 a <strong>un periodo impressionista<\/strong> e si \u00e8 iscritto al Partito Comunista. In particolare, ha illustrato \"\u00a0<a href=\"https:\/\/musearti.hypotheses.org\/2940\">Le canzoni di Moldanor di Lautr\u00e9amont\u00a0<\/a>\"pubblicato nel 1948 <a href=\"https:\/\/www.poetes.com\/textes\/lau_mal.pdf\">https:\/\/www.poetes.com\/textes\/lau_mal.pdf<\/a> e inizia il suo cosiddetto <strong>\"Mucca\u00a0<\/strong><strong>Nel 1964<\/strong>Sebbene la maggior parte delle sue opere fosse destinata a clienti belgi, i contatti e i lunghi viaggi di Magritte gli permisero di esporre il suo lavoro in Europa e in America, dove acquis\u00ec fama internazionale. Muore il <strong>15\/08\/1967<\/strong> a Schaerbeek, al 97 di rue des Mimosas. La moglie lo segu\u00ec nel 1986.<\/span><\/p>\n<p style=\"text-align: right;\">Myriam Brys<\/p>\n<p>&nbsp;<\/p>\n<p>&nbsp;<\/p>\n<p>&nbsp;<\/p>\n<div id=\"attachment_4495\" style=\"width: 310px\" class=\"wp-caption alignleft\"><img decoding=\"async\" aria-describedby=\"caption-attachment-4495\" class=\"wp-image-4495 size-medium lazyload\" data-src=\"https:\/\/geniwal.be\/wp-content\/uploads\/2019\/10\/moisson-300x223-1-300x223.jpg\" alt=\"\" width=\"300\" height=\"223\" src=\"data:image\/svg+xml;base64,PHN2ZyB3aWR0aD0iMSIgaGVpZ2h0PSIxIiB4bWxucz0iaHR0cDovL3d3dy53My5vcmcvMjAwMC9zdmciPjwvc3ZnPg==\" style=\"--smush-placeholder-width: 300px; --smush-placeholder-aspect-ratio: 300\/223;\" \/><p id=\"caption-attachment-4495\" class=\"wp-caption-text\">Il raccolto (1943)<\/p><\/div>\n<div id=\"attachment_4496\" style=\"width: 322px\" class=\"wp-caption alignleft\"><img decoding=\"async\" aria-describedby=\"caption-attachment-4496\" class=\"wp-image-4496 lazyload\" data-src=\"https:\/\/geniwal.be\/wp-content\/uploads\/2019\/10\/wpid-1226009078image_web-300x210-300x210.jpg\" alt=\"\" width=\"312\" height=\"218\" src=\"data:image\/svg+xml;base64,PHN2ZyB3aWR0aD0iMSIgaGVpZ2h0PSIxIiB4bWxucz0iaHR0cDovL3d3dy53My5vcmcvMjAwMC9zdmciPjwvc3ZnPg==\" style=\"--smush-placeholder-width: 312px; --smush-placeholder-aspect-ratio: 312\/218;\" \/><p id=\"caption-attachment-4496\" class=\"wp-caption-text\">L'Ellisse, 1948<\/p><\/div>\n<p>&nbsp;<\/p>\n<p>&nbsp;<\/p>\n<p>&nbsp;<\/p>\n<p>&nbsp;<\/p>\n<p>&nbsp;<\/p>\n<p>&nbsp;<\/p>\n<p>&nbsp;<\/p>\n<p><img decoding=\"async\" class=\"alignleft wp-image-4493 size-full lazyload\" data-src=\"https:\/\/geniwal.be\/wp-content\/uploads\/2019\/10\/RONGY_NAISSANCES_EC_1902_2000.jpg\" alt=\"\" width=\"857\" height=\"603\" data-srcset=\"https:\/\/geniwal.be\/wp-content\/uploads\/2019\/10\/RONGY_NAISSANCES_EC_1902_2000.jpg 857w, https:\/\/geniwal.be\/wp-content\/uploads\/2019\/10\/RONGY_NAISSANCES_EC_1902_2000-300x211.jpg 300w, https:\/\/geniwal.be\/wp-content\/uploads\/2019\/10\/RONGY_NAISSANCES_EC_1902_2000-600x422.jpg 600w, https:\/\/geniwal.be\/wp-content\/uploads\/2019\/10\/RONGY_NAISSANCES_EC_1902_2000-768x540.jpg 768w\" data-sizes=\"(max-width: 857px) 100vw, 857px\" src=\"data:image\/svg+xml;base64,PHN2ZyB3aWR0aD0iMSIgaGVpZ2h0PSIxIiB4bWxucz0iaHR0cDovL3d3dy53My5vcmcvMjAwMC9zdmciPjwvc3ZnPg==\" style=\"--smush-placeholder-width: 857px; --smush-placeholder-aspect-ratio: 857\/603;\" \/><\/p>\n<p>&nbsp;<\/p>\n<p>&nbsp;<\/p>\n<p>&nbsp;<\/p>\n<p>&nbsp;<\/p>\n<p>&nbsp;<\/p>\n<p>&nbsp;<\/p>\n<p>&nbsp;<\/p>\n<p>&nbsp;<\/p>\n<p>&nbsp;<\/p>\n<p>&nbsp;<\/p>\n<p>&nbsp;<\/p>\n<p>&nbsp;<\/p>\n<p>&nbsp;<\/p>\n<p>&nbsp;<\/p>\n<p>&nbsp;<\/p>\n<p><span style=\"font-family: arial, helvetica, sans-serif;\"><strong>Fonti :<\/strong><\/span><br \/>\n<a href=\"http:\/\/walloniebelgiquetourisme.be\/fr-be\/content\/maison-de-magritte-a-chatelet\"><span style=\"font-family: arial, helvetica, sans-serif;\">http:\/\/walloniebelgiquetourisme.be\/fr-be\/content\/maison-de-magritte-a-chatelet<\/span><\/a><br \/>\n<a href=\"https:\/\/musearti.hypotheses.org\/2940\"><span style=\"font-family: arial, helvetica, sans-serif;\">https:\/\/musearti.hypotheses.org\/2940<\/span><\/a><\/p>\n<p><span style=\"font-family: arial, helvetica, sans-serif;\"><strong>Per continuare il viaggio di Magritte:<br \/>\n<\/strong><a href=\"https:\/\/www.musee-magritte-museum.be\/fr\">\u00a0https:\/\/www.musee-magritte-museum.be\/fr<\/a><\/span><br \/>\n<a href=\"http:\/\/www.chatelet.be\/loisirs\/le-tourisme-a-chatelet\/la-maison-magritte\"><span style=\"font-family: arial, helvetica, sans-serif;\">http:\/\/www.chatelet.be\/loisirs\/le-tourisme-a-chatelet\/la-maison-magritte<\/span><\/a><br \/>\n<a href=\"https:\/\/fr.wikipedia.org\/wiki\/Ren%C3%A9_Magritte\"><span style=\"font-family: arial, helvetica, sans-serif;\">https:\/\/fr.wikipedia.org\/wiki\/Ren%C3%A9_Magritte<\/span><\/a><\/p>\n<p>&nbsp;<\/p>","protected":false},"excerpt":{"rendered":"<p>MAGRITTE\u00a0Ren\u00e9 Fran\u00e7ois Ghislain, peintre surr\u00e9aliste est n\u00e9 \u00e0 Lessines le 21\/11\/1898 fils de\u00a0MAGRITTE\u00a0L\u00e9opold Fran\u00e7ois Ghislain et Adeline Isabelle R\u00e9gina BERTINCHAMPS.\u00a0Il est l\u2019a\u00een\u00e9 de trois enfants.\u00a0 De 1916 \u00e0 1920, il [&hellip;]<\/p>\n","protected":false},"author":2,"featured_media":4494,"comment_status":"open","ping_status":"open","sticky":false,"template":"","format":"standard","meta":{"_et_pb_use_builder":"","_et_pb_old_content":"","_et_gb_content_width":"","footnotes":""},"categories":[93,89],"tags":[],"class_list":["post-4492","post","type-post","status-publish","format-standard","has-post-thumbnail","hentry","category-nos-pistes","category-personnalites-belges","et-has-post-format-content","et_post_format-et-post-format-standard"],"aioseo_notices":[],"_links":{"self":[{"href":"https:\/\/geniwal.be\/it\/wp-json\/wp\/v2\/posts\/4492","targetHints":{"allow":["GET"]}}],"collection":[{"href":"https:\/\/geniwal.be\/it\/wp-json\/wp\/v2\/posts"}],"about":[{"href":"https:\/\/geniwal.be\/it\/wp-json\/wp\/v2\/types\/post"}],"author":[{"embeddable":true,"href":"https:\/\/geniwal.be\/it\/wp-json\/wp\/v2\/users\/2"}],"replies":[{"embeddable":true,"href":"https:\/\/geniwal.be\/it\/wp-json\/wp\/v2\/comments?post=4492"}],"version-history":[{"count":0,"href":"https:\/\/geniwal.be\/it\/wp-json\/wp\/v2\/posts\/4492\/revisions"}],"wp:featuredmedia":[{"embeddable":true,"href":"https:\/\/geniwal.be\/it\/wp-json\/wp\/v2\/media\/4494"}],"wp:attachment":[{"href":"https:\/\/geniwal.be\/it\/wp-json\/wp\/v2\/media?parent=4492"}],"wp:term":[{"taxonomy":"category","embeddable":true,"href":"https:\/\/geniwal.be\/it\/wp-json\/wp\/v2\/categories?post=4492"},{"taxonomy":"post_tag","embeddable":true,"href":"https:\/\/geniwal.be\/it\/wp-json\/wp\/v2\/tags?post=4492"}],"curies":[{"name":"wp","href":"https:\/\/api.w.org\/{rel}","templated":true}]}}