{"id":4640,"date":"2019-12-14T21:32:56","date_gmt":"2019-12-14T20:32:56","guid":{"rendered":"https:\/\/geniwal.be\/?p=4640"},"modified":"2023-04-08T14:02:12","modified_gmt":"2023-04-08T12:02:12","slug":"bibliotheque-de-geniwal-wavriensia-n-52","status":"publish","type":"post","link":"https:\/\/geniwal.be\/it\/nos-pistes\/bibliotheque-de-geniwal\/bibliotheque-de-geniwal-wavriensia-n-52\/","title":{"rendered":"Biblioteca di G\u00e9niWal (Wavriensia 1952 - 1-2-3-4)"},"content":{"rendered":"<p><span style=\"font-family: arial, helvetica, sans-serif;\"><strong>Elenco dei cognomi trovati nelle riviste del 1952 da\u00a0<\/strong><\/span><strong style=\"font-family: arial, helvetica, sans-serif;\">questa rivista<\/strong><strong style=\"font-family: arial, helvetica, sans-serif;\">\u00a0<\/strong><\/p>\n<p><span style=\"font-family: arial, helvetica, sans-serif; color: #ff0000;\"><b>N.N.,<i>\u00a0Prefazione, Statuto, Estratto del Regolamento Interno, Supplementi, Elenco dei membri del Cercle Historique et Arch\u00e9ologique de Wavre et sa R\u00e9gion<\/i>Wavriensia Tomo I n\u00b0 1, pp : 1-12<br \/>\n<\/b><\/span><span style=\"font-family: arial, helvetica, sans-serif;\">Alexis, Alsteen, Alsteens, Anciaux - Barbiaux, Beguin, Belva, Binon, Blanchard, Boden, Bolle, Bontemps, Bourdon, Bourguignon, Bousse, Brasseur, Bricart, Brink, Brisquet - Carnaille, Clusman, Colette, Collet, Collon, Coppens, Cormont, Cox, Craps, Cremers - Danl\u00e9e D'Ao\u00fbt, De Pester, Debienne, Decock, Defrenne, Degraeuwe, Degueldre, Delaby, Delbrassine, Delcroix, Demanet, Demogue, Denis, Detienne, Detry, Devillers, Devos, Donnay, Dubuisson, Duwez - Englebert - Foureau - Gerkens, Ghenne, Gits, Godeau, Godfroid, Goffart, Goffin, Goossens - Hanon de Louvet, Hanon, Heilier, Helguers, Heynen, Hourdeau, Hubin, Hunion - Jacob, Jeandrain - Kumps - Lang, Latour, Le Hardy de Beaulieu, Leclercque, Ledent, Lemmens, Lintermans, Loicq, Lorge - Magos, Malbrouck, Marchal, Marchal, Maret, Martin, Massart, Mayn\u00e9, M\u00e9lardy, Meurice, Mirlon - Navez - Ogez - Parzenczewski, Patigny, Paulus, Peeters, Pensis, Petitjean, Philippot, Pierre, Pietquin, Pinpurniaux, Pirart, Poche - Quevrin - Raucent, Remacle, Renard, Riez, Romain - Scops, Screvens, Simon, Simonart, Soille, St\u00e9nuit, Stevens - Tassignon, Thiriar - Van Eyck, Van Namen, Van Noyen, Van P\u00e9e, Vancutsem, Vanderen, Vandermousen, Vanesse, Vanp\u00e9e, Veckman, Vertommen, Visart de Bocarm\u00e9 - Willam, Willems, Wincq.<\/span><\/p>\n<p><span style=\"font-family: arial, helvetica, sans-serif; color: #ff0000;\"><b>Joseph POCHE,<i>\u00a0Le origini del Circolo storico e archeologico di Wavre<\/i>, Wavriensia Tome I n\u00b0 1, pp : 13-14<br \/>\n<\/b><\/span><span style=\"font-family: arial, helvetica, sans-serif;\">Borl\u00e9e, Bourguignon - Devillers - Genard, Goffin - Leclercque, Ledent - Peeters, Pensis, Philippot, Poche - Renard - Scops - Tombeur - Van Cutsem,Vanp\u00e9e, Verriest.<\/span><\/p>\n<div>\n<p><span style=\"font-family: arial, helvetica, sans-serif; color: #ff0000;\"><b>N.N.,<i>\u00a0Il nostro lavoro e le nostre attivit\u00e0<\/i>, Wavriensia Tome I n\u00b0 1, pp : 15-16<br \/>\n<\/b><\/span><span style=\"font-family: arial, helvetica, sans-serif;\">Bavay, Bette, Bevens, Bourdon, Brasseur - Collon - De Smet, Deckers, Dubuisson, Duwez - Englebert - Goffin, Hubin - Lepage - Marchal, Martin, Mersch, Meurice - Palange, Peeters, Pensis, Philippot - Scops, Soille - Tombeur - Vancutsem - Wery.<\/span><\/p>\n<div>\n<p><b style=\"color: #ff0000; font-family: arial, helvetica, sans-serif;\">Jean MARTIN,\u00a0<\/b><b style=\"color: #ff0000; font-family: arial, helvetica, sans-serif;\"><i>Sull'espulsione dei monaci del Priorato di Basse-Wavre durante la Rivoluzione Francese<\/i>,<\/b><b style=\"color: #ff0000; font-family: arial, helvetica, sans-serif;\">\u00a0Wavriensia Tomo I n\u00b0 2, pp : 17-19<br \/>\n<\/b><span style=\"font-family: arial, helvetica, sans-serif;\">Belet, Bernard, Buisseret - Degrauw, Disclijn - Impens - Laenen - Martin - Pirard - R\u00e9gaus, Rosbonne - Van Havermaet - Wathier.\u00a0<\/span><\/p>\n<\/div>\n<\/div>\n<p><span style=\"font-family: arial, helvetica, sans-serif; color: #ff0000;\"><b>Ch. SCOPS, Un plan de la ville de Wavre en 1769, Wavriensia n\u00b0 2, 1952, pp : 20-27<\/b><\/span><br \/>\n<span style=\"font-family: arial, helvetica, sans-serif;\">Barbier, Bodumont - Charles Quint - d' Onyn, de Corswarem-Looz, de Glimes, de Glymes de Hollebecque, De Raedt, Decordes, Denis, Deventer, Dubuisson - Everaert - Fortune - Hanon de Louvet, Houbotte - Magos - Philippe II - Ramus\u00e9e, Ronsmans - Sambon, Scops - Tamineau - Vanp\u00e9e, Verriest - Wera.\u00a0<\/span><\/p>\n<p><span style=\"font-family: arial, helvetica, sans-serif; color: #ff0000;\"><b>L\u00e9opold KUMPS,\u00a0<i>Un soldato del Brabante Vallone, Norbert Brion<\/i>Wavriensia n. 2, 1952, pp. 28-29<\/b><\/span><br \/>\n<span style=\"font-family: arial, helvetica, sans-serif;\">Andry, Art - Brion - Colard - de Beausart, de Nassau, de Vos - Fabry - Gaigne, Garsou, Goffin - Huens - Kumps - L\u00e9opold Ier - Martin - Napol\u00e9on - Vigneron.<\/span><\/p>\n<p><span style=\"font-family: arial, helvetica, sans-serif; color: #ff0000;\"><b>J.M. ROMAIN,<i>\u00a0Archivio<\/i>Wavriensia n. 2, 1952, pagina 32.<\/b><\/span><br \/>\n<span style=\"font-family: arial, helvetica, sans-serif;\">Cosemans - Romain.<\/span><\/p>\n<p><span style=\"font-family: arial, helvetica, sans-serif; color: #ff0000;\"><b>N.N.<i>Per i genealogisti<\/i>Wavriensia n. 2, 1952, pagina 32.<\/b><\/span><br \/>\n<span style=\"font-family: arial, helvetica, sans-serif;\">Plumet.<\/span><\/p>\n<p><span style=\"font-family: arial, helvetica, sans-serif; color: #ff0000;\"><b>R. HANON de LOUVET,\u00a0<i>Le origini della chiesa mariana e del priorato benedettino di Basse-Wavre, alla fine dell'XI secolo, risalgono all'epoca dei benedettini.<\/i>e,\u00a0\u00a0<\/b><b>Wavriensia n\u00b0 2 e 4, 1952, pp : 33-68<\/b><\/span><br \/>\n<span style=\"font-family: arial, helvetica, sans-serif;\">Arnoul, Azon - Baudouin, Beissel, Berli\u00e8re, Bernard, Berthout, Bonenfant, Bovon - Callixte, Carnoy, Coosemans, Coppens - de Beaurieu, de Bierbeek, de Corte, de Cranehen, de Gobert, de Gosuin, de Grimberga, de Jandrenouille, de J\u00e9rusalem, de Juliers, de l'Ausele, De Leez, De Marneffe, De Moreau,De Saint-Lambert, De Smet, de Verdun, de Wavre, d'Oeren, Du Cange - Fulgence - G\u00e9rard, Gielemans, Godefroid I, Godefroid III, Godefroid le Barbu, Goetschalkx, Gosuin, Gramaye - Hanon de Louvet, Henri I, Henri III, H\u00e9riward, Hillin - Ingelbert - Knetsch, Kurth - Laenen, Lambert - Martin, Minzon - Odon - Pascal, Pertz - Regaus, Reusens, Riquard, Roland - Sabbe, Saint Amand Cambrai, Saint Hubert, Siger, Strumme, Synagogus - Tarlier - Van der Linden, Van Even - Wauters, Willems.<\/span><\/p>\n<p><span style=\"font-family: arial, helvetica, sans-serif; color: #ff0000;\"><b>Jean MEURICE,\u00a0<i>Wavre nel 1859<\/i>Wavriensia n. 5, 1952, pp. 73-79<\/b><\/span><br \/>\n<span style=\"font-family: arial, helvetica, sans-serif;\">Andrieux - Bernard - Constant - De Brabant - Fortamps - Hoolans - L\u00e9opold II, Loyens - Mahieu, Mervier, Meurice, t'kint - Van Oemberg, Vygen - Wargnies.<\/span><\/p>\n<p><span style=\"font-family: arial, helvetica, sans-serif;\"><b><span style=\"color: #ff0000;\">Antoine DE SMET,\u00a0<i>Fran\u00e7ois C. P\u00e9tiniot e l'emigrazione vallona nel nord-est del Wisconsin dal 1853 al 1856<\/i>Wavriensia n\u00b0 5, 1952, pp : 80-82<\/span><\/b><\/span><br \/>\n<span style=\"font-family: arial, helvetica, sans-serif;\">Bodart, Bourguignon, Brinck - De Smet, Delvaux, Detienne - Hannon - Jossart - Martin, Masy, Moreau, Moureau - P\u00e2ques, P\u00e9tiniot, Philippe.<\/span><\/p>\n<p><span style=\"font-family: arial, helvetica, sans-serif;\"><b><span style=\"color: #ff0000;\">N.N.,\u00a0<i>Elenco dei nuovi membri<\/i>Wavriensia n\u00b0 5, 1952, pp : 83-85<\/span><\/b><\/span><br \/>\n<span style=\"font-family: arial, helvetica, sans-serif;\">Andr\u00e9 - Ballat, Barbier, Baudot, Beldars, Berger, Bette, Bidoul, Bosmans, Boulangier - Cabaret, Cocq, Cuypers - Daix, de Bolle, de Buisseret, De Smet, de Thysebaert, Decorte, Dehaen, Demol, Demortier, Duvivier - Genin, Gilson, Ginion, Gits, Goossens - Happ\u00e9, Hermant, Hernalsteen - Lebrun, Leclercque, Lehmann, Lorge - Mersch, Mertens, Meyer, Moretus - Pilet - Ray\u00e9e, Renard, Renglet, Renquin, Reynaert, Rousseaux - Soille - Vanderbeck, Vandrisse, Vanesse, Vanham - Wilquet,<\/span><\/p>\n<p><span style=\"font-family: arial, helvetica, sans-serif; color: #ff0000;\"><b>N.N., Le Mus\u00e9e Arch\u00e9ologique et la Biblioth\u00e8que du Cercle, Wavriensia n\u00b0 5, 1952, pagina : 86<\/b><\/span><br \/>\n<span style=\"font-family: arial, helvetica, sans-serif;\">Barbiaux, Bastien - Camerman - Dekeyser - Englebert - Hermant - Jacob - Lambeau, Ladri\u00e8re, Leclerque - Mertens, Meurice - Palange, Pirard - Roelandts - Talon - Veckman.<\/span><\/p>\n<p><span style=\"font-family: arial, helvetica, sans-serif;\"><span style=\"color: #ff0000;\"><b>C.D.,\u00a0<i>Bibliografia<\/i>,\u00a0<\/b><\/span><b><span style=\"color: #ff0000;\">Wavriensia n\u00b0 5, 1952, pagina : 87<\/span><br \/>\n<\/b>de Vaud\u00e9mont - Nauwelaers.<\/span><\/p>\n<p>&nbsp;<\/p>\n<p><span style=\"font-family: arial, helvetica, sans-serif;\"><strong>Disponibile presso il Cercle d'histoire, d'arch\u00e9ologique et de g\u00e9n\u00e9alogie de Wavre et du Brabant Wallon :\u00a0<a href=\"http:\/\/chawavre.org\">chawavre.org<\/a><\/strong><\/span><\/p>\n<p>&nbsp;<\/p>","protected":false},"excerpt":{"rendered":"<p>Liste des patronymes trouv\u00e9s dans les revues 1952 de\u00a0cette revue\u00a0 N.N.,\u00a0Pr\u00e9face, Statuts, Extrait du r\u00e8glement d&rsquo;ordre Int\u00e9rieur, Puplications, Liste des membres \u00a0du Cercle Historique et Arch\u00e9ologique de Wavre et sa [&hellip;]<\/p>\n","protected":false},"author":2,"featured_media":4678,"comment_status":"closed","ping_status":"open","sticky":false,"template":"","format":"standard","meta":{"_et_pb_use_builder":"","_et_pb_old_content":"","_et_gb_content_width":"","footnotes":""},"categories":[257,19,93,251,118],"tags":[],"class_list":["post-4640","post","type-post","status-publish","format-standard","has-post-thumbnail","hentry","category-association-belges","category-bibliotheque-de-geniwal","category-nos-pistes","category-numerique","category-wavriensia","et-has-post-format-content","et_post_format-et-post-format-standard"],"aioseo_notices":[],"_links":{"self":[{"href":"https:\/\/geniwal.be\/it\/wp-json\/wp\/v2\/posts\/4640","targetHints":{"allow":["GET"]}}],"collection":[{"href":"https:\/\/geniwal.be\/it\/wp-json\/wp\/v2\/posts"}],"about":[{"href":"https:\/\/geniwal.be\/it\/wp-json\/wp\/v2\/types\/post"}],"author":[{"embeddable":true,"href":"https:\/\/geniwal.be\/it\/wp-json\/wp\/v2\/users\/2"}],"replies":[{"embeddable":true,"href":"https:\/\/geniwal.be\/it\/wp-json\/wp\/v2\/comments?post=4640"}],"version-history":[{"count":0,"href":"https:\/\/geniwal.be\/it\/wp-json\/wp\/v2\/posts\/4640\/revisions"}],"wp:featuredmedia":[{"embeddable":true,"href":"https:\/\/geniwal.be\/it\/wp-json\/wp\/v2\/media\/4678"}],"wp:attachment":[{"href":"https:\/\/geniwal.be\/it\/wp-json\/wp\/v2\/media?parent=4640"}],"wp:term":[{"taxonomy":"category","embeddable":true,"href":"https:\/\/geniwal.be\/it\/wp-json\/wp\/v2\/categories?post=4640"},{"taxonomy":"post_tag","embeddable":true,"href":"https:\/\/geniwal.be\/it\/wp-json\/wp\/v2\/tags?post=4640"}],"curies":[{"name":"wp","href":"https:\/\/api.w.org\/{rel}","templated":true}]}}