{"id":4692,"date":"2019-12-22T17:35:42","date_gmt":"2019-12-22T16:35:42","guid":{"rendered":"https:\/\/geniwal.be\/?p=4692"},"modified":"2023-04-08T14:02:54","modified_gmt":"2023-04-08T12:02:54","slug":"bibliotheque-de-geniwal-wavriensia-1957-1-2-3-4","status":"publish","type":"post","link":"https:\/\/geniwal.be\/it\/nos-pistes\/bibliotheque-de-geniwal\/bibliotheque-de-geniwal-wavriensia-1957-1-2-3-4\/","title":{"rendered":"Biblioteca G\u00e9niWal (Wavriensia 1957 - 1-2-3-4)"},"content":{"rendered":"<p>&nbsp;<\/p>\n<p><span style=\"font-family: arial, helvetica, sans-serif;\"><b><span style=\"color: #ff0000;\">F. COLLON,\u00a0<i>Le armi di Wavre<\/i>Wavriensia Volume VI 1957 No. 1, pp. 1-3<\/span><\/b><\/span><\/p>\n<div><span style=\"font-family: arial, helvetica, sans-serif;\">Boisacq - Collon - de Tecklenbourg - Galbreath, Grandjean - Paillot - Roelop -Valckenborg.<\/span><\/div>\n<div><\/div>\n<div><span style=\"font-family: arial, helvetica, sans-serif; color: #ff0000;\"><b>Charles DEVOS,\u00a0<i>Sepolture nella chiesa di Saint-Martin de Limal<\/i>Wavriensia Tome VI 1957 n\u00b0 1, pp : 4-11<\/b><\/span><\/div>\n<div><\/div>\n<div><span style=\"font-family: arial, helvetica, sans-serif;\">Andrieu - Baillet, Blerau - Camart, Charlier, Chauffoureau, Cl\u00e9ment, Connerotte, Coppin, Cornet, Cousin, Croiseau, Cuvelier - d'Aguero, Daveaux, de Corswarem-Looz, de Herzelles, de la Puente, de Rieux, de Rode, Decorde, Delandre, Delbrassine, Delsart, Desaincte, Devalge, Devos, Don Carlos, Donglebert, Drioul - Gerardi, Gilson, Guilmin - Hulet - Jancenes, Joseph II - Lambert, Le Groz, Legrain, Legros, Lints, Lopez de Ulloa - Martinez, Messelberrier - Pasquier, Pattuire - Saint-Aubert, Stiernon - Vuens.<\/span><\/div>\n<div><\/div>\n<div><span style=\"font-family: arial, helvetica, sans-serif; color: #ff0000;\"><b>Charles DEVOS,\u00a0<i>Informazioni sulla genealogia di Lopez de Ulloa<\/i>Wavriensia Tome VI 1957 n\u00b0 1, pp : 12-13<\/b><\/span><\/div>\n<div><\/div>\n<div><span style=\"font-family: arial, helvetica, sans-serif;\">Cuvelier - d'Albe, de Limelette, de Ulloa, Del Porte, Devos - Hustin de la M\u00e9lin - Pirenne- Tarlier - Wauters.<\/span><\/div>\n<div><\/div>\n<div><span style=\"font-family: arial, helvetica, sans-serif; color: #ff0000;\"><b>Jean MARTIN,\u00a0<i>Note sul giuramento di Basse-Wavre<\/i>Wavriensia Volume VI 1957 n. 1, pagina 14<\/b><\/span><\/div>\n<div><\/div>\n<div><span style=\"font-family: arial, helvetica, sans-serif;\">Ghysbrechts - de Praecipiano - Martin.<\/span><\/div>\n<div><\/div>\n<div><span style=\"font-family: arial, helvetica, sans-serif; color: #ff0000;\"><b>Jean de CONDROZ,\u00a0<i>Charles d'Ursel, 44\u00b0 abate e conte di Gembloux (1626-1635)<\/i>, Wavriensia Tome VI 1957 n\u00b0 1, pagina : 15<\/b><\/span><\/div>\n<div><\/div>\n<div><span style=\"font-family: arial, helvetica, sans-serif;\">Bertin - du Condroz, d'Ursel, Durselle - Hulet - Isabella di Spagna - Filippo II - Regnart - Saint Omer - Urbano VIII.<\/span><\/div>\n<div><\/div>\n<div><span style=\"font-family: arial, helvetica, sans-serif; color: #ff0000;\"><b>N.N.,\u00a0<i>Opinione<\/i>, Wavriensia Tome VI 1957 n\u00b0 1, pagina : 16<\/b><\/span><\/div>\n<div><\/div>\n<div><span style=\"font-family: arial, helvetica, sans-serif;\">Mari\u00ebn, Martin - Peeters, Pensis - Philippot - Stenuit - Wolfers.<\/span><br \/>\n<span style=\"font-family: arial, helvetica, sans-serif;\">\u00a0<\/span><\/div>\n<div><span style=\"font-family: arial, helvetica, sans-serif; color: #ff0000;\"><b>Henri de PINCHART,<i>\u00a0Genealogia della famiglia PINCHART, ramo Ti\u00e8ge<\/i>, Wavriensia Tome VI 1957 n\u00b0 2-3-4, pagina : 17-32<\/b><\/span><\/div>\n<div><\/div>\n<div>\n<div><span style=\"font-family: arial, helvetica, sans-serif;\">Balthazar, Baude, Berthou, Bough\u00e8re - Coesme, Colison, Corvilain, Cysaine - Daillebroux, Damide, Dani\u00e9lis, de Bernard, de B\u00e9thume, de Choiseul, de Deuckem, de Fontigny, de Ghees, de Glymes, de Hacquedeau, de Hacquedeaux, de Henricourt de Mozet, de Hutbize, de la Croix, de Lalloux, de Maillart, de Marbais, de Marbeke, de Ouppaye, de Mellery, de Mez, de Monceau, de Ouppaye, de Papuin, de Pinchart, de Plumcocq, de Velpen, de Vervoz, de Wartez, de Wavre, Del Charlerie, Del Mez, Delloye, d'Esmines, d'Onyn, Doyen, du Bois, du Champs, du Rieu, Du Sart, d'Ursel - Estienne - Gabriel, Ghenne de Lyroux, Gilson - Hannet, Hanquinn\u00e9e, Henet - Jonnart - Le Blavier - Marcq, Mouton - Oury - Pasque, Panny, Philippe IV - Ramois\u00e9e - Staquet, Stronck - Van Heurch.<\/span><\/div>\n<div><\/div>\n<div><span style=\"font-family: arial, helvetica, sans-serif; color: #ff0000;\"><b>Antoine DE SMET,\u00a0<\/b><i><b>La comunit\u00e0 belga del Wisconsin nord-orientale, le sue origini e la sua evoluzione fino al 1900 circa<\/b><\/i><b>Wavriensia Tome VI 1957 n\u00b0 5-6-7-8, pp : 67-128<\/b><\/span><\/div>\n<div>\n<div><\/div>\n<div><span style=\"font-family: arial, helvetica, sans-serif;\">Allossert, Amann, Aulotte - Bassine, Bidoul, Blagenot, Bodart, Boigelot, Bonduel, Bossche, Bouchery, Brice, Brisse, Busch - Charloteaux, Conart, Copay, Cremers, Cumps - Daems, Dams, Dandois, Dandoit, De Decker, De Fays, De Ham, De keuster, De Reydt, de Ruddere, De Smet, Defnet, Degodt, Deheuse, Dehon, Delande, Deltombe, Delvaux, Delwiche, Denis, Depas, Deridder, Dest\u00e8che, Detienne, Dominica, Doudouye, Doyen, Duchateau, Duffeler - Evrard, Evras - Fabry, Feron, Forvilly, Fritz - G\u00e9rard, Germiat, Gonner - Hagemans, Hannon, Hauck, Haulotte, Hennepin, Henrotin, Hevenor, Hoebrecx, Holand - Imberechts, Ipers - Jacqmot, Jadin, Jauche, Jenkins, Jenquinne, Johnsen, Jopar, Jossart - Klein - La Luzerne, Lacourt, Lagnaux, Lamarre, Lecapitaine, Lefevere, Leroy, Leurquin, Lhost, Liebrecht, Liesse, Lood - Macaux, Malcore, Mali, Marchant, Maricq, Martin, Massaux, Mass\u00e9, Massy, Masy, Mathot, Matile, Messmer, Michiels, Moreau, Morell, Moureau - Nelis, No\u00ebl, Nys - P\u00e2ques, Pennings, Pensis, Perrodin, Petiniot, Petiriot, Phliesse, Pierard, Ploegaerts, Poncelet, Ponthoz - Ralet, Remy, Reuleaux, Rockford - Sabbe, Sangers, Smits, Stock, Strauss, Strecker, Streyckmans, Surprise - Tarlier, Thielens, Thiry, Tiberghien, Tonet - Van Asseldonk, Van Biesbroeck, Van den Elsen, Van der Belen, Van der Elsen, Van der Straten, Van Dyck, Vander Niessen, Vandries, Vanerum, Vincent, Vleugels - Warichet, Wauters.<\/span><\/div>\n<\/div>\n<div><\/div>\n<div>\n<p><span style=\"font-family: arial, helvetica, sans-serif;\"><b><span style=\"color: #ff0000;\">Jean Martin,\u00a0<i>Illuminazione stradale a Wavre nel 1787<\/i>, Wavriensia Tome VI 1957 n\u00b0 9, pp : 129-132<\/span><\/b><\/span><\/p>\n<p><span style=\"font-family: arial, helvetica, sans-serif;\">Allard - Barbier, Boisacq, Bosch - Delescailles, Donglebert - Fortamps, Fortune - Lacroix - Martin, Matty, Mercier - Pierson - Renson - Sablon, Sambon - Vandamme, Vandooren.<\/span><\/p>\n<\/div>\n<div><span style=\"font-family: arial, helvetica, sans-serif; color: #ff0000;\"><b>N.N.,\u00a0<i>Assemblea generale del 12 dicembre 1957<\/i>Wavriensia Tome VI 1957 n\u00b0 9, pp : 132-135<\/b><\/span><\/div>\n<div><\/div>\n<div>\n<div><span style=\"font-family: arial, helvetica, sans-serif;\">Aerens, Antoine - Barbay, Boudringhien, Bourguignon, Brasseur - Capart, Charlier, Cox - De Jonghe d'Ardoye, De Mesny, de Pattur, de Pinchart, Decorte, Devos, Dopagne, Doppagne, Du Monceau de Bergendael, du Vieusart, Dubuisson - Fabry - Goedmacker - Hulet - Lamoureux, Lannoye - Madoux, Maret, Martin, Mathot, Mercennier, Palange, Pinpurniaux, Poche - Radar - Schauwers, Sommerijn, Steenebrugen, Stevens - Verschaeren - William,<\/span><\/div>\n<\/div>\n<\/div>","protected":false},"excerpt":{"rendered":"<p>&nbsp; F. COLLON,\u00a0Les Armes de Wavre, Wavriensia Tome VI 1957 n\u00b0 1, pp : 1-3 Boisacq &#8211; Collon &#8211; de Tecklenbourg &#8211; Galbreath, Grandjean &#8211; Paillot &#8211; Roelop -Valckenborg. Charles [&hellip;]<\/p>\n","protected":false},"author":2,"featured_media":4717,"comment_status":"closed","ping_status":"open","sticky":false,"template":"","format":"standard","meta":{"_et_pb_use_builder":"","_et_pb_old_content":"","_et_gb_content_width":"","footnotes":""},"categories":[257,19,93,251,118],"tags":[],"class_list":["post-4692","post","type-post","status-publish","format-standard","has-post-thumbnail","hentry","category-association-belges","category-bibliotheque-de-geniwal","category-nos-pistes","category-numerique","category-wavriensia","et-has-post-format-content","et_post_format-et-post-format-standard"],"aioseo_notices":[],"_links":{"self":[{"href":"https:\/\/geniwal.be\/it\/wp-json\/wp\/v2\/posts\/4692","targetHints":{"allow":["GET"]}}],"collection":[{"href":"https:\/\/geniwal.be\/it\/wp-json\/wp\/v2\/posts"}],"about":[{"href":"https:\/\/geniwal.be\/it\/wp-json\/wp\/v2\/types\/post"}],"author":[{"embeddable":true,"href":"https:\/\/geniwal.be\/it\/wp-json\/wp\/v2\/users\/2"}],"replies":[{"embeddable":true,"href":"https:\/\/geniwal.be\/it\/wp-json\/wp\/v2\/comments?post=4692"}],"version-history":[{"count":0,"href":"https:\/\/geniwal.be\/it\/wp-json\/wp\/v2\/posts\/4692\/revisions"}],"wp:featuredmedia":[{"embeddable":true,"href":"https:\/\/geniwal.be\/it\/wp-json\/wp\/v2\/media\/4717"}],"wp:attachment":[{"href":"https:\/\/geniwal.be\/it\/wp-json\/wp\/v2\/media?parent=4692"}],"wp:term":[{"taxonomy":"category","embeddable":true,"href":"https:\/\/geniwal.be\/it\/wp-json\/wp\/v2\/categories?post=4692"},{"taxonomy":"post_tag","embeddable":true,"href":"https:\/\/geniwal.be\/it\/wp-json\/wp\/v2\/tags?post=4692"}],"curies":[{"name":"wp","href":"https:\/\/api.w.org\/{rel}","templated":true}]}}