{"id":492,"date":"2013-07-14T20:05:44","date_gmt":"2013-07-14T18:05:44","guid":{"rendered":"https:\/\/geniwal.be\/?p=492"},"modified":"2019-04-06T20:05:53","modified_gmt":"2019-04-06T18:05:53","slug":"abbayes-couvents-commanderies","status":"publish","type":"post","link":"https:\/\/geniwal.be\/it\/nos-pistes\/non-classe\/abbayes-couvents-commanderies\/","title":{"rendered":"Abbazie, conventi e commende"},"content":{"rendered":"<p>Repertorio sistematico dei fondi e delle collezioni disponibili presso l'Archivio di Stato di Tournai per le abbazie, i conventi e le commende.<br \/>\n<strong>Nella giurisdizione di Ath :<br \/>\nFrati minori<\/strong>, <em>1448 (1 articolo)<\/em>.<br \/>\nComunit\u00e0 dell'Ordine di San Francesco fondata nel 1446, poi R\u00e9collets nel 1627; soppressa nel 1796.<br \/>\n<strong>Suore grigie<\/strong>, <em>1784-1786 (1 articolo)<\/em>.<br \/>\nComunit\u00e0 di monache del Terzo Ordine di San Francesco, fondata nel 1627; soppressa sotto Giuseppe II.<br \/>\n<strong>Gesuiti<\/strong>, <em>1775-1779 (2 articoli)<\/em>.<br \/>\nComunit\u00e0 della Compagnia di Ges\u00f9 fondata nel 1621; soppressa nel 1774.<br \/>\n<strong>Nella giurisdizione<\/strong> <strong>Chercq<\/strong> :<br \/>\n<strong>Certosa di Mont-Saint-Andr\u00e9<\/strong>, <em>XIV<sup>e<\/sup> - XVIII<sup>e<\/sup> secolo (3 voci)<\/em>.<br \/>\nComunit\u00e0 di uomini dell'ordine certosino, fondata da Jean de Werchin<sup>1<\/sup>seneschal dell'Hainaut, e Chr\u00e9tien de Ghistelles<sup>2<\/sup> nel 1376; abolito nel 1783.<br \/>\n<strong>Nella giurisdizione<\/strong> <strong>Ghislengien :<\/strong><br \/>\n<strong>Abbazia di Notre-Dame<\/strong>, <em>1132-1797 (36 carte); 1132-XVIII<sup>e<\/sup> (12 articoli)<\/em>.<br \/>\nAbbazia di nobili monache benedettine, fondata da Ide de Chi\u00e8vres<sup>3<\/sup> e Ide d'Ath nel 1123; abolito nel 1796.<br \/>\nR. DOEHAERD, Inventaire sommaire des archives eccl\u00e9siastiques du Hainaut, 1 vol. in-4\u00b0.<br \/>\nL. BAUDELET, <em>Cartulaire de l'abbaye de Ghislenghien, negli Archives de l'\u00c9tat di Mons, nel bollettino della Soci\u00e9t\u00e9 Historique et Litt\u00e9raire de Tournai<\/em>t. XIV, 1870, p.119-202.<br \/>\n<strong>Nella giurisdizione di Kain :<\/strong><br \/>\n<strong>Abbazia di Saulchoir<\/strong>, <em>1650 (1<\/em> articolo)<br \/>\nAbbazia<em> di monache cistercensi, fondata da Jean e Agn\u00e8s A le Take nel 1233; soppressa nel 1233.<\/em> 1797.<br \/>\n<strong>In<\/strong><strong> la giurisdizione di P\u00e9rulwelz :<\/strong><em>\u00a0<\/em><br \/>\n<strong>Brigantini<\/strong>, <em>1659 (1<\/em> articolo).<br \/>\nComunit\u00e0 fondata da Luigi d'Egmont, signore di P\u00e9rulwez, nel 1628; abolita nel 1784.<br \/>\n<strong>In<\/strong><strong> la giurisdizione di Tournai :<br \/>\nAbbazia di Saint-Martin, <\/strong><em>814-1797 (34 articoli)<strong>.<br \/>\n<\/strong><\/em>Abbazia benedettina fondata da Odone, scolaro del capitolo della cattedrale, nel 1092; abolita nel 1796.<br \/>\nA. D'Herbomez, <em>Carte dell'abbazia di Saint-Martin di Tournai<\/em>2 vol. in-4\u00b0, Bruxelles, CRH, 1898-1901.<br \/>\nA. D'Haenens, <em>Conti e documenti di Saint-Martin de Tournai sotto l'amministrazione dei guardiani reali (1312-1355)<\/em>1 vol. in-8\u00b0, Bruxelles, CRH, 1962.<br \/>\n<strong>Augustin<\/strong>, <em>1614 (1 articolo).<\/em><br \/>\nComunit\u00e0 di uomini dell'ordine degli Eremiti di Sant'Agostino, fondata alla fine del XIII secolo.<sup>e<\/sup> secolo, abolita nel 1797.<br \/>\n<strong>Fuori campo<\/strong> :<br \/>\n<strong>Anchin : Abbazia di<\/strong>, <em>1659-1697 (1 articolo)<\/em>.<br \/>\nAbbazia benedettina fondata nel 1079; soppressa nel 1792.<br \/>\nLiessies : Abbaye de, <em>1625-1627 (2 articoli)<\/em>.<br \/>\nAbbazia benedettina fondata intorno al 764; soppressa durante la Rivoluzione francese.<br \/>\n<strong>Reims: Abbazia di Saint-Thierry<\/strong>, <em>1764-1766 (1 articolo)<\/em>.<br \/>\nFondazione VI<sup>e<\/sup> secolo (?), divenne un'abbazia benedettina nel X secolo.<sup>e<\/sup> secolo; distrutto nel 1786.<br \/>\n<strong><\/strong><br \/>\n<strong><sup>3<\/sup> Matita genealogica di Ide d'Ath<\/strong> (Questa genealogia o matita genealogica deve essere riciclata. \u00c8 necessario chiarire il contenuto)<br \/>\n<strong>Ide d'Ath <\/strong>circa 1080 figlia di <strong>Wauthie<\/strong>r, Signore di Roeulx d'Ath, Signore di Roeulx e Ade Ada <strong>de Roucy (da Montdidier?)<\/strong> morto nel 1135 sposato con <strong>Goswin II<\/strong> <strong>di Mons<\/strong> figli di <strong>Gossuin I<\/strong> di Mons e Ermengarde <strong>de Chaumont<\/strong> 1065 circa - ????<br \/>\nFiglio di questa unione : <strong>Goswin III de Mons<\/strong>Sire di Ha\u00ffnin 1120-1177<br \/>\nsi spos\u00f2 per la seconda volta con Guy de Chi\u00e8vres, figlio di Dietrich van (von) Peteghem e Adelendis de Chi\u00e8vres.<br \/>\nFiglio di questo secondo matrimonio :<br \/>\nIde de Chi\u00e8vres circa 1100<br \/>\nEve de Chi\u00e8vres * circa 1120 figlia di Rasse III, signore di Gavre e Harelbeke sposata in seconde nozze con Gilles, signore di Berlaymont sposata in terze nozze con Nicolas III de Rumigny, signore di Rumigny, Chi\u00e8vres e Florennes<br \/>\n<strong><sup>4<\/sup><\/strong> Nel 1628, Luigi d'Egmont, duca di Guelders e marito di Maria Margherita di Berlaymont, cedette ai Padri dell'Ordine del Santo Salvatore, detti Sainte-Brigitte d'Armenti\u00e8res, tutti i terreni e le rendite dell'ospedale di P\u00e9ruwelz, fondato e dotato nel 1308 da Baldovino di P\u00e9ruwelz e da sua moglie Isabella di Roeulx, a condizione che vi fondassero un convento. Nel XVIII secolo, i Brigantini costruirono una cappella (1757), che li costrinse a contrarre debiti che non furono mai in grado di ripagare. Nel 1784 il loro convento fu soppresso. Nel 1641, Ambroise de Cro\u00ff, conte di Solre, acquist\u00f2 le terre e il castello, che fece ristrutturare l'anno successivo.<br \/>\nFonti :<br \/>\n<a href=\"http:\/\/www.geneall.net\/W\/per_page.php?id=993120\">http:\/\/www.geneall.net\/W\/per_page.php?id=993120<br \/>\nhttp:\/\/peruwelz.blogs.sudinfo.be\/peruwelz-petit-bout-d-histoire.html<\/a><br \/>\nEstratto: AGR, Les archives de l'\u00c9tat dans les provinces, Aper\u00e7u des fonds et collections, II, Les provinces Wallonnes, Bruxelles, 1975<br \/>\n&nbsp;<br \/>\n&nbsp;<br \/>\n&nbsp;<\/p>","protected":false},"excerpt":{"rendered":"<p>R\u00e9pertoire syst\u00e9matique des fonds et collections disponible aux archives de l\u2019\u00c9tat de Tournai pour les abbayes, couvents, commanderies Dans le ressort (juridiction) d\u2019Ath : Fr\u00e8res Mineurs, 1448 (1 article). Communaut\u00e9 [&hellip;]<\/p>\n","protected":false},"author":2,"featured_media":9022,"comment_status":"closed","ping_status":"closed","sticky":false,"template":"","format":"standard","meta":{"_et_pb_use_builder":"","_et_pb_old_content":"","_et_gb_content_width":"","footnotes":""},"categories":[1],"tags":[],"class_list":["post-492","post","type-post","status-publish","format-standard","has-post-thumbnail","hentry","category-non-classe","et-has-post-format-content","et_post_format-et-post-format-standard"],"aioseo_notices":[],"_links":{"self":[{"href":"https:\/\/geniwal.be\/it\/wp-json\/wp\/v2\/posts\/492","targetHints":{"allow":["GET"]}}],"collection":[{"href":"https:\/\/geniwal.be\/it\/wp-json\/wp\/v2\/posts"}],"about":[{"href":"https:\/\/geniwal.be\/it\/wp-json\/wp\/v2\/types\/post"}],"author":[{"embeddable":true,"href":"https:\/\/geniwal.be\/it\/wp-json\/wp\/v2\/users\/2"}],"replies":[{"embeddable":true,"href":"https:\/\/geniwal.be\/it\/wp-json\/wp\/v2\/comments?post=492"}],"version-history":[{"count":0,"href":"https:\/\/geniwal.be\/it\/wp-json\/wp\/v2\/posts\/492\/revisions"}],"wp:featuredmedia":[{"embeddable":true,"href":"https:\/\/geniwal.be\/it\/wp-json\/wp\/v2\/media\/9022"}],"wp:attachment":[{"href":"https:\/\/geniwal.be\/it\/wp-json\/wp\/v2\/media?parent=492"}],"wp:term":[{"taxonomy":"category","embeddable":true,"href":"https:\/\/geniwal.be\/it\/wp-json\/wp\/v2\/categories?post=492"},{"taxonomy":"post_tag","embeddable":true,"href":"https:\/\/geniwal.be\/it\/wp-json\/wp\/v2\/tags?post=492"}],"curies":[{"name":"wp","href":"https:\/\/api.w.org\/{rel}","templated":true}]}}