{"id":652,"date":"2013-07-28T16:21:23","date_gmt":"2013-07-28T15:21:23","guid":{"rendered":"https:\/\/geniwal.be\/?p=652"},"modified":"2019-04-04T17:33:08","modified_gmt":"2019-04-04T15:33:08","slug":"institutions-regionales","status":"publish","type":"post","link":"https:\/\/geniwal.be\/it\/nos-pistes\/pistes-genealogiques-en-belgique\/institutions-regionales\/","title":{"rendered":"Istituzioni regionali"},"content":{"rendered":"<p>Ch\u00e2tellenie di Warneton, XVI<sup>e<\/sup>-XXVIII<sup>e<\/sup> secolo (2936 articoli).<br \/>\nEx signoria di alta giustizia staccata dalla ch\u00e2tellenie di Ypres ed eretta nel XIII secolo.<sup>e<\/sup> Fu riorganizzato nel 1771 e abolito nel 1794. Questa origine signorile ha imposto all'istituzione una costituzione territoriale e un'organizzazione interna specifiche.<br \/>\nIl suo territorio comprendeva due parti distinte:<br \/>\n1. parrocchie <strong>di Warneton, Kemmel e Wulvergem<\/strong><br \/>\n2. nove enclavi sparse nelle castellanie vicine; la riorganizzazione del 1771 cre\u00f2 un unico blocco composto dalle tre parrocchie sopra citate pi\u00f9 i villaggi vicini di <strong>Dranouter e Nieuwkerke<\/strong>.<br \/>\nAmministrativamente, questo gruppo di territori non costituiva una circoscrizione, ma un gruppo di otto circoscrizioni (cinque nel 1771) amministrate da collegi locali autonomi:<br \/>\n1. <b>La citt\u00e0 di Warneton<\/b>amministrato da un avvocato, sette assessori, sette consiglieri, un tesoriere, un ufficiale giudiziario e un messaggero.<br \/>\n2. <b>La parrocchia della fiera<\/b>nota anche come Warneton-dehors o Sept Gildes, che comprende il territorio della parrocchia al di fuori della citt\u00e0; \u00e8 amministrata da sette assessori, quattordici puntatori e un collettore. La citt\u00e0 e la parrocchia furono unite nel 1605.<br \/>\n3. <b>Le parrocchie<\/b>rami e territori che costituiscono il resto della ch\u00e2tellenie.<br \/>\nLa collezione \u00e8 stata trasferita dall'Archivio di Stato di Bruges nel 1970, ad eccezione di un centinaio di oggetti relativi a Dranouter, Kemmel, Nieuwkerke, Wijtschate e Wulvergem. Contiene anche gli archivi del tribunale feudale del Bourg de Warneton, oltre a documenti contemporanei relativi alla citt\u00e0.<br \/>\nSerie principale :<br \/>\n<b>Ch\u00e2tellenie, citt\u00e0, parrocchia foranea<br \/>\nAmministrazione, XVI<sup>e<\/sup>-XXVIII<sup>e<\/sup> secolo<br \/>\nCasi giudiziari, XVI-XVIII secolo<br \/>\nCorte feudale, XV<sup>e<\/sup>-XXVIII<sup>e<\/sup> secolo<br \/>\nCitt\u00e0 di Warneton, fine del XVIII secolo<sup>e<\/sup>-XIX<sup>e<\/sup> secolo<\/b><br \/>\nE. VANDEN BUSSCHE, Inventaire des archives de la ch\u00e2tellenie de Warnelon (1877), con supplementi e aggiunte di E.S\u00c2NDERS e A.VAN ZUYLEN VAN NYEVELT (1877-1911), 1 vol.in-4\u00b0.Vedi anche F,13.<\/p>","protected":false},"excerpt":{"rendered":"<p>Ch\u00e2tellenie de Warneton, XVIe-XVIIIe si\u00e8cle(2936 articles). Ancienne seigneurie de haute justice d\u00e9tach\u00e9e de la ch\u00e2tellenie d&rsquo;Ypres et \u00e9rig\u00e9e au cours du XIIIe s. en bailliage comtal, auquel on attribua plus [&hellip;]<\/p>\n","protected":false},"author":2,"featured_media":9022,"comment_status":"closed","ping_status":"closed","sticky":false,"template":"","format":"standard","meta":{"_et_pb_use_builder":"","_et_pb_old_content":"","_et_gb_content_width":"","footnotes":""},"categories":[6],"tags":[],"class_list":["post-652","post","type-post","status-publish","format-standard","has-post-thumbnail","hentry","category-pistes-genealogiques-en-belgique","et-has-post-format-content","et_post_format-et-post-format-standard"],"aioseo_notices":[],"_links":{"self":[{"href":"https:\/\/geniwal.be\/it\/wp-json\/wp\/v2\/posts\/652","targetHints":{"allow":["GET"]}}],"collection":[{"href":"https:\/\/geniwal.be\/it\/wp-json\/wp\/v2\/posts"}],"about":[{"href":"https:\/\/geniwal.be\/it\/wp-json\/wp\/v2\/types\/post"}],"author":[{"embeddable":true,"href":"https:\/\/geniwal.be\/it\/wp-json\/wp\/v2\/users\/2"}],"replies":[{"embeddable":true,"href":"https:\/\/geniwal.be\/it\/wp-json\/wp\/v2\/comments?post=652"}],"version-history":[{"count":0,"href":"https:\/\/geniwal.be\/it\/wp-json\/wp\/v2\/posts\/652\/revisions"}],"wp:featuredmedia":[{"embeddable":true,"href":"https:\/\/geniwal.be\/it\/wp-json\/wp\/v2\/media\/9022"}],"wp:attachment":[{"href":"https:\/\/geniwal.be\/it\/wp-json\/wp\/v2\/media?parent=652"}],"wp:term":[{"taxonomy":"category","embeddable":true,"href":"https:\/\/geniwal.be\/it\/wp-json\/wp\/v2\/categories?post=652"},{"taxonomy":"post_tag","embeddable":true,"href":"https:\/\/geniwal.be\/it\/wp-json\/wp\/v2\/tags?post=652"}],"curies":[{"name":"wp","href":"https:\/\/api.w.org\/{rel}","templated":true}]}}