{"id":658,"date":"2013-07-28T19:10:49","date_gmt":"2013-07-28T18:10:49","guid":{"rendered":"https:\/\/geniwal.be\/?p=658"},"modified":"2023-04-05T17:09:13","modified_gmt":"2023-04-05T15:09:13","slug":"association-genealogique-de-lanjou-agena","status":"publish","type":"post","link":"https:\/\/geniwal.be\/it\/nos-pistes\/associations\/association-genealogique-de-lanjou-agena\/","title":{"rendered":"Associazione Genealogica dell'Angi\u00f2 (AGENA)"},"content":{"rendered":"<p>L'Association G\u00e9n\u00e9alogique de l'Anjou, o A.G\u00e9n.A, \u00e8 un'associazione senza scopo di lucro disciplinata dalla legge del 1901, che riunisce genealogisti volontari interessati alla conservazione, alla promozione e alla trasmissione del nostro patrimonio scritto.<br \/>\nCon il sostegno del Conseil G\u00e9n\u00e9ral de Maine et Loire e del Comune di Angers, e in collaborazione con gli Archivi Dipartimentali e Comunali, sta lavorando collettivamente alla compilazione dei registri parrocchiali dell'Ancien R\u00e9gime e dei registri dello Stato Civile. I volontari si occupano della registrazione sistematica dei registri, mentre altri lavorano sui registri notarili dove i quaderni sono scomparsi o non esistono.<br \/>\nQueste dichiarazioni sono registrate e accessibili gratuitamente consultando il database.<br \/>\nL'Associazione partecipa a conferenze, mostre e forum locali e nazionali.<br \/>\nCerca inoltre la cooperazione tra i circoli genealogici per promuovere e facilitare la circolazione delle informazioni.<br \/>\nL'Associazione Genealogica Anjou<br \/>\nAlbergo di Livois<br \/>\n6 rue Emile Bordier<br \/>\n49100 Angers<br \/>\nTel : 02 41 87 90 88<br \/>\nPer e-mail : <a href=\"mailto:agena@agena49.org\">agena@agena49.org<\/a><br \/>\nSito web : <a href=\"http:\/\/www.agena49.org\/index.html\">http:\/\/www.agena49.org\/index.html<\/a><\/p>","protected":false},"excerpt":{"rendered":"<p>L&rsquo;Association G\u00e9n\u00e9alogique de l&rsquo;Anjou, ou A.G\u00e9n.A, est une association r\u00e9gie par la loi de 1901, \u00e0 but non lucratif, regroupant des g\u00e9n\u00e9alogistes b\u00e9n\u00e9voles soucieux de la sauvegarde, de la valorisation [&hellip;]<\/p>\n","protected":false},"author":2,"featured_media":1826,"comment_status":"closed","ping_status":"closed","sticky":false,"template":"","format":"standard","meta":{"_et_pb_use_builder":"","_et_pb_old_content":"","_et_gb_content_width":"","footnotes":""},"categories":[72],"tags":[],"class_list":["post-658","post","type-post","status-publish","format-standard","has-post-thumbnail","hentry","category-associations","et-has-post-format-content","et_post_format-et-post-format-standard"],"aioseo_notices":[],"_links":{"self":[{"href":"https:\/\/geniwal.be\/it\/wp-json\/wp\/v2\/posts\/658","targetHints":{"allow":["GET"]}}],"collection":[{"href":"https:\/\/geniwal.be\/it\/wp-json\/wp\/v2\/posts"}],"about":[{"href":"https:\/\/geniwal.be\/it\/wp-json\/wp\/v2\/types\/post"}],"author":[{"embeddable":true,"href":"https:\/\/geniwal.be\/it\/wp-json\/wp\/v2\/users\/2"}],"replies":[{"embeddable":true,"href":"https:\/\/geniwal.be\/it\/wp-json\/wp\/v2\/comments?post=658"}],"version-history":[{"count":0,"href":"https:\/\/geniwal.be\/it\/wp-json\/wp\/v2\/posts\/658\/revisions"}],"wp:featuredmedia":[{"embeddable":true,"href":"https:\/\/geniwal.be\/it\/wp-json\/wp\/v2\/media\/1826"}],"wp:attachment":[{"href":"https:\/\/geniwal.be\/it\/wp-json\/wp\/v2\/media?parent=658"}],"wp:term":[{"taxonomy":"category","embeddable":true,"href":"https:\/\/geniwal.be\/it\/wp-json\/wp\/v2\/categories?post=658"},{"taxonomy":"post_tag","embeddable":true,"href":"https:\/\/geniwal.be\/it\/wp-json\/wp\/v2\/tags?post=658"}],"curies":[{"name":"wp","href":"https:\/\/api.w.org\/{rel}","templated":true}]}}