{"id":662,"date":"2013-07-28T19:20:31","date_gmt":"2013-07-28T18:20:31","guid":{"rendered":"https:\/\/geniwal.be\/?p=662"},"modified":"2023-04-05T17:05:46","modified_gmt":"2023-04-05T15:05:46","slug":"le-cercle-genealogique-de-la-mayenne","status":"publish","type":"post","link":"https:\/\/geniwal.be\/it\/nos-pistes\/associations\/le-cercle-genealogique-de-la-mayenne\/","title":{"rendered":"Il Cercle G\u00e9n\u00e9alogique de la Mayenne (Francia)"},"content":{"rendered":"<p><span style=\"font-family: arial, helvetica, sans-serif;\">\u00c8 un'associazione senza scopo di lucro disciplinata dalla legge del 1901, che riunisce genealogisti volontari interessati a salvaguardare, promuovere e trasmettere il nostro patrimonio scritto.<\/span><br \/>\n<span style=\"font-family: arial, helvetica, sans-serif;\">L'associazione accoglie genealogisti e ricercatori dilettanti con l'obiettivo di aiutarsi a vicenda e di divulgare la genealogia.<\/span><br \/>\n<span style=\"font-family: arial, helvetica, sans-serif;\">Il legame permanente tra i membri \u00e8 la rivista trimestrale \"\u00a9 Itin\u00e9rage\". Pubblica le domande poste e le risposte fornite dai volontari o dai lettori stessi. Vi si trovano anche genealogie, testimonianze storiche e informazioni sulla vita dell'associazione. I contributi dei lettori sono accettati in base allo spazio e all'interesse.<\/span><br \/>\n<span style=\"font-family: arial, helvetica, sans-serif;\">L'associazione \u00e8 federata a livello nazionale.<\/span><br \/>\n<span style=\"font-family: arial, helvetica, sans-serif;\">Il Cercle G\u00e9n\u00e9alogique de la Mayenne<\/span><br \/>\n<span style=\"font-family: arial, helvetica, sans-serif;\">28 rue Henri de Gisors<\/span><br \/>\n<span style=\"font-family: arial, helvetica, sans-serif;\">53000 Laval<\/span><br \/>\n<span style=\"font-family: arial, helvetica, sans-serif;\">Tel: 00 33 2 43 53 39 98<\/span><br \/>\n<span style=\"font-family: arial, helvetica, sans-serif;\">Sito : <a href=\"http:\/\/www.genealogie-53.org\">http:\/\/www.genealogie-53.org<\/a><\/span><br \/>\n<span style=\"font-family: arial, helvetica, sans-serif;\">Posta :\u00a0 <a href=\"mailto:cgmayenne@yahoo.fr\">cgmayenne@yahoo.fr<\/a><\/span><\/p>","protected":false},"excerpt":{"rendered":"<p>Est une association r\u00e9gie par la loi de 1901, \u00e0 but non lucratif, regroupant des g\u00e9n\u00e9alogistes b\u00e9n\u00e9voles soucieux de la sauvegarde, de la valorisation et de la transmission du patrimoine [&hellip;]<\/p>\n","protected":false},"author":2,"featured_media":1808,"comment_status":"closed","ping_status":"closed","sticky":false,"template":"","format":"standard","meta":{"_et_pb_use_builder":"","_et_pb_old_content":"","_et_gb_content_width":"","footnotes":""},"categories":[72],"tags":[],"class_list":["post-662","post","type-post","status-publish","format-standard","has-post-thumbnail","hentry","category-associations","et-has-post-format-content","et_post_format-et-post-format-standard"],"aioseo_notices":[],"_links":{"self":[{"href":"https:\/\/geniwal.be\/it\/wp-json\/wp\/v2\/posts\/662","targetHints":{"allow":["GET"]}}],"collection":[{"href":"https:\/\/geniwal.be\/it\/wp-json\/wp\/v2\/posts"}],"about":[{"href":"https:\/\/geniwal.be\/it\/wp-json\/wp\/v2\/types\/post"}],"author":[{"embeddable":true,"href":"https:\/\/geniwal.be\/it\/wp-json\/wp\/v2\/users\/2"}],"replies":[{"embeddable":true,"href":"https:\/\/geniwal.be\/it\/wp-json\/wp\/v2\/comments?post=662"}],"version-history":[{"count":0,"href":"https:\/\/geniwal.be\/it\/wp-json\/wp\/v2\/posts\/662\/revisions"}],"wp:featuredmedia":[{"embeddable":true,"href":"https:\/\/geniwal.be\/it\/wp-json\/wp\/v2\/media\/1808"}],"wp:attachment":[{"href":"https:\/\/geniwal.be\/it\/wp-json\/wp\/v2\/media?parent=662"}],"wp:term":[{"taxonomy":"category","embeddable":true,"href":"https:\/\/geniwal.be\/it\/wp-json\/wp\/v2\/categories?post=662"},{"taxonomy":"post_tag","embeddable":true,"href":"https:\/\/geniwal.be\/it\/wp-json\/wp\/v2\/tags?post=662"}],"curies":[{"name":"wp","href":"https:\/\/api.w.org\/{rel}","templated":true}]}}