{"id":670,"date":"2013-07-28T20:07:41","date_gmt":"2013-07-28T19:07:41","guid":{"rendered":"https:\/\/geniwal.be\/?p=670"},"modified":"2019-04-04T17:30:13","modified_gmt":"2019-04-04T15:30:13","slug":"lhistoire-des-etats-du-cambresis-de-lartois-du-hainaut-de-la-flandre-du-tournaisis-et-du-brabant","status":"publish","type":"post","link":"https:\/\/geniwal.be\/it\/nos-pistes\/pistes-genealogiques-en-belgique\/lhistoire-des-etats-du-cambresis-de-lartois-du-hainaut-de-la-flandre-du-tournaisis-et-du-brabant\/","title":{"rendered":"La storia degli stati di Cambr\u00e9sis, Artois, Hainaut, Fiandre, Tournaisis e Brabante"},"content":{"rendered":"<p><strong>Considerazioni generali<br \/>\n<\/strong><br \/>\nL'origine degli Stati delle nostre province \u00e8 quasi altrettanto antica di quella degli Stati Generali della Francia, che non vanno confusi con le sue prime assemblee nazionali (1).<br \/>\nFu all'inizio del XIV<sup>e<\/sup> (2) che Filippo il Bello riun\u00ec per la prima volta i rappresentanti del clero, della nobilt\u00e0 e della borghesia. Le questioni che diede loro da risolvere erano puramente politiche; voleva avere una linea d'azione da seguire nella sua disputa con il Papa su un punto che era ancora in discussione f la separazione dei due poteri. Da quel momento in poi, la borghesia ebbe dei rappresentanti in tutti gli Estati Generali con il nome di deputati delle buone citt\u00e0.<br \/>\nA differenza degli Stati Generali, dove la borghesia era rappresentata e costituiva il terzo ordine, le assemblee nazionali dei primi secoli della nostra storia avevano solo due organi deliberanti, uno composto da rappresentanti del clero, l'altro della nobilt\u00e0.<br \/>\nOggi \u00e8 difficile stabilire quali citt\u00e0 inviarono deputati alla prima riunione degli Stati Generali e alle assemblee tenutesi nel corso del XIV secolo.<sup>e<\/sup> secolo, nel 1308, nel 1328 e nel 1355, non si pu\u00f2 negare che gi\u00e0 nel 1356 le citt\u00e0 di Lilla, Douai, Arras e Tournai (1 ) fossero in possesso di questo diritto.<br \/>\nIl 2 marzo 1350, il re Giovanni ordin\u00f2 ai suoi consiglieri, il vescovo di Evreux e R\u00e9mon de Bucy, di recarsi a Pont-Audemer, in Normandia, per convocare la nobilt\u00e0 e le comunit\u00e0 delle buone citt\u00e0 per deliberare sul sussidio che chiedeva loro. I delegati del re spiegarono ai deputati l'oggetto della riunione. Essi chiesero tempo per deliberare e, quando si presentarono il giorno stabilito, dopo aver esposto le loro rimostranze nei confronti degli ufficiali reali, si accordarono per un'imposizione di sei denari per libbra, che doveva durare un anno a partire dal 1\u00b0 maggio successivo e che, si riconobbe, avrebbe dovuto essere messa all'asta e sub-asta, al miglior offerente, per citt\u00e0 e per membro.<br \/>\nI nobili si presentarono allora. Su loro richiesta, fu dato loro tempo fino al giorno successivo per deliberare, e il giorno seguente acconsentirono all'imposizione di una tassa simile sui loro uomini di diritto, nelle loro terre e nella loro citt\u00e0 (2).<br \/>\n(1) \"Nel verbale del 1356 sono citate alcune delle citt\u00e0 che avevano inviato dei deputati, cio\u00e8 quelle di Amiens, Tournai, Douai, Lilla, Arras, ecc.<br \/>\n(2) Si veda l'opera intitolata \"Des Etats-G\u00e9n\u00e9raux et autres Assembl\u00e9es nationales\", edizione 1789, volume 8, pagine 10, 11 e 12.<br \/>\n<strong>Per saperne di pi\u00f9 :<\/strong><br \/>\n<a href=\"http:\/\/gallica.bnf.fr\/ark:\/12148\/bpt6k65329585\/f35.image.r=Histoire%20du%20tournaisis.langFR\">http:\/\/gallica.bnf.fr\/ark:\/12148\/bpt6k65329585\/f35.image.r=Histoire%20du%20tournaisis.langFR<\/a><br \/>\n<strong>\u00a0<\/strong><\/p>","protected":false},"excerpt":{"rendered":"<p>Consid\u00e9rations g\u00e9n\u00e9rales L&rsquo;origine des Etats de nos provinces est presqu&rsquo;aussi \u00a0ancienne que celle des Etats-G\u00e9n\u00e9raux de la France, qu&rsquo;il ne faut pas confondre avec ses premi\u00e8res assembl\u00e9es nationales (1). C&rsquo;est [&hellip;]<\/p>\n","protected":false},"author":2,"featured_media":9022,"comment_status":"closed","ping_status":"closed","sticky":false,"template":"","format":"standard","meta":{"_et_pb_use_builder":"","_et_pb_old_content":"","_et_gb_content_width":"","footnotes":""},"categories":[6],"tags":[],"class_list":["post-670","post","type-post","status-publish","format-standard","has-post-thumbnail","hentry","category-pistes-genealogiques-en-belgique","et-has-post-format-content","et_post_format-et-post-format-standard"],"aioseo_notices":[],"_links":{"self":[{"href":"https:\/\/geniwal.be\/it\/wp-json\/wp\/v2\/posts\/670","targetHints":{"allow":["GET"]}}],"collection":[{"href":"https:\/\/geniwal.be\/it\/wp-json\/wp\/v2\/posts"}],"about":[{"href":"https:\/\/geniwal.be\/it\/wp-json\/wp\/v2\/types\/post"}],"author":[{"embeddable":true,"href":"https:\/\/geniwal.be\/it\/wp-json\/wp\/v2\/users\/2"}],"replies":[{"embeddable":true,"href":"https:\/\/geniwal.be\/it\/wp-json\/wp\/v2\/comments?post=670"}],"version-history":[{"count":0,"href":"https:\/\/geniwal.be\/it\/wp-json\/wp\/v2\/posts\/670\/revisions"}],"wp:featuredmedia":[{"embeddable":true,"href":"https:\/\/geniwal.be\/it\/wp-json\/wp\/v2\/media\/9022"}],"wp:attachment":[{"href":"https:\/\/geniwal.be\/it\/wp-json\/wp\/v2\/media?parent=670"}],"wp:term":[{"taxonomy":"category","embeddable":true,"href":"https:\/\/geniwal.be\/it\/wp-json\/wp\/v2\/categories?post=670"},{"taxonomy":"post_tag","embeddable":true,"href":"https:\/\/geniwal.be\/it\/wp-json\/wp\/v2\/tags?post=670"}],"curies":[{"name":"wp","href":"https:\/\/api.w.org\/{rel}","templated":true}]}}