{"id":6849,"date":"2021-03-15T21:46:41","date_gmt":"2021-03-15T20:46:41","guid":{"rendered":"https:\/\/geniwal.be\/?p=6849"},"modified":"2025-12-17T20:55:10","modified_gmt":"2025-12-17T19:55:10","slug":"etat-civil-du-23-au-29-mai-1915-publie-dans-le-journal-lecho-de-liege","status":"publish","type":"post","link":"https:\/\/geniwal.be\/it\/nos-pistes\/pistes-genealogiques-en-belgique\/en-savoir-plus\/geniwal-magazine\/etat-civil-du-23-au-29-mai-1915-publie-dans-le-journal-lecho-de-liege\/","title":{"rendered":"Rapporto sullo stato civile dal 23 al 29 maggio 1915 pubblicato sul giornale l'Echo de Li\u00e8ge"},"content":{"rendered":"<p><img decoding=\"async\" class=\"aligncenter wp-image-227956 lazyload\" data-src=\"https:\/\/geniwal.be\/wp-content\/uploads\/2021\/03\/NK9Nk8UzYCx8Y9t3VWui.jpg\" alt=\"\" width=\"300\" height=\"402\" data-srcset=\"https:\/\/geniwal.be\/wp-content\/uploads\/2021\/03\/NK9Nk8UzYCx8Y9t3VWui.jpg 224w, https:\/\/geniwal.be\/wp-content\/uploads\/2021\/03\/NK9Nk8UzYCx8Y9t3VWui-9x12.jpg 9w, https:\/\/geniwal.be\/wp-content\/uploads\/2021\/03\/NK9Nk8UzYCx8Y9t3VWui-45x60.jpg 45w, https:\/\/geniwal.be\/wp-content\/uploads\/2021\/03\/NK9Nk8UzYCx8Y9t3VWui-67x90.jpg 67w\" data-sizes=\"(max-width: 300px) 100vw, 300px\" src=\"data:image\/svg+xml;base64,PHN2ZyB3aWR0aD0iMSIgaGVpZ2h0PSIxIiB4bWxucz0iaHR0cDovL3d3dy53My5vcmcvMjAwMC9zdmciPjwvc3ZnPg==\" style=\"--smush-placeholder-width: 300px; --smush-placeholder-aspect-ratio: 300\/402;\" \/><\/p>\n<p>&nbsp;<\/p>\n<p style=\"text-align: left;\"><span style=\"font-family: arial, helvetica, sans-serif; font-size: 18pt; color: #ff0000;\"><strong><u>Etat civil du 23 mai 1915 publi\u00e9 dans l\u2019Echo de Li\u00e8ge<br \/>\n<\/u><\/strong><\/span><span style=\"font-family: arial, helvetica, sans-serif;\"><strong><u><span style=\"font-size: 18pt; color: #ff0000;\">D\u00e9c\u00e8s :<\/span><\/u><\/strong><\/span><\/p>\n<p style=\"text-align: left;\"><span style=\"font-family: arial, helvetica, sans-serif;\"><span style=\"text-decoration: underline;\"><strong>COUNE<\/strong> <strong>Charles<\/strong><\/span>, 84 ans, \u00e9poux <strong>GILKIN<\/strong>, rue Paradis, 32.<br \/>\n<\/span><span style=\"font-family: arial, helvetica, sans-serif;\"><strong><u>BARVAUX<\/u><\/strong><u> <strong>Fran\u00e7ois<\/strong><\/u>, veuf <strong>GRISARD<\/strong> et Roch, rue du L&rsquo;aveu. 36.<br \/>\n<\/span><span style=\"font-family: arial, helvetica, sans-serif;\"><strong><u>GERARD<\/u><\/strong><u> <strong>Martin<\/strong><\/u>, bouilleur, 38 ans, \u00e9poux <strong>BEAUVOIS<\/strong>, \u00e0 Vottem.<br \/>\n<\/span><span style=\"font-family: arial, helvetica, sans-serif;\"><strong><u>REGAN William<\/u><\/strong>, soldat anglais, 3\u00e8me r\u00e9giment. Mommouth.<br \/>\n<\/span><span style=\"font-family: arial, helvetica, sans-serif;\"><strong><u>THIRY Berthe<\/u><\/strong>, 8 ans, rue B\u00e9auregard, 31.<br \/>\n<\/span><span style=\"font-family: arial, helvetica, sans-serif;\"><strong><u>TOBY Elisa<\/u><\/strong>, veuve <strong>DELSA<\/strong> 76 ans, boulevard d&rsquo;Avroy, 20.<br \/>\n<\/span><span style=\"font-family: arial, helvetica, sans-serif;\"><strong><u>EYGELHOVEN Elisabeth<\/u><\/strong>, veuve <strong>VAN HELDEN<\/strong>, 67 ans, rue de Vis\u00e9, 14.<\/span><\/p>\n<p style=\"text-align: left;\"><span style=\"font-family: arial, helvetica, sans-serif;\"><u><span style=\"font-family: arial, helvetica, sans-serif; font-size: 18pt; color: #ff0000;\"><strong>Etat civil du 24 mai 1915 publi\u00e9 dans l\u2019Echo de Li\u00e8ge<br \/>\n<\/strong><\/span><span style=\"color: #ff0000;\"><strong><span style=\"font-size: 18pt;\">D\u00e9c\u00e8s :<\/span><\/strong><\/span><\/u><\/span><\/p>\n<p style=\"text-align: left;\"><span style=\"font-family: arial, helvetica, sans-serif;\"><strong><u>MORDANT Martin<\/u><\/strong>, armurier, 63 ans, \u00e9poux <strong>MARECHAL<\/strong>, rue Morinval, 32.<br \/>\n<\/span><span style=\"font-family: arial, helvetica, sans-serif;\"><strong><u>GOEDER Victorine<\/u><\/strong>, agent d&rsquo;assurances, 36 ans, veuve <strong>BROCK<\/strong>, \u00e9pouse <strong>WASEIGE<\/strong>, rue En Bois, 209.<br \/>\n<\/span><\/p>\n<p style=\"text-align: left;\"><span style=\"font-family: arial, helvetica, sans-serif; color: #ff0000;\"><strong><u><span style=\"font-family: arial, helvetica, sans-serif; font-size: 18pt;\">Etat civil du 25 mai 1915 publi\u00e9 dans l\u2019Echo de Li\u00e8ge<br \/>\n<\/span><span style=\"font-size: 18pt;\">D\u00e9c\u00e8s :<\/span><\/u><\/strong><\/span><\/p>\n<p style=\"text-align: left;\"><span style=\"font-family: arial, helvetica, sans-serif;\"><strong><u>DESCHAMPS Emile<\/u><\/strong>, percepteur de tramway, 34 ans, \u00e9poux <strong>LEPRINCE<\/strong>, rue du Pommier, 2.<br \/>\n<\/span><span style=\"font-family: arial, helvetica, sans-serif;\"><strong><u>JOIRIS Guillaume<\/u><\/strong>, 85 ans, c\u00e9libataire, Thier de la Chartreuse, 47.<br \/>\n<\/span><span style=\"font-family: arial, helvetica, sans-serif;\"><strong><u>BELCOUR Louis<\/u><\/strong>, 68 ans, veuf <strong>GREGOIRE<\/strong>, rue Basse Wez, 155.<br \/>\n<\/span><span style=\"font-family: arial, helvetica, sans-serif;\"><strong><u>SOMMERS L\u00e9opold<\/u><\/strong>, ouvrier brasseur, 71 ans, veuf Robert, \u00e9poux <strong>HABRAN<\/strong>, passage Lemonnier, 2.<br \/>\n<\/span><span style=\"font-family: arial, helvetica, sans-serif;\"><strong><u>MULLER Auguste<\/u><\/strong>, soldat allemand.<br \/>\n<\/span><span style=\"font-family: arial, helvetica, sans-serif;\"><strong><u>CONRARDY Ad\u00e8le<\/u><\/strong>, 78 ans c\u00e9libataire, rue Trappe, 13.<br \/>\n<\/span><span style=\"font-family: arial, helvetica, sans-serif;\"><strong><u>COX Marie<\/u><\/strong>, 52 ans, \u00e9pouse <strong>SCHYNS<\/strong>, rue Combaire, 123.<\/span><\/p>\n<p style=\"text-align: left;\"><span style=\"text-decoration: underline;\"><strong><span style=\"font-family: arial, helvetica, sans-serif; font-size: 18pt; color: #ff0000; text-decoration: underline;\">Mariages<span style=\"color: #ff0000; text-decoration: underline;\"> :<\/span><\/span><\/strong><\/span><\/p>\n<p style=\"text-align: left;\"><span style=\"font-family: arial, helvetica, sans-serif;\"><strong><u>GOUARMALUSSE Louis<\/u><\/strong>, agent industriel, quai Mativa.x <strong>HELLENDAEL<\/strong> Irma, rue Varin, 91.<br \/>\n<\/span><span style=\"font-family: arial, helvetica, sans-serif;\"><strong><u>LATOUR Maurice<\/u><\/strong> cuisinier, rue Saint-Gilles, 10 x <strong><u>GHAYE Marie<\/u><\/strong>, servante, boulevard de la Sauveni\u00e8re, 186.<br \/>\n<\/span><span style=\"font-family: arial, helvetica, sans-serif;\"><strong><u>VANHAY Fran\u00e7ois<\/u><\/strong>, coiffeur rue Pierreuse, 31, divorc\u00e9 <strong>VAN NICKEL<\/strong> dit Valet x <strong>PINET Jeannette<\/strong>, ouvri\u00e8re de fabrique m\u00eame rue, divorc\u00e9e <strong>MATHYS.<\/strong><\/span><\/p>\n<p style=\"text-align: left;\"><span style=\"font-family: arial, helvetica, sans-serif;\"><strong><u><span style=\"font-family: arial, helvetica, sans-serif; font-size: 18pt; color: #ff0000;\">Etat civil du 26 mai 1915 publi\u00e9 dans l\u2019Echo de Li\u00e8ge<br \/>\n<\/span><span style=\"font-size: 18pt; color: #ff0000;\">D\u00e9c\u00e8s :<\/span><\/u><\/strong>:<strong><u><br \/>\n<\/u><\/strong><\/span><\/p>\n<p style=\"text-align: left;\"><span style=\"font-family: arial, helvetica, sans-serif;\"><span style=\"text-decoration: underline;\"><strong>LECRENIERE Marguerite<\/strong><\/span>, Tailleuse, 24 ans rue Latour, 32, c\u00e9libataire.<\/span><\/p>\n<p style=\"text-align: left;\"><span style=\"font-family: arial, helvetica, sans-serif;\"><strong><u><span style=\"font-family: arial, helvetica, sans-serif; font-size: 18pt; color: #ff0000;\">Etat civil du 27 mai 1915 publi\u00e9 dans l\u2019Echo de Li\u00e8ge<br \/>\n<\/span><span style=\"font-size: 18pt; color: #ff0000;\">D\u00e9c\u00e8s :<\/span><\/u><\/strong>:<\/span><\/p>\n<p style=\"text-align: left;\"><span style=\"font-family: arial, helvetica, sans-serif;\"><strong><u>ORBAN<\/u><\/strong><strong><u> Louis<\/u><\/strong>, charretier 40 ans, rue du Coq, 38, \u00e9poux <strong>VERHELST.<br \/>\n<u>COLIARD Marie<\/u><\/strong>, sans profession 64 ans, rue Roture. 25, veuve <strong>DAFFE<\/strong>, divorc\u00e9e de <\/span><strong><span style=\"font-family: arial, helvetica, sans-serif;\">LEJARD.<\/span><br \/>\n<\/strong><\/p>\n<p style=\"text-align: left;\"><span style=\"font-family: arial, helvetica, sans-serif;\"><strong><u><span style=\"font-family: arial, helvetica, sans-serif; font-size: 18pt; color: #ff0000;\">Etat civil du 28 mai 1915 publi\u00e9 dans l\u2019Echo de Li\u00e8ge<br \/>\n<\/span><span style=\"font-size: 18pt; color: #ff0000;\">D\u00e9c\u00e8s :<\/span><\/u><\/strong>:<\/span><\/p>\n<p style=\"text-align: left;\"><span style=\"font-family: arial, helvetica, sans-serif;\"><strong><u>MICHIELS Bernard<\/u><\/strong>, 70 ans, impasse Nihard, 11, \u00e9poux <strong>HAPEN.<br \/>\n<\/strong><\/span><span style=\"font-family: arial, helvetica, sans-serif;\"><strong><u>PAPPAERT Adolphe<\/u><\/strong>, sans profession, 79 ans, rue Fosses aux Raines, 18, veuf <strong>CAMPE<\/strong> et <strong>SAUVENAY.<\/strong><\/span><br \/>\n<span style=\"font-family: arial, helvetica, sans-serif;\"><strong><u>SEUTRON Emile<\/u><\/strong>, greffier pensionn\u00e9, 71 ans, rue des Guillemins, 37, veuf <strong>TOMBEUR, FRANKIGNOUL <\/strong>et<strong> FIVE.<br \/>\n<\/strong><\/span><span style=\"font-family: arial, helvetica, sans-serif;\"><strong><u>DREESSENS Lucien<\/u><\/strong>, n\u00e9gociant, 49 ans, rue Jean d\u2019Outre-Meuse, 19, \u00e9poux de <strong>MUYTSENS.<br \/>\n<\/strong><\/span><span style=\"font-family: arial, helvetica, sans-serif;\"><strong><u>BOSSEREZ Laure<\/u><\/strong>, 55 ans, rue des Vennes, 58, \u00e9pouse <strong>HANNOSSET.<br \/>\n<\/strong><\/span><span style=\"font-family: arial, helvetica, sans-serif;\"><strong><u>BONHOMME Elise<\/u><\/strong>, 38 ans, rue des Buissons, 7\u00a0, \u00e9pouse <strong>ROSKIN.<br \/>\n<\/strong><\/span><span style=\"font-family: arial, helvetica, sans-serif;\"><strong><u>JOURNE MARIE<\/u><\/strong>, journali\u00e8re, 22. ans, rue Rouleau, 7, \u00e9pouse <strong>MAES.<\/strong><\/span><\/p>\n<p style=\"text-align: left;\"><strong><span style=\"font-family: arial, helvetica, sans-serif; font-size: 18pt; color: #ff0000;\">Mariages\u00a0:<\/span><\/strong><\/p>\n<p style=\"text-align: left;\"><span style=\"font-family: arial, helvetica, sans-serif;\"><strong><u>DUCHAMPS Edouard<\/u><\/strong>, ouvrier boulanger, rue Bas-Rhieux, 33 x <strong><u>AERTS Marie<\/u><\/strong>, couturi\u00e8re rue Hesbaye, 27.<br \/>\n<\/span><span style=\"font-family: arial, helvetica, sans-serif;\"><strong><u>KREUSCH Robert<\/u><\/strong>, infirmier, rue Montagne Sainte Walburge, 2 x <strong><u>VROESCH Marie<\/u><\/strong>, fille de quartier, rue Fusch, 10.<br \/>\n<\/span><span style=\"font-family: arial, helvetica, sans-serif;\"><strong><u>BAIWIR Alexandre<\/u><\/strong>, gar\u00e7on de caf\u00e9, rue de l&rsquo;Etuve, 13, x <strong><u>COLIARD Marie<\/u><\/strong>, journali\u00e8re, m\u00eame rue.<br \/>\n<\/span><span style=\"font-family: arial, helvetica, sans-serif;\"><strong><u>WAUB Albert<\/u><\/strong>, ouvrier de fabrique, rue du Laveu, 83, x <strong><u>COLLARD Gulllemine<\/u><\/strong>, ouvri\u00e8re de filature, m\u00eame rue.<br \/>\n<\/span><span style=\"font-family: arial, helvetica, sans-serif;\"><strong><u>BERTRAND Florent<\/u><\/strong>, poseur \u00e0 l&rsquo;Administration des t\u00e9l\u00e9graphes, rue Saint-Maur, 14, x <strong><u>BARONHEID Jeanne<\/u><\/strong>, femme de charge, m\u00eame rue.<br \/>\n<\/span><span style=\"font-family: arial, helvetica, sans-serif;\"><strong><u>BOUKET Georges,<\/u><\/strong> ouvrier d&rsquo;usine, rue Saint[1]L\u00e9onard, 308 x <strong><u>D&rsquo;HEUR Marie<\/u><\/strong>, journali\u00e8re, m\u00eame rue.<br \/>\n<\/span><span style=\"font-family: arial, helvetica, sans-serif;\"><strong><u>BOURDOUX Gilles<\/u><\/strong>, employ\u00e9, rue Ferdinand Henaux, 3, veuf <strong>HEBERT<\/strong> x <strong><u>NIKELMAN Jos\u00e9phine<\/u><\/strong>, sans profession, m\u00eame rue.<br \/>\n<\/span><span style=\"font-family: arial, helvetica, sans-serif;\"><strong><u>GENOT Marcel<\/u><\/strong>, capitaine de remorqueur, rue Brahy, 25 x <strong><u>PEETERS Jeanne<\/u><\/strong>, sans profession, quai Coronmeuse, 2.<br \/>\n<\/span><span style=\"font-family: arial, helvetica, sans-serif;\"><strong><u>DUCHENE Hubert<\/u><\/strong>, jardinier \u00e0 Vaux-sous-Ch\u00e8vremont x <strong><u>JANSSEN Marthe<\/u><\/strong>, sans profession, rue Sainte-Walburge, 40.<br \/>\n<\/span><span style=\"font-family: arial, helvetica, sans-serif;\"><strong><u>DABE Th\u00e9odore<\/u><\/strong>, ouvrier mouleur en terre, cour Foidart, 9 x <strong><u>CLAES Marie<\/u><\/strong> journali\u00e8re, rue Burenville, 323.<br \/>\n<\/span><span style=\"font-family: arial, helvetica, sans-serif;\"><strong><u>GILSON Camille<\/u><\/strong>, surveillant d&rsquo;atelier, rue F\u00e9ronstr\u00e9e, 79 x <strong><u>HENKINET Clarisse<\/u><\/strong>, demoiselle de magasin, rue des Cloutiers.<\/span><\/p>\n","protected":false},"excerpt":{"rendered":"<p>&nbsp; Etat civil du 23 mai 1915 publi\u00e9 dans l\u2019Echo de Li\u00e8ge D\u00e9c\u00e8s : COUNE Charles, 84 ans, \u00e9poux GILKIN, rue Paradis, 32. BARVAUX Fran\u00e7ois, veuf GRISARD et Roch, rue [&hellip;]<\/p>\n","protected":false},"author":2,"featured_media":227956,"comment_status":"closed","ping_status":"open","sticky":false,"template":"","format":"standard","meta":{"_et_pb_use_builder":"","_et_pb_old_content":"","_et_gb_content_width":"","footnotes":""},"categories":[244],"tags":[],"class_list":["post-6849","post","type-post","status-publish","format-standard","has-post-thumbnail","hentry","category-geniwal-magazine","et-has-post-format-content","et_post_format-et-post-format-standard"],"aioseo_notices":[],"_links":{"self":[{"href":"https:\/\/geniwal.be\/it\/wp-json\/wp\/v2\/posts\/6849","targetHints":{"allow":["GET"]}}],"collection":[{"href":"https:\/\/geniwal.be\/it\/wp-json\/wp\/v2\/posts"}],"about":[{"href":"https:\/\/geniwal.be\/it\/wp-json\/wp\/v2\/types\/post"}],"author":[{"embeddable":true,"href":"https:\/\/geniwal.be\/it\/wp-json\/wp\/v2\/users\/2"}],"replies":[{"embeddable":true,"href":"https:\/\/geniwal.be\/it\/wp-json\/wp\/v2\/comments?post=6849"}],"version-history":[{"count":2,"href":"https:\/\/geniwal.be\/it\/wp-json\/wp\/v2\/posts\/6849\/revisions"}],"predecessor-version":[{"id":227957,"href":"https:\/\/geniwal.be\/it\/wp-json\/wp\/v2\/posts\/6849\/revisions\/227957"}],"wp:featuredmedia":[{"embeddable":true,"href":"https:\/\/geniwal.be\/it\/wp-json\/wp\/v2\/media\/227956"}],"wp:attachment":[{"href":"https:\/\/geniwal.be\/it\/wp-json\/wp\/v2\/media?parent=6849"}],"wp:term":[{"taxonomy":"category","embeddable":true,"href":"https:\/\/geniwal.be\/it\/wp-json\/wp\/v2\/categories?post=6849"},{"taxonomy":"post_tag","embeddable":true,"href":"https:\/\/geniwal.be\/it\/wp-json\/wp\/v2\/tags?post=6849"}],"curies":[{"name":"wp","href":"https:\/\/api.w.org\/{rel}","templated":true}]}}